{"id":137581,"date":"2026-01-14T21:46:17","date_gmt":"2026-01-14T21:46:17","guid":{"rendered":"https:\/\/www.europesays.com\/no\/137581\/"},"modified":"2026-01-14T21:46:17","modified_gmt":"2026-01-14T21:46:17","slug":"jeg-oppfordrer-radmannen-til-a-komme-arbeidstakerne-i-mote","status":"publish","type":"post","link":"https:\/\/www.europesays.com\/no\/137581\/","title":{"rendered":"Jeg oppfordrer r\u00e5dmannen til \u00e5 komme arbeidstakerne i m\u00f8te"},"content":{"rendered":"<p data-testid=\"textWithMarkup-markup\" data-v-62d58f52=\"\"><strong>Debattinnlegg av Steinar Wergeland<\/strong><\/p>\n<p data-testid=\"textWithMarkup-markup\" data-v-62d58f52=\"\">Det har kommet mange gode innlegg i avisen i det siste som beskriver en <a href=\"https:\/\/www.l-a.no\/tag\/turnus\/\" rel=\"noopener nofollow\" target=\"_blank\">vanskelig situasjon for turnusarbeidere<\/a> i Lindesnes kommune. I en kommune er det avgj\u00f8rende for god fungering over tid at tillit og medbestemmelse nedover i organisasjonen fungerer. <\/p>\n<p data-testid=\"textWithMarkup-text\" data-v-81d7dc2b=\"\" data-v-62d58f52=\"\">De ansatte m\u00e5 oppleve seg sett og h\u00f8rt og det b\u00f8r gis styringssignaler fra toppen om at man \u00f8nsker en kultur der man strekker seg for hverandre og pr\u00f8ver \u00e5 tilpasse ogs\u00e5 arbeidstakernes behov der dette er mulig. Vi trenger alle den trivsel og positive energi dette vil frigj\u00f8re.<\/p>\n<p data-testid=\"textWithMarkup-text\" data-v-81d7dc2b=\"\" data-v-62d58f52=\"\">Skal det gj\u00f8res innstramninger i arbeidslivets regler b\u00f8r dette bestemmes av sentrale myndigheter. <\/p>\n<p data-testid=\"textWithMarkup-text\" data-v-81d7dc2b=\"\" data-v-62d58f52=\"\">Lindesnes kommune har mye \u00e5 vinne p\u00e5 \u00e5 legge til rette for et godt arbeidsmilj\u00f8 og jeg vil oppfordre r\u00e5dmannen til \u00e5 komme arbeidstakerne i m\u00f8te i turnussaken og at politikerne arbeider for en tillitsbasert tiln\u00e6rming mellom partene og nedover i organisasjonen.<\/p>\n","protected":false},"excerpt":{"rendered":"Debattinnlegg av Steinar Wergeland Det har kommet mange gode innlegg i avisen i det siste som beskriver en&hellip;\n","protected":false},"author":2,"featured_media":137582,"comment_status":"","ping_status":"","sticky":false,"template":"","format":"standard","meta":{"footnotes":""},"categories":[10],"tags":[20,21,24,25,15,22,23,13,30,28,29,14,16,26,27],"class_list":{"0":"post-137581","1":"post","2":"type-post","3":"status-publish","4":"format-standard","5":"has-post-thumbnail","7":"category-norge","8":"tag-breaking-news","9":"tag-breakingnews","10":"tag-featured-news","11":"tag-featurednews","12":"tag-headlines","13":"tag-latest-news","14":"tag-latestnews","15":"tag-news","16":"tag-no","17":"tag-norge","18":"tag-norway","19":"tag-nyheter","20":"tag-overskrifter","21":"tag-top-stories","22":"tag-topstories"},"share_on_mastodon":{"url":"https:\/\/pubeurope.com\/@no\/115895650485832503","error":""},"_links":{"self":[{"href":"https:\/\/www.europesays.com\/no\/wp-json\/wp\/v2\/posts\/137581","targetHints":{"allow":["GET"]}}],"collection":[{"href":"https:\/\/www.europesays.com\/no\/wp-json\/wp\/v2\/posts"}],"about":[{"href":"https:\/\/www.europesays.com\/no\/wp-json\/wp\/v2\/types\/post"}],"author":[{"embeddable":true,"href":"https:\/\/www.europesays.com\/no\/wp-json\/wp\/v2\/users\/2"}],"replies":[{"embeddable":true,"href":"https:\/\/www.europesays.com\/no\/wp-json\/wp\/v2\/comments?post=137581"}],"version-history":[{"count":0,"href":"https:\/\/www.europesays.com\/no\/wp-json\/wp\/v2\/posts\/137581\/revisions"}],"wp:featuredmedia":[{"embeddable":true,"href":"https:\/\/www.europesays.com\/no\/wp-json\/wp\/v2\/media\/137582"}],"wp:attachment":[{"href":"https:\/\/www.europesays.com\/no\/wp-json\/wp\/v2\/media?parent=137581"}],"wp:term":[{"taxonomy":"category","embeddable":true,"href":"https:\/\/www.europesays.com\/no\/wp-json\/wp\/v2\/categories?post=137581"},{"taxonomy":"post_tag","embeddable":true,"href":"https:\/\/www.europesays.com\/no\/wp-json\/wp\/v2\/tags?post=137581"}],"curies":[{"name":"wp","href":"https:\/\/api.w.org\/{rel}","templated":true}]}}