{"id":137611,"date":"2026-01-14T22:17:09","date_gmt":"2026-01-14T22:17:09","guid":{"rendered":"https:\/\/www.europesays.com\/no\/137611\/"},"modified":"2026-01-14T22:17:09","modified_gmt":"2026-01-14T22:17:09","slug":"sovn-sokker-eksperten-oppfordrer-alle-til-a-sove-med-sokker","status":"publish","type":"post","link":"https:\/\/www.europesays.com\/no\/137611\/","title":{"rendered":"S\u00f8vn, Sokker | Eksperten oppfordrer alle til \u00e5 sove med sokker"},"content":{"rendered":"\n<p>Sokker i sengen? Den urgamle debatten splitter folket. Uansett hvem du sp\u00f8r, er svaret som regel det samme: \u00abMin m\u00e5te er riktig\u00bb.<\/p>\n<p>N\u00e5 f\u00e5r tilhengerne drahjelp fra vitenskapen, for det er gjort flere studier, med tydelige konklusjoner.<\/p>\n<p>Professor for Universitetet i Bergen (UiB) St\u00e5le Pallesen er helt klar p\u00e5 at det er bra for s\u00f8vnkvaliteten. Han forsker p\u00e5 s\u00f8vn og s\u00f8vnforstyrrelser og oppfordrer alle til \u00e5 teste ut \u00e5 sove med sokker.<\/p>\n<p><b>Les ogs\u00e5: <a class=\"simple-relation related-teaser article--c-eRUmMG article--c-eRUmMG-fZoQSp-design-nettavisen article--c-eRUmMG-gwthdJ-cv\" href=\"https:\/\/www.nettavisen.no\/n-av-fem-unge-sover-med-proppene-frarader-sterkt\/s\/5-95-2795953\" rel=\"nofollow noopener\" target=\"_blank\">\u00c9n av fem unge sover med proppene: \u2013 Frar\u00e5der sterkt<\/a><\/b><\/p>\n<p>Han forklarer til Nettavisen at n\u00f8kkelen til en god natts s\u00f8vn ligger i kroppens egen \u00abtermostat\u00bb. Her spiller f\u00f8ttene en avgj\u00f8rende hovedrolle. Det som skjer n\u00e5r du trer p\u00e5 deg sokkene, er nemlig en fysiologisk kjedereaksjon.<\/p>\n<p>Sokkene senker kjernetemperaturen<\/p>\n<p>Pallesen forklarer at n\u00e5r du kler p\u00e5 deg varme sokker, utvider blod\u00e5rene seg. Det gj\u00f8r de for \u00e5 \u00f8ke varmetapet. Dette sender avkj\u00f8lt blod tilbake til resten av kroppen, slik at kjernetemperaturen din synker.<\/p>\n<p>Kjernetemperaturen skal nemlig v\u00e6re relativt lav for \u00e5 oppn\u00e5 god s\u00f8vn.<\/p>\n<p>\u2013 N\u00e5r du varmer opp ekstremitetene, alts\u00e5 for eksempel f\u00f8ttene, tvinger du kjernetemperaturen ned, forklarer St\u00e5le Pallesen til Nettavisen.<\/p>\n<p>Dette fenomenet kan virke som et paradoks, at man m\u00e5 tilf\u00f8re varme for \u00e5 bli kald, men if\u00f8lge professoren er det nettopp dette varmetapet som signaliserer til hjernen at det er tid for hvile.<\/p>\n<p><b>Les ogs\u00e5: <a class=\"simple-relation related-teaser article--c-eRUmMG article--c-eRUmMG-fZoQSp-design-nettavisen article--c-eRUmMG-gwthdJ-cv\" href=\"https:\/\/www.nettavisen.no\/n-nei-gave-gar-igjen-helt-uaktuelt\/s\/5-95-2772547\" rel=\"nofollow noopener\" target=\"_blank\">\u00c9n nei-gave g\u00e5r igjen: \u2013 Helt uaktuelt<\/a><\/b><\/p>\n<p>Noen mener sokker i sengen er ekkelt<\/p>\n<p>Til tross for de fysiologiske fordelene, er det mange som rett og slett ikke kan fordra sokker under dynen, og noen reagerer til og med negativt p\u00e5 at andre gj\u00f8r det. Pallesen tror dette ofte handler om en forestilling om hygiene.<\/p>\n<p>\u2013 Mange tenker kanskje at det er de samme sokkene man har g\u00e5tt med hele dagen som blir med inn i sengen. Det oppleves naturlig nok som ekkelt for mange, p\u00e5peker han.<\/p>\n<p>I tillegg tror Pallesen p\u00e5 at mange rett og slett kan oppleve det som for varmt og klamt under dynen.<\/p>\n<p><b>Les ogs\u00e5: <a class=\"simple-relation related-teaser article--c-eRUmMG article--c-eRUmMG-fZoQSp-design-nettavisen article--c-eRUmMG-gwthdJ-cv\" href=\"https:\/\/www.nettavisen.no\/viktig-avstemning-er-det-greit-med-sokker-i-sandalene\/s\/5-95-2525984\" rel=\"nofollow noopener\" target=\"_blank\">Viktig avstemning: Er det greit med sokker i sandalene?<\/a><\/b><\/p>\n<p>30 grader inntil kroppen er ideelt<\/p>\n<p>Termon\u00f8ytralitet er et uttrykk Pallesen trekker fram.<\/p>\n<p>Dette er en tilstand der temperaturen helt inntil kroppen er ideell. Han sier at denne ligger p\u00e5 ca. 30 grader. Dette er slik at kroppen ikke trenger \u00e5 bruke energi p\u00e5 \u00e5 varme seg opp eller kj\u00f8le seg ned.<\/p>\n<p>Pallesen nevner ogs\u00e5 at et varmt bad to timer f\u00f8r leggetid, eller trening tidligere p\u00e5 dagen, kan gi samme effekt p\u00e5 kjernetemperaturen.<\/p>\n<p>Pallesen f\u00e5r st\u00f8tte fra den verdenskjente kirurgen Dr. Karan Rajan. Han har delt det samme r\u00e5det med sine 5,4 millioner f\u00f8lgere:<\/p>\n<p>\u2013 Ved \u00e5 varme opp f\u00f8ttene utvider du blod\u00e5rene, noe som hjelper kroppen med \u00e5 kj\u00f8le seg ned raskere, forklarer Rajan, som peker p\u00e5 n\u00f8yaktig samme fysiologiske effekt som den norske professoren.<\/p>\n<p><b>Snaaaart er det varmt ute igjen: <a class=\"simple-relation related-teaser article--c-eRUmMG article--c-eRUmMG-fZoQSp-design-nettavisen article--c-eRUmMG-gwthdJ-cv\" href=\"https:\/\/www.nettavisen.no\/brennhett-slik-sover-du-bedre-i-varmen\/s\/5-95-2532131\" rel=\"nofollow noopener\" target=\"_blank\">Slik sover du bedre i varmen<\/a><\/b><\/p>\n<p>    Vil du se neste video?<\/p>\n<p>    <a href=\"https:\/\/www.nettavisen.no\/nyheter\/marthe-episode-1-her-har-hun-tatt-det-drastiske-valget\/v\/5-95-1595278\" class=\"recommend-poster\" data-adp-clicklabel=\"video-recommend\" data-adp-clickvalue=\"poster\" rel=\"nofollow noopener\" target=\"_blank\"><br \/>\n      <img decoding=\"async\" width=\"200\" height=\"200\" loading=\"lazy\" src=\"https:\/\/www.europesays.com\/no\/wp-content\/uploads\/2026\/01\/ep1.jpg\" alt=\"\" class=\"brick-c-cFOWSL\" style=\"--brick-image-ratio: 200 \/ 200;\"\/><\/p>\n<p>Marthe &#8211; episode 1: Her har hun tatt det drastiske valget3:42<\/p>\n<p>    <\/a><\/p>\n","protected":false},"excerpt":{"rendered":"Sokker i sengen? Den urgamle debatten splitter folket. Uansett hvem du sp\u00f8r, er svaret som regel det samme:&hellip;\n","protected":false},"author":2,"featured_media":137612,"comment_status":"","ping_status":"","sticky":false,"template":"","format":"standard","meta":{"footnotes":""},"categories":[10],"tags":[20,21,24,25,15,22,23,13,30,28,29,14,16,26,27],"class_list":{"0":"post-137611","1":"post","2":"type-post","3":"status-publish","4":"format-standard","5":"has-post-thumbnail","7":"category-norge","8":"tag-breaking-news","9":"tag-breakingnews","10":"tag-featured-news","11":"tag-featurednews","12":"tag-headlines","13":"tag-latest-news","14":"tag-latestnews","15":"tag-news","16":"tag-no","17":"tag-norge","18":"tag-norway","19":"tag-nyheter","20":"tag-overskrifter","21":"tag-top-stories","22":"tag-topstories"},"share_on_mastodon":{"url":"https:\/\/pubeurope.com\/@no\/115895772309705255","error":""},"_links":{"self":[{"href":"https:\/\/www.europesays.com\/no\/wp-json\/wp\/v2\/posts\/137611","targetHints":{"allow":["GET"]}}],"collection":[{"href":"https:\/\/www.europesays.com\/no\/wp-json\/wp\/v2\/posts"}],"about":[{"href":"https:\/\/www.europesays.com\/no\/wp-json\/wp\/v2\/types\/post"}],"author":[{"embeddable":true,"href":"https:\/\/www.europesays.com\/no\/wp-json\/wp\/v2\/users\/2"}],"replies":[{"embeddable":true,"href":"https:\/\/www.europesays.com\/no\/wp-json\/wp\/v2\/comments?post=137611"}],"version-history":[{"count":0,"href":"https:\/\/www.europesays.com\/no\/wp-json\/wp\/v2\/posts\/137611\/revisions"}],"wp:featuredmedia":[{"embeddable":true,"href":"https:\/\/www.europesays.com\/no\/wp-json\/wp\/v2\/media\/137612"}],"wp:attachment":[{"href":"https:\/\/www.europesays.com\/no\/wp-json\/wp\/v2\/media?parent=137611"}],"wp:term":[{"taxonomy":"category","embeddable":true,"href":"https:\/\/www.europesays.com\/no\/wp-json\/wp\/v2\/categories?post=137611"},{"taxonomy":"post_tag","embeddable":true,"href":"https:\/\/www.europesays.com\/no\/wp-json\/wp\/v2\/tags?post=137611"}],"curies":[{"name":"wp","href":"https:\/\/api.w.org\/{rel}","templated":true}]}}