{"id":137615,"date":"2026-01-14T22:20:09","date_gmt":"2026-01-14T22:20:09","guid":{"rendered":"https:\/\/www.europesays.com\/no\/137615\/"},"modified":"2026-01-14T22:20:09","modified_gmt":"2026-01-14T22:20:09","slug":"arsenal-slo-chelsea-har-en-fot-i-ligacupfinalen","status":"publish","type":"post","link":"https:\/\/www.europesays.com\/no\/137615\/","title":{"rendered":"Arsenal slo Chelsea \u2013 har en fot i ligacup\u00adfinalen"},"content":{"rendered":"\n<p class=\"_lead_o9xde_2 _lead_xtcu6_50 layout-component text-serif-m layout-normal text-serif-l layout-component layout-wide layout-padded _wide_17hqh_1 layout-padded\">Men VAR-bruken i England skaper nok en gang debatt etter to mistenkelig like situasjoner \u2013 med vidt forskjellig utfall.<\/p>\n<p><img alt=\"\u00c9N GODKJENT, \u00c9N ANNULLERT: Viktor Gy\u00f6keres i offsideposisjon p\u00e5 bildet til venstre. Erling Braut Haaland i offsideposisjon til h\u00f8yre. Ingen av dem scoret de aktuelle m\u00e5lene. Foto: Skjermdump fra Viaplay\" class=\"_image_qp4xg_65 layout-component layout-wide\" data-fullscreen- data-track-element-type=\"Article image fullscreen\" data-track-name=\"ImageFullscreen\" fetchpriority=\"high\" decoding=\"sync\" loading=\"eager\" height=\"1668\" itemprop=\"image\"  src=\"https:\/\/www.europesays.com\/no\/wp-content\/uploads\/2026\/01\/5cc1f315-e166-4e32-b07f-ff8b76717257.jpeg\"  style=\"object-position:0% 0%\" width=\"2500\"\/>\u00c9N GODKJENT, \u00c9N ANNULLERT: Viktor Gy\u00f6keres i offsideposisjon p\u00e5 bildet til venstre. Erling Braut Haaland i offsideposisjon til h\u00f8yre. Ingen av dem scoret de aktuelle m\u00e5lene. Foto: Skjermdump fra Viaplay<\/p>\n<ul aria-hidden=\"true\" class=\"_images_ntbth_112\">\n<li><a class=\"_link_ntbth_117\" href=\"https:\/\/www.vg.no\/forfatter\/jens-friberg\" style=\"z-index:1\" title=\"Jens Friberg\" rel=\"nofollow noopener\" target=\"_blank\"><img alt=\"Bilde av Jens Friberg\" class=\"_image_ntbth_93\" fetchpriority=\"low\" loading=\"lazy\" decoding=\"async\" itemprop=\"image\"  src=\"https:\/\/www.europesays.com\/no\/wp-content\/uploads\/2026\/01\/1768429209_406_d5a4433c-4b68-4c86-a3bf-a19d98457272.jpeg\"  width=\"480\"\/><\/a><\/li>\n<\/ul>\n<p> Oppdatert onsdag 14. januar kl. 22:58     <\/p>\n<p class=\"_paragraph_o9xde_4 _paragraph_xtcu6_10 layout-component text-serif-m layout-normal text-serif-m layout-padded\">Ben White stanget Arsenal i f\u00f8ringen p\u00e5 kampens f\u00f8rste hj\u00f8rnespark.<\/p>\n<p class=\"_paragraph_o9xde_4 _paragraph_xtcu6_10 layout-component text-serif-m layout-normal text-serif-m layout-padded\">Men: Viktor Gy\u00f6keres var i offside. Hindret han Marc Guiu fra \u00e5 klarere ballen?<\/p>\n<p class=\"_paragraph_o9xde_4 _paragraph_xtcu6_10 layout-component text-serif-m layout-normal text-serif-m layout-padded\">Etter en lynrask VAR-sjekk ble m\u00e5let st\u00e5ende.<\/p>\n<p class=\"_paragraph_o9xde_4 _paragraph_xtcu6_10 layout-component text-serif-m layout-normal text-serif-m layout-padded\">Likheten til g\u00e5rsdagens annullerte Antoine Semenyo-scoring for Manchester City var imidlertid sl\u00e5ende. <\/p>\n<p class=\"_paragraph_o9xde_4 _paragraph_xtcu6_10 layout-component text-serif-m layout-normal text-serif-m layout-padded\">Der ble Erling Braut Haaland vurdert \u00e5 v\u00e6re i en straffbar offside-posisjon.<\/p>\n<p class=\"_paragraph_o9xde_4 _paragraph_xtcu6_10 layout-component text-serif-m layout-normal text-serif-m layout-padded\">Her er White-scoringen:<\/p>\n<p class=\"_paragraph_o9xde_4 _paragraph_xtcu6_10 layout-component text-serif-m layout-normal text-serif-m layout-padded\">Og her er Semenyo-annulleringen:<\/p>\n<p class=\"_paragraph_o9xde_4 _paragraph_xtcu6_10 layout-component text-serif-m layout-normal text-serif-m layout-padded\">BBC-reporter Dale Johnson \u2013 som skriver mye om VAR \u2013 poengterer at ett av problemene er at videod\u00f8mming kun er enda en subjektiv mening i slike tilfeller. <\/p>\n<p class=\"_paragraph_o9xde_4 _paragraph_xtcu6_10 layout-component text-serif-m layout-normal text-serif-m layout-padded\">Han tror Englands dommerorgan har \u00f8nsket f\u00e6rre langvarige gjennomganger. Som den til Semenyo i g\u00e5r, som tok nesten seks minutter.<\/p>\n<p class=\"_paragraph_o9xde_4 _paragraph_xtcu6_10 layout-component text-serif-m layout-normal text-serif-m layout-padded\">Likevel, poengterer Johnson, er ikke poenget at man skal f\u00f8lge opp en feilaktig offside-avgj\u00f8relse fra i g\u00e5r med en ny en i dag.<\/p>\n<p class=\"_paragraph_o9xde_4 _paragraph_xtcu6_10 layout-component text-serif-m layout-normal text-serif-m layout-padded\">\u00abMan \u00f8nsker at det skal v\u00e6re konsekvent riktig, ikke konsekvent feil\u00bb, skriver Johnson p\u00e5 X.<\/p>\n<p class=\"_paragraph_o9xde_4 _paragraph_xtcu6_10 layout-component text-serif-m layout-normal text-serif-m layout-padded\">Ogs\u00e5 i sosiale medier g\u00e5r debatten om hvorfor City f\u00e5r sin scoring annullert, mens Arsenals blir st\u00e5ende.<\/p>\n<p class=\"_paragraph_o9xde_4 _paragraph_xtcu6_10 layout-component text-serif-m layout-normal text-serif-m layout-padded\">N\u00e5, vel. <\/p>\n<p class=\"_paragraph_o9xde_4 _paragraph_xtcu6_10 layout-component text-serif-m layout-normal text-serif-m layout-padded\">Robert S\u00e1nchez fomlet bort ballen og gjorde at Viktor Gy\u00f6keres kunne sette en etterlengtet scoring i andre omgang.<\/p>\n<p class=\"_paragraph_o9xde_4 _paragraph_xtcu6_10 layout-component text-serif-m layout-normal text-serif-m layout-padded\">Like etter reduserte innbytter Alejandro Garnacho til 1\u20132. <\/p>\n<p class=\"_paragraph_o9xde_4 _paragraph_xtcu6_10 layout-component text-serif-m layout-normal text-serif-m layout-padded\">Chelsea-h\u00e5pet var imidlertid kortlivet. <\/p>\n<p class=\"_paragraph_o9xde_4 _paragraph_xtcu6_10 layout-component text-serif-m layout-normal text-serif-m layout-padded\">Mart\u00edn Zubimendi avsluttet et str\u00e5lende Arsenal-angrep og \u00abThe Gunners\u00bb har en fot godt plassert i ligacupfinalen.<\/p>\n<p class=\"_paragraph_o9xde_4 _paragraph_xtcu6_10 layout-component text-serif-m layout-normal text-serif-m layout-padded\">Det til tross for at Garnacho reduserte for andre gang like f\u00f8r slutt.<\/p>\n<p class=\"_paragraph_o9xde_4 _paragraph_xtcu6_10 layout-component text-serif-m layout-normal text-serif-m layout-padded\">Chelsea-sjef Liam Rosenior manglet flere n\u00f8kkelspillere til sin f\u00f8rste kamp p\u00e5 Stamford Bridge.<\/p>\n<p class=\"_paragraph_o9xde_4 _paragraph_xtcu6_10 layout-component text-serif-m layout-normal text-serif-m layout-padded\">Cole Palmer og Reece James var blant de som s\u00e5 hele kampen fra sidelinjen.<\/p>\n<p class=\"_paragraph_o9xde_4 _paragraph_xtcu6_10 layout-component text-serif-m layout-normal text-serif-m layout-padded\">Det stopper ikke skadefro Arsenal fra \u00e5 synge \u00abyou\u2019re getting sacked in the morningyou\u2019re getting sacked in the morningI morgen f\u00e5r du sparken, direkte oversatt, popul\u00e6r sang mot motstanderens manager.\u00bb etter alle sine scoringer.<\/p>\n<p class=\"_paragraph_o9xde_4 _paragraph_xtcu6_10 layout-component text-serif-m layout-normal text-serif-m layout-padded\">Returoppgj\u00f8ret i denne semifinalen spilles 3. februar. Finalen spilles 22. mars.<\/p>\n<p class=\"_paragraph_o9xde_4 _paragraph_xtcu6_10 layout-component text-serif-m layout-normal text-serif-m layout-padded\">PS! Martin \u00d8degaard startet kampen for Arsenal. Han ble byttet ut midtveis i andre omgang.<\/p>\n","protected":false},"excerpt":{"rendered":"Men VAR-bruken i England skaper nok en gang debatt etter to mistenkelig like situasjoner \u2013 med vidt forskjellig&hellip;\n","protected":false},"author":2,"featured_media":137616,"comment_status":"","ping_status":"","sticky":false,"template":"","format":"standard","meta":{"footnotes":""},"categories":[59],"tags":[2216,1693,3975,30,28,29,83,82],"class_list":{"0":"post-137615","1":"post","2":"type-post","3":"status-publish","4":"format-standard","5":"has-post-thumbnail","7":"category-sport","8":"tag-arsenal-fc","9":"tag-chelsea-fc","10":"tag-ligacupen","11":"tag-no","12":"tag-norge","13":"tag-norway","14":"tag-sport","15":"tag-sports"},"share_on_mastodon":{"url":"https:\/\/pubeurope.com\/@no\/115895784096525289","error":""},"_links":{"self":[{"href":"https:\/\/www.europesays.com\/no\/wp-json\/wp\/v2\/posts\/137615","targetHints":{"allow":["GET"]}}],"collection":[{"href":"https:\/\/www.europesays.com\/no\/wp-json\/wp\/v2\/posts"}],"about":[{"href":"https:\/\/www.europesays.com\/no\/wp-json\/wp\/v2\/types\/post"}],"author":[{"embeddable":true,"href":"https:\/\/www.europesays.com\/no\/wp-json\/wp\/v2\/users\/2"}],"replies":[{"embeddable":true,"href":"https:\/\/www.europesays.com\/no\/wp-json\/wp\/v2\/comments?post=137615"}],"version-history":[{"count":0,"href":"https:\/\/www.europesays.com\/no\/wp-json\/wp\/v2\/posts\/137615\/revisions"}],"wp:featuredmedia":[{"embeddable":true,"href":"https:\/\/www.europesays.com\/no\/wp-json\/wp\/v2\/media\/137616"}],"wp:attachment":[{"href":"https:\/\/www.europesays.com\/no\/wp-json\/wp\/v2\/media?parent=137615"}],"wp:term":[{"taxonomy":"category","embeddable":true,"href":"https:\/\/www.europesays.com\/no\/wp-json\/wp\/v2\/categories?post=137615"},{"taxonomy":"post_tag","embeddable":true,"href":"https:\/\/www.europesays.com\/no\/wp-json\/wp\/v2\/tags?post=137615"}],"curies":[{"name":"wp","href":"https:\/\/api.w.org\/{rel}","templated":true}]}}