{"id":137617,"date":"2026-01-14T22:27:12","date_gmt":"2026-01-14T22:27:12","guid":{"rendered":"https:\/\/www.europesays.com\/no\/137617\/"},"modified":"2026-01-14T22:27:12","modified_gmt":"2026-01-14T22:27:12","slug":"offentlig-pengebruk-robek-robek-lista-kommunen-har-gigant-underskudd","status":"publish","type":"post","link":"https:\/\/www.europesays.com\/no\/137617\/","title":{"rendered":"Offentlig pengebruk, Robek | Robek-lista: Kommunen har gigant-underskudd"},"content":{"rendered":"\n<p>Surnadal kommune i M\u00f8re og Romsdal ble i forrige uke innmeldt i  og havnet dermed under statlig kontroll grunnet store budsjettunderskudd.<\/p>\n<p>Til tross for dette vedtok et flertall i kommunestyret f\u00f8r jul \u00e5 g\u00e5 videre med forprosjektet for et nytt helsehus, med en investeringsramme p\u00e5 591 millioner kroner. Dette har skapt stor debatt lokalt.<\/p>\n<p>\u2013 Jeg stemte imot fordi jeg mener at vi ikke kan bruke s\u00e5 store summer n\u00e5r vi ikke har penger, sier kommunestyrerepresentant Jorid Aarv\u00e5g (Ap) til Nettavisen.<\/p>\n<p>Et solid flertall p\u00e5 21 av 27 kommunestyrerepresentanter vedtok at kommunen skal inng\u00e5 avtale med entrepren\u00f8r om bygging av helsehuset.<\/p>\n<p>Bygningen skal romme sykehjemsplasser og omsorgsboliger for \u00e5 m\u00f8te den kommende eldreb\u00f8lgen.<\/p>\n<p><b>Les ogs\u00e5: <\/b><a class=\"simple-relation related-teaser article--c-eRUmMG article--c-eRUmMG-fZoQSp-design-nettavisen article--c-eRUmMG-gwthdJ-cv\" href=\"https:\/\/www.nettavisen.no\/680-000-nordmenn-har-skulket-jobben\/s\/5-95-2813626\" rel=\"nofollow noopener\" target=\"_blank\">680.000 nordmenn har \u00abskulket\u00bb jobben<\/a><\/p>\n<p>\u2013 G\u00e5r til himmels<\/p>\n<p>Helsehuset har lenge st\u00e5tt p\u00e5 kommunens \u00f8nskeliste, og flere lokalpolitikere argumenterer for at det blir dyrere \u00e5 vente.<\/p>\n<p>\u2013 Vi bruker de samme argumentene b\u00e5de vi som er for og imot. Vi forst\u00e5r behovet og at det kan bli dyrere \u00e5 ikke gj\u00f8re det, men det hjelper jo ikke n\u00e5r pengene ikke finnes. Da ser ikke jeg at vi har noen mulighet til \u00e5 gj\u00f8re et slikt vedtak, sier Aarv\u00e5g.<\/p>\n<p>   <img decoding=\"async\" width=\"3021\" height=\"4028\" fetchpriority=\"low\"  loading=\"lazy\"  src=\"https:\/\/www.europesays.com\/no\/wp-content\/uploads\/2026\/01\/IMG_2406.jpeg\" alt=\"\" class=\"brick-c-cFOWSL\" style=\"--brick-image-ratio: 3021 \/ 4028;\"\/><\/p>\n<p>      STEMTE NEI: Kommunestyrerepresentant Jorid Aarv\u00e5g (Ap) i Surnadal.<br \/>\n      Foto: Privat\n    <\/p>\n<p>Hun mener ingen private virksomheter ville fattet et lignende vedtak med en s\u00e5 d\u00e5rlig \u00f8konomi.<\/p>\n<p>\u2013 I alle andre virksomheter s\u00e5 kan du ikke engang vurdere det. Det er bare i det offentlige du kan det, for i andre virksomheter vil du ikke v\u00e6re kredittverdig. Mens kommunene er kredittverdige i det uendelige, sukker hun.<\/p>\n<p>N\u00e5 frykter Aarv\u00e5g konsekvensene av vedtaket for kommunens allerede skakkj\u00f8rte \u00f8konomi.<\/p>\n<p>\u2013 L\u00e5negraden til kommunen vil g\u00e5 til himmels, og den er allerede temmelig heftig, sier hun.<\/p>\n<p>349 av de 591 millionene er tenkt tatt opp som l\u00e5n. Resten skal dekkes inn med tilskudd fra Husbanken og mva-kompensasjon.<\/p>\n<p>            Fakta om Robek<\/p>\n<p>Robek er et register over kommuner og fylkeskommuner som er i \u00f8konomisk ubalanse eller som ikke har vedtatt \u00f8konomiplan, \u00e5rsbudsjett eller \u00e5rsregnskap innenfor de fristene som gjelder.<\/p>\n<p>Kommunar i Robek er underlagt statlig kontroll med \u00e5rsbudsjett, l\u00e5neopptak og langsiktige leieavtalar. Statsforvalteren har f\u00e5tt delegert myndighet p\u00e5 omr\u00e5det for kommuner.<\/p>\n<p>Kommuner og fylkeskommuner i Robek skal utarbeide en tiltaksplan som sikrer at \u00f8konomien kommer i balanse. Statsforvalteren f\u00f8lger disse kommunene tett.<\/p>\n<p>Det er n\u00e5 28 kommuner som er registrert i Robek, og Surnadal er de siste kommunen som er satt p\u00e5 listen.<\/p>\n<p>Kilde: Statsforvalteren<\/p>\n<p>  \u2013 Vi frar\u00e5det dem<\/p>\n<p>Siden kommunen har havnet p\u00e5 Robek-lista, m\u00e5 all l\u00e5negodkjenning skje via Statsforvalteren.<\/p>\n<p>\u2013 Jeg blir overrasket om dette blir godkjent, n\u00e5r vi ser p\u00e5 erfaringene fra andre Robek-kommuner om hvor strengt det er. Men jeg tror ikke det er umulig om man kan vise til at det vil gi oss store innsparinger ved \u00e5 gj\u00f8re det n\u00e5, sier Ap-politikeren.<\/p>\n<p><b>Statsforvalteren i M\u00f8re og Romsdal er ogs\u00e5 sterkt kritisk til kommunens vedtak.<\/b><\/p>\n<p>\u2013 Da Surnadal skulle gj\u00f8re budsjettvedtak i desember, r\u00e5det vi dem sterkt ifra \u00e5 inng\u00e5 kontrakt med entrepren\u00f8r om nytt helsehus, p\u00e5 samme tid som de vedtok et budsjett som f\u00f8rte dem rett p\u00e5 Robek, sier assisterende statsforvalter Rigmor Br\u00f8ste til Nettavisen.<\/p>\n<p>   <img decoding=\"async\" width=\"1200\" height=\"756\" fetchpriority=\"low\"  loading=\"lazy\"  src=\"https:\/\/www.europesays.com\/no\/wp-content\/uploads\/2026\/01\/nov%2Bforvalt4.jpeg\" alt=\"\" class=\"brick-c-cFOWSL\" style=\"--brick-image-ratio: 1200 \/ 756;\"\/><\/p>\n<p>      KRITISK: Assisterende statsforvalter Rigmor Br\u00f8ste i og surnadalsordf\u00f8rer Hugo Pedersen. Hun har advart kommunen mot \u00e5 g\u00e5 videre med helsehusplanene.<br \/>\n      Foto: Tor Helge Solli (Tidens Krav)\n    <\/p>\n<p>Advarselen ble ignorert, og politikerne vedtok \u00e5 g\u00e5 videre med millionprosjektet.<\/p>\n<p>\u2013 Er det greit at kommunen gj\u00f8r dette i den \u00f8konomiske situasjonen de st\u00e5r i?<\/p>\n<p>\u2013 Det er mulig at en investering i helsehus er en god id\u00e9 for Surnadal kommune b\u00e5de p\u00e5 bakgrunn av bemanningen og bygningene de har i dag, og p\u00e5 grunn av den demografiske utviklingen i kommunen, sier Br\u00f8ste, og legger til:<\/p>\n<p>\u2013 Derfor har vi bedt om et ekstra m\u00f8te med kommunen for \u00e5 f\u00e5 bedre innsikt i planene om helsehus, og ikke minst i hvordan \u00f8kte finanskostnader skal dekkes inn.<\/p>\n<p><b>Les ogs\u00e5: <\/b><a class=\"simple-relation related-teaser article--c-eRUmMG article--c-eRUmMG-fZoQSp-design-nettavisen article--c-eRUmMG-gwthdJ-cv\" href=\"https:\/\/www.nettavisen.no\/nest-best-i-landet-trues-med-nedleggelse\/s\/5-95-2740692\" rel=\"nofollow noopener\" target=\"_blank\">Nest best i landet: Trues med nedleggelse<\/a><\/p>\n<p>\u2013 Fortvilet situasjon<\/p>\n<p>Surnadal ble meldt inn i Robek etter at kommunestyret den 18. desember i fjor vedtok et budsjett som viser at kommunen bruker mer enn to \u00e5r p\u00e5 \u00e5 betale tilbake underskuddet fra 2024 p\u00e5 17 millioner kroner.<\/p>\n<p>N\u00e5 er de i selskap med 27 andre kommuner p\u00e5 \u00absvartelista\u00bb.<\/p>\n<p>Mandag 5. januar hadde Statsforvalteren og ledelsen i Surnadal kommune, politisk og administrativt, et Teams-m\u00f8te om konsekvensene av \u00e5 ha havnet p\u00e5 Robek-lista.<\/p>\n<p>\u2013 Det er gjort grep, men vi m\u00e5 vise at vi klarer \u00e5 ta ytterligere grep. Det har vi ikke vist at vi klarer, sier Aarv\u00e5g.<\/p>\n<p>   <img decoding=\"async\" width=\"1278\" height=\"713\" fetchpriority=\"low\"  loading=\"lazy\"  src=\"https:\/\/www.europesays.com\/no\/wp-content\/uploads\/2026\/01\/Skjermbilde+2026-01-14+kl.+12.11.38.jpg\" alt=\"\" class=\"brick-c-cFOWSL\" style=\"--brick-image-ratio: 1278 \/ 713;\"\/><\/p>\n<p>      STORE PLANER: Alle er enige om at de trenger et nytt helsehus, men de er uenige om de har r\u00e5d til det.<br \/>\n      Foto: Aske Prosjektutvikling AS\/Surnadal kommune\n    <\/p>\n<p>Hun vektlegger samtidig at kostnadsniv\u00e5et har skutt i v\u00e6ret, og at inntektene ikke har holdt tritt den siste tiden.<\/p>\n<p>\u2013 Det er en fortvilet situasjon, fordi det g\u00e5r utover noen uansett hvilke grep vi tar, sier hun.<\/p>\n<p><b>Les ogs\u00e5: <\/b><a class=\"simple-relation related-teaser article--c-eRUmMG article--c-eRUmMG-fZoQSp-design-nettavisen article--c-eRUmMG-gwthdJ-cv\" href=\"https:\/\/www.nettavisen.no\/vil-fjerne-gratis-parkering-haplost\/s\/5-95-2735805\" rel=\"nofollow noopener\" target=\"_blank\">Vil fjerne gratis parkering: \u2013 H\u00e5pl\u00f8st<\/a><\/p>\n<p>Ordf\u00f8reren: \u2013 Blir billigere<\/p>\n<p>Ordf\u00f8rer Hugo Pedersen (Sp) i Surnadal forsvarer byggingen av helsehuset.<\/p>\n<p>\u2013 Kommunestyret gikk videre med prosjektet fordi det vil v\u00e6re dyrere for oss \u00e5 la v\u00e6re \u00e5 bygge et helsehus, sier Pedersen til Nettavisen.<\/p>\n<p>   <img decoding=\"async\" width=\"1200\" height=\"827\" fetchpriority=\"low\"  loading=\"lazy\"  src=\"https:\/\/www.europesays.com\/no\/wp-content\/uploads\/2026\/01\/mai%2Brobek%2B11.jpeg\" alt=\"\" class=\"brick-c-cFOWSL\" style=\"--brick-image-ratio: 1200 \/ 827;\"\/><\/p>\n<p>      KREVENDE: Ordf\u00f8rer Hugo Pedersen (Sp) i Surnadal forteller om krevende tider for kommunen.<br \/>\n      Foto: Terje Helge Solli (Tidens Krav)\n    <\/p>\n<p>Han viser til at dagens sykehjem i kommunen er i en s\u00e5 d\u00e5rlig forfatning, at det blir sv\u00e6rt kostbart \u00e5 sette bygningen i stand.<\/p>\n<p>\u2013 Derfor landet vi p\u00e5 at n\u00e5r vi f\u00f8rst er s\u00e5 ille ute, s\u00e5 vil det v\u00e6re mer l\u00f8nnsomt for oss \u00e5 bygge nytt, sier ordf\u00f8reren.<\/p>\n<p>\u2013 Det kan virke rart for mange at kommunen, som er satt under \u00f8konomisk styring, likevel g\u00e5r videre med et prosjekt til 600 millioner kroner?<\/p>\n<p>\u2013 Ja, jeg kan forst\u00e5 at det kan virke s\u00e5nn utad, men det kan bli dyrere \u00e5 la v\u00e6re. Dersom vi ikke investerer s\u00e5 vil det bli enda verre for oss \u00e5 komme ut av Robek. Det var s\u00e5nn tankegangen var i kommunestyret, sier Pedersen.<\/p>\n<p><b>Les ogs\u00e5: <\/b><a class=\"simple-relation related-teaser article--c-eRUmMG article--c-eRUmMG-fZoQSp-design-nettavisen article--c-eRUmMG-gwthdJ-cv\" href=\"https:\/\/www.nettavisen.no\/kommune-kutt-rammer-bjornis-trist\/s\/5-95-2623236\" rel=\"nofollow noopener\" target=\"_blank\">Kommune-kutt rammer Bj\u00f8rnis: \u2013 Trist<\/a><\/p>\n<p>\u2013 Det er krevende<\/p>\n<p>Den 30. januar skal kommunen igjen m\u00f8te Statsforvalteren for \u00e5 informere om planene for nytt helsehus. Statsforvalteren vil ikke forskuttere om de vil si ja til et l\u00e5n.<\/p>\n<p>\u2013 Statsforvalteren skal gj\u00f8re en lovlighetskontroll av \u00e5rsbudsjettet for alle Robek-kommuner, og vil vi gj\u00f8re i etterkant av m\u00f8tet med Surnadal. Lovlighetskontrollen omfatter ogs\u00e5 godkjenning av l\u00e5n og langsiktige leieavtaler, sier Br\u00f8ste.<\/p>\n<p>Ordf\u00f8reren beskriver kommunens situasjon som vanskelig.<\/p>\n<p>\u2013 Det er veldig krevende avveininger, sier han, og viser til at det haster med \u00e5 gj\u00f8re noe for \u00e5 m\u00f8te eldreb\u00f8lgen i kommunen.<\/p>\n<p>\u2013 Siden dere har havnet p\u00e5 Robek, har dere brukt penger over styr?<\/p>\n<p>\u2013 Jeg f\u00f8ler ikke at vi har gjort det. I etterp\u00e5klokskapens tegn s\u00e5 kunne vi sikkert har tatt grep tidligere, men jeg tror ikke vi har s\u00f8lt bort penger, sier Pedersen, og p\u00e5peker:<\/p>\n<p>\u2013 Vi har hatt en situasjon med pandemi, s\u00e5 f\u00e5r vi krig, mottak av flyktninger, renta g\u00e5r opp og det er dyrtid. Vi har hatt veldig mye stang ut. Hadde det v\u00e6rt en annen situasjon i verden s\u00e5 hadde vi kanskje ikke v\u00e6rt p\u00e5 Robek.<\/p>\n<p>\u2013 Kommune-Norge sliter<\/p>\n<p>Ordf\u00f8reren forteller at de allerede har tatt flere grep for \u00e5 spare penger.<\/p>\n<p>\u2013 Vi har allerede startet prosessen med \u00e5 ta ned bemannning og drift, men vi har ikke sett ordentlig virkningen av det enn\u00e5. Det er ikke s\u00e5 enkelt \u00e5 snu kommuneskuta i fart, sier Pedersen.<\/p>\n<p>Han mener Surnadal langt fra er alene i kommune-Norge om \u00e5 ha det trangt \u00f8konomisk.<\/p>\n<p>\u2013 Hele kommune-Norge sliter. Vi burde kanskje f\u00e5tt mer nasjonal drahjelp til omstilling. For eksempel det med bygging av helsehus, at vi kunne f\u00e5tt noe drahjelp for \u00e5 f\u00e5 det til. For kommune-Norge blir bare mer og mer svekket, sier han.<\/p>\n<p>Endelig vedtak om \u00e5 bygge helsehus og kontraktskriving skjer til sommeren.<\/p>\n","protected":false},"excerpt":{"rendered":"Surnadal kommune i M\u00f8re og Romsdal ble i forrige uke innmeldt i og havnet dermed under statlig kontroll&hellip;\n","protected":false},"author":2,"featured_media":137618,"comment_status":"","ping_status":"","sticky":false,"template":"","format":"standard","meta":{"footnotes":""},"categories":[10],"tags":[20,21,24,25,15,22,23,13,30,28,29,14,16,26,27],"class_list":{"0":"post-137617","1":"post","2":"type-post","3":"status-publish","4":"format-standard","5":"has-post-thumbnail","7":"category-norge","8":"tag-breaking-news","9":"tag-breakingnews","10":"tag-featured-news","11":"tag-featurednews","12":"tag-headlines","13":"tag-latest-news","14":"tag-latestnews","15":"tag-news","16":"tag-no","17":"tag-norge","18":"tag-norway","19":"tag-nyheter","20":"tag-overskrifter","21":"tag-top-stories","22":"tag-topstories"},"share_on_mastodon":{"url":"https:\/\/pubeurope.com\/@no\/115895811660326717","error":""},"_links":{"self":[{"href":"https:\/\/www.europesays.com\/no\/wp-json\/wp\/v2\/posts\/137617","targetHints":{"allow":["GET"]}}],"collection":[{"href":"https:\/\/www.europesays.com\/no\/wp-json\/wp\/v2\/posts"}],"about":[{"href":"https:\/\/www.europesays.com\/no\/wp-json\/wp\/v2\/types\/post"}],"author":[{"embeddable":true,"href":"https:\/\/www.europesays.com\/no\/wp-json\/wp\/v2\/users\/2"}],"replies":[{"embeddable":true,"href":"https:\/\/www.europesays.com\/no\/wp-json\/wp\/v2\/comments?post=137617"}],"version-history":[{"count":0,"href":"https:\/\/www.europesays.com\/no\/wp-json\/wp\/v2\/posts\/137617\/revisions"}],"wp:featuredmedia":[{"embeddable":true,"href":"https:\/\/www.europesays.com\/no\/wp-json\/wp\/v2\/media\/137618"}],"wp:attachment":[{"href":"https:\/\/www.europesays.com\/no\/wp-json\/wp\/v2\/media?parent=137617"}],"wp:term":[{"taxonomy":"category","embeddable":true,"href":"https:\/\/www.europesays.com\/no\/wp-json\/wp\/v2\/categories?post=137617"},{"taxonomy":"post_tag","embeddable":true,"href":"https:\/\/www.europesays.com\/no\/wp-json\/wp\/v2\/tags?post=137617"}],"curies":[{"name":"wp","href":"https:\/\/api.w.org\/{rel}","templated":true}]}}