{"id":137619,"date":"2026-01-14T22:29:07","date_gmt":"2026-01-14T22:29:07","guid":{"rendered":"https:\/\/www.europesays.com\/no\/137619\/"},"modified":"2026-01-14T22:29:07","modified_gmt":"2026-01-14T22:29:07","slug":"tsjekkisk-kaptein-kan-lede-bk-tromso-til-klubbens-11-kongepokal-nrk-troms-og-finnmark","status":"publish","type":"post","link":"https:\/\/www.europesays.com\/no\/137619\/","title":{"rendered":"Tsjekkisk kaptein kan lede BK Troms\u00f8 til klubbens 11. kongepokal \u2013 NRK Troms og Finnmark"},"content":{"rendered":"<p><strong>\u2013 Alle i Troms\u00f8 har snakket om denne kampen i tre m\u00e5neder. Cupfinalen, cupfinalen, cupfinalen. Den viktigste kampen av \u00e5ret.<\/strong><\/p>\n<p>Sier Jan Kasan til NRK. Og sikter til l\u00f8rdagens cupfinale i volleyball for herrer mot F\u00f8rde i Ekeberghallen i Oslo.<\/p>\n<p><img decoding=\"async\"   src=\"data:image\/gif;base64,R0lGODlhAQABAIAAAAAAAP\/\/\/yH5BAEAAAAALAAAAAABAAEAAAIBRAA7\" loading=\"eager\" alt=\"BK Troms\u00f8s nye kaptein Jan Kasan f\u00f8r cupfinalen mot F\u00f8rde.\" title=\"Foto: Gunnar Grindstein \/ NRK\"\/><\/p>\n<p class=\"\">BK Troms\u00f8s nye kaptein Jan Kasan er opplegger og den som styrer spillet.<\/p>\n<p>Foto: Gunnar Grindstein \/ NRK<\/p>\n<p>27-\u00e5ringen kommer fra Znojmo, en historisk by med 40.000 innbyggere i et vindistrikt i \u00f8l-landet Tsjekkia. Og ble hentet til Troms\u00f8 av BKTs estiske trener Tauno Lipp i august i fjor.<\/p>\n<p>Forelsket seg i Troms\u00f8<\/p>\n<p>Og oppleggeren fra tsjekkisk elitevolleyball forelsket seg i Troms\u00f8 omtrent f\u00f8r flyet hadde landet p\u00e5 Langnes.<\/p>\n<p>\u2013 Da flyet kom under skyene&#8230; Wow! Dette er fantastisk, smiler Kasan.<\/p>\n<p>Han har siden ankomst brukt naturen i og rundt Troms\u00f8. F\u00e5tt med seg mer enn nordlyset. Og tatt bilder.<\/p>\n<p>Jan Kasan (27) ble hentet fra tsjekkisk volleyball for \u00e5 styrke BK Troms\u00f8. Og forelsket seg umiddelbart i byen og Nord-Norge.<\/p>\n<p><strong>\u2013 Jeg elsker \u00e5 bruke tid i naturen n\u00e5r jeg ikke trener. G\u00e5 turer. Fisketurer. Jeg elsker livet her. Virkelig, sier Kasan.<\/strong><\/p>\n<p>Assistenttrener Harry Fagervold har f\u00e5tt et meget godt inntrykk av Kasan. Og liker at han trives med det landsdelen har \u00e5 by p\u00e5.<\/p>\n<p>\u2013 Jan er fascinert, som seg h\u00f8r og b\u00f8r, av den nordnorske naturen. S\u00e5 jeg syns det er g\u00f8y at han kommer helt fra Tsjekkia og lar seg begeistre, sier vester\u00e5lingen Fagervold.<\/p>\n<p>Se Jan Kasans private bilder her:<\/p>\n<p>\u2013 \u00d8ker dette sjansen for at han blir her noen sesonger?<\/p>\n<p>\u2013 Ja, gjerne det. Vi er ikke kommet s\u00e5 langt at vi har begynt \u00e5 diskutere det enn\u00e5. Men personlig s\u00e5 h\u00e5per jeg at han blir her i mange \u00e5r. Jeg tror han passer veldig godt inn i klubben og milj\u00f8et, og har masse \u00e5 bidra med. <\/p>\n<p>Eks-kapteinen roser ny-kapteinen<\/p>\n<p>Peder \u00d8rbeck S\u00f8rheim var kaptein p\u00e5 det BK Troms\u00f8-laget som tapte cupfinalen mot Koll i fjor. Han skryter av mannen som spillerne selv valgte til kaptein i fjor h\u00f8st.<\/p>\n<p><strong>\u2013 Jan er f\u00f8rst og fremst en veldig fin fyr. Og det hjelper veldig godt n\u00e5r han skal v\u00e6re kaptein. Han bidrar veldig godt p\u00e5 trening og lager god stemning i laget. Og for det andre s\u00e5 er han en veldig god volleyballspiller, s\u00e5 han klarer \u00e5 holde niv\u00e5et vi \u00f8nsker av ham. Og han spiller oss andre god, sier en av veteranene p\u00e5 BK Troms\u00f8-laget.<\/strong><\/p>\n<p><img decoding=\"async\"   src=\"data:image\/gif;base64,R0lGODlhAQABAIAAAAAAAP\/\/\/yH5BAEAAAAALAAAAAABAAEAAAIBRAA7\" loading=\"eager\" alt=\"BK Troms\u00f8s trener Tauno Lipp i Troms\u00f8hallen\" title=\"Foto: Gunnar Grindstein \/ NRK\"\/><\/p>\n<p class=\"\">BK Troms\u00f8s trener Tauno Lipp hentet Jan Kasan til klubben i fjor.<\/p>\n<p>Foto: Gunnar Grindstein \/ NRK<\/p>\n<p>Treneren som hentet Kasan, Tauno Lipp fra Estland, visste hva han fikk i tsjekkeren.<\/p>\n<p>\u2013 S\u00e5 jeg har f\u00e5tt alt jeg forventet av han. Han er kjempeviktig for laget, sier estlenderen, som tror p\u00e5 nok en jevn kamp mot F\u00f8rde.<\/p>\n<p>Da lagene m\u00f8ttes i serien i Troms\u00f8 i slutten av oktober, vant Troms\u00f8 17-15 i femte og avgj\u00f8rende sett. Etter at F\u00f8rde ledet kampen 2-0. F\u00f8rde leder serien, BKT er nummer to \u2013 f\u00f8r lagene m\u00f8tes i cupfinalen.<\/p>\n<p>St\u00e5r med 10 kongepokaler<\/p>\n<p>BK Troms\u00f8 st\u00e5r med 10 kongepokaler p\u00e5 herresiden i norsk volleyball. Men har ikke vunnet siden 2017.<\/p>\n<p><img decoding=\"async\"   src=\"data:image\/gif;base64,R0lGODlhAQABAIAAAAAAAP\/\/\/yH5BAEAAAAALAAAAAABAAEAAAIBRAA7\" loading=\"eager\" alt=\"Jan Kasan, ny kaptein hos BK Troms\u00f8, opplegger p\u00e5 laget som for tredje \u00e5ret p\u00e5 rad skal spille cupfinale.\" title=\"Foto: Rune Solberg, BK Troms\u00f8\"\/><\/p>\n<p class=\"\">Jan Kasan, ny kaptein hos BK Troms\u00f8, opplegger p\u00e5 laget som for tredje \u00e5ret p\u00e5 rad skal spille cupfinale.<\/p>\n<p>Foto: Rune Solberg, BK Troms\u00f8<\/p>\n<p>Kaptein Jan Kasan er sterk i troen p\u00e5 seier. Og mener en cupfinaletriumf vil bety sv\u00e6rt mye.<\/p>\n<p>\u2013 Det vil bety at vi sier takk til hele volleyball-familien i Troms\u00f8. Fordi de jobber veldig hardt for klubben. Alle de frivillige vi har. Det er ogs\u00e5 for dem. Vi spiller for dem ogs\u00e5, slutter BK Troms\u00f8-kaptein Jan Kasan.<\/p>\n<p>Som elsker idretten sin. Og sitt nye liv i Troms\u00f8.<\/p>\n<p>Publisert<\/p>\n<p>14.01.2026, kl. 21.22<\/p>\n","protected":false},"excerpt":{"rendered":"\u2013 Alle i Troms\u00f8 har snakket om denne kampen i tre m\u00e5neder. Cupfinalen, cupfinalen, cupfinalen. Den viktigste kampen&hellip;\n","protected":false},"author":2,"featured_media":137620,"comment_status":"","ping_status":"","sticky":false,"template":"","format":"standard","meta":{"footnotes":""},"categories":[59],"tags":[30,28,29,83,82],"class_list":{"0":"post-137619","1":"post","2":"type-post","3":"status-publish","4":"format-standard","5":"has-post-thumbnail","7":"category-sport","8":"tag-no","9":"tag-norge","10":"tag-norway","11":"tag-sport","12":"tag-sports"},"share_on_mastodon":{"url":"https:\/\/pubeurope.com\/@no\/115895819490794713","error":""},"_links":{"self":[{"href":"https:\/\/www.europesays.com\/no\/wp-json\/wp\/v2\/posts\/137619","targetHints":{"allow":["GET"]}}],"collection":[{"href":"https:\/\/www.europesays.com\/no\/wp-json\/wp\/v2\/posts"}],"about":[{"href":"https:\/\/www.europesays.com\/no\/wp-json\/wp\/v2\/types\/post"}],"author":[{"embeddable":true,"href":"https:\/\/www.europesays.com\/no\/wp-json\/wp\/v2\/users\/2"}],"replies":[{"embeddable":true,"href":"https:\/\/www.europesays.com\/no\/wp-json\/wp\/v2\/comments?post=137619"}],"version-history":[{"count":0,"href":"https:\/\/www.europesays.com\/no\/wp-json\/wp\/v2\/posts\/137619\/revisions"}],"wp:featuredmedia":[{"embeddable":true,"href":"https:\/\/www.europesays.com\/no\/wp-json\/wp\/v2\/media\/137620"}],"wp:attachment":[{"href":"https:\/\/www.europesays.com\/no\/wp-json\/wp\/v2\/media?parent=137619"}],"wp:term":[{"taxonomy":"category","embeddable":true,"href":"https:\/\/www.europesays.com\/no\/wp-json\/wp\/v2\/categories?post=137619"},{"taxonomy":"post_tag","embeddable":true,"href":"https:\/\/www.europesays.com\/no\/wp-json\/wp\/v2\/tags?post=137619"}],"curies":[{"name":"wp","href":"https:\/\/api.w.org\/{rel}","templated":true}]}}