{"id":137621,"date":"2026-01-14T22:33:08","date_gmt":"2026-01-14T22:33:08","guid":{"rendered":"https:\/\/www.europesays.com\/no\/137621\/"},"modified":"2026-01-14T22:33:08","modified_gmt":"2026-01-14T22:33:08","slug":"ikke-kjent-med-nakenbilder","status":"publish","type":"post","link":"https:\/\/www.europesays.com\/no\/137621\/","title":{"rendered":"&#8211; Ikke kjent med nakenbilder"},"content":{"rendered":"<p class=\"kicker \" style=\"\">Om skandalen:\u00a0<\/p>\n<p>    \u00abAlle\u00bb varsler krig mot Elon Musks AI-verkt\u00f8y Grok. N\u00e5 sl\u00e5r milliard\u00e6ren kraftig tilbake.\u00a0<\/p>\n<p>\n    TAR GROK I FORSVAR: Flere land har varslet gansking av Grok etter klager om at verkt\u00f8yet ble brukt til \u00e5 lage og spre overgrepsbilder som framstiller barn. Elon Musk vil imidlertid presisere \u00e9n ting. Foto: Xavier Collin \/ Image Press Agency \/ NTB\n  <\/p>\n<p>    Kort fortalt<\/p>\n<p lang=\"nb-NO\">Storbritannias statsminister Keir Starmer kritiserer Elon Musks AI-verkt\u00f8y Grok for \u00e5 spre seksualiserte bilder.<\/p>\n<p lang=\"nb-NO\">Grok har blitt ford\u00f8mt av flere europeiske land, og det britiske medietilsynet Ofcom har startet en gransking.<\/p>\n<p lang=\"nb-NO\">Elon Musk sl\u00e5r tilbake og hevder at Grok ikke genererer nakenbilder uten brukerforesp\u00f8rsel.<\/p>\n<p lang=\"nb-NO\">Flere land, inkludert Malaysia og Indonesia, har forbudt Grok, og det er diskusjoner om \u00e5 gj\u00f8re det samme i Norge.<\/p>\n<p class=\"italic ai-disclaimer\" data-lab-italic=\"italic\">Sammendraget er laget av ChatGPT og godkjent av B\u00f8rsen.<\/p>\n<p>      Vis mer<br \/>\n      Vis mindre<\/p>\n<p>&#8211; Handlingene til Grok og X er motbydelige og skammelige, og \u00e6rlig talt er beslutningen om \u00e5 gj\u00f8re dette til en betalingstjeneste, forferdelig. Vi er fast bestemt p\u00e5 \u00e5 gripe inn, sier Storbritannias statsminister Keir Starmer.\u00a0<\/p>\n<p class=\"font-weight-bold m-font-weight-bold\" data-lab-font_weight=\"font-weight-bold\">Milliard\u00e6r Elon Musk har f\u00e5tt flere fiender i kj\u00f8lvannet av Grok-skandalen som har rullet opp internasjonalt.\u00a0<\/p>\n<p>En av dem er Starmer, som under en sp\u00f8rretime onsdag gikk til frontalangrep mot tjenesten. Det melder <a href=\"https:\/\/www.independent.co.uk\/news\/uk\/politics\/x-grok-elon-musk-starmer-pmqs-b2900274.html\" rel=\"nofollow noopener\" target=\"_blank\">Independent<\/a>.<\/p>\n<p>    <a itemprop=\"url\" href=\"https:\/\/borsen.dagbladet.no\/nyheter\/hudflettes-ulovlig-og-motbydelig\/84089654\" rel=\"nofollow noopener\" target=\"_blank\"><\/p>\n<p>        <img loading=\"lazy\" decoding=\"async\" src=\"https:\/\/www.europesays.com\/no\/wp-content\/uploads\/2026\/01\/84089780.webp.webp\" width=\"980\" height=\"441\" title=\"Hudflettes: - Ulovlig og motbydelig\" alt=\"\" class=\"lazyload\" style=\"--aspect-ratio-image: 2.22; \"\/><\/p>\n<p>        Hudflettes: &#8211; Ulovlig og motbydelig<\/p>\n<p>    <\/a><\/p>\n<p>Bakteppet er at Grok har blitt brukt til \u00e5 framstille og spre seksualiserte bilder av kvinner og barn. En rekke europeiske land har ford\u00f8mt verkt\u00f8yet, mens noen har fremmet trusler om b\u00f8ter, forbud og etterforskninger. <\/p>\n<p>Krever handling\t<\/p>\n<p>Nylig ble det ogs\u00e5 kjent at det britiske medietilsynet\u00a0Ofcom\u00a0har \u00e5pnet full gransking p\u00e5 bakgrunn av det som skal v\u00e6re ulovlig AI-innhold. <\/p>\n<p>&#8211; Vi har gjort det klart at X m\u00e5 handle, men hvis ikke, har Ofcom v\u00e5r fulle st\u00f8tte og vil innf\u00f8re, og er i ferd med \u00e5 innf\u00f8re, ny lovgivning. Jeg har i dag blitt informert om at X n\u00e5 tar grep for \u00e5 sikre full overholdelse av britisk lov. Hvis det stemmer, er det velkomment, men vi vil ikke trekke oss. De m\u00e5 handle, fortsetter Starmer.\u00a0<\/p>\n<p>    <a itemprop=\"url\" href=\"https:\/\/borsen.dagbladet.no\/nyheter\/tror-han-blir-sur\/83810435\" rel=\"nofollow noopener\" target=\"_blank\"><\/p>\n<p>        <img loading=\"lazy\" decoding=\"async\" src=\"https:\/\/www.europesays.com\/no\/wp-content\/uploads\/2026\/01\/1768429988_625_83810534.webp.webp\" width=\"980\" height=\"441\" title=\"- Tror han blir sur\" alt=\"\" class=\"lazyload\" style=\"--aspect-ratio-image: 2.22; \"\/><\/p>\n<p>        &#8211; Tror han blir sur<\/p>\n<p>    <\/a><\/p>\n<p class=\"font-weight-bold m-font-weight-bold\" data-lab-font_weight=\"font-weight-bold\"> Elon Musk mener saken p\u00e5 sin side er bl\u00e5st ut av proporsjoner, og g\u00e5r hardt ut p\u00e5 <a href=\"https:\/\/x.com\/elonmusk\/status\/2011432649353511350?s=46\" rel=\"nofollow\">X<\/a> i et fors\u00f8k p\u00e5 \u00e5 rydde opp.<\/p>\n<p>&#8211; Jeg er ikke kjent med at Grok har generert noen nakenbilder av mindre\u00e5rige. Bokstavelig talt ingen. Selvf\u00f8lgelig genererer ikke Grok bilder spontant; den gj\u00f8r det kun etter brukerforesp\u00f8rsler. N\u00e5r den blir bedt om \u00e5 generere bilder, vil den nekte \u00e5 produsere noe som er ulovlig, siden Groks operative prinsipp er \u00e5 f\u00f8lge lovene i det aktuelle landet eller staten, skriver Musk onsdag.\u00a0<\/p>\n<p>        Milliard\u00e6r og tech-gr\u00fcnder Elon Musk havnet i hardt v\u00e6r etter anklager om antisemittisme. Video: X, Storyblocks og AP. Reporter: Magnus Paus \/ Dagbladet TV<\/p>\n<p>&#8211; Fiendtlige fors\u00f8k\t<\/p>\n<p>Selv om Musk tar avstand fra nakenbilder, nevner han ikke noe om \u00abavkledde\u00bb bilder.\u00a0<\/p>\n<p class=\"font-weight-bold m-font-weight-bold\" data-lab-font_weight=\"font-weight-bold\">&#8211; Det kan hende at fiendtlige fors\u00f8k p\u00e5 \u00e5 manipulere Grok gj\u00f8r at noe uventet skjer. Hvis det skjer, fikser vi feilen umiddelbart, framholder han.\u00a0<\/p>\n<p> Siden begynnelsen av januar skal tusenvis av kvinner og ten\u00e5ringer, inkludert offentlige personer, ha rapportert at bildene deres, som er hentet fra sosiale medier, er blitt \u00abavkledd\u00bb av Grok etter foresp\u00f8rsel fra brukerne. <\/p>\n<p>    <a itemprop=\"url\" href=\"https:\/\/borsen.dagbladet.no\/nyheter\/raser-bedrifts-terrorister\/83766133\" rel=\"nofollow noopener\" target=\"_blank\"><\/p>\n<p>        <img loading=\"lazy\" decoding=\"async\" src=\"https:\/\/www.europesays.com\/no\/wp-content\/uploads\/2026\/01\/83766498.webp.webp\" width=\"980\" height=\"441\" title=\"Raser: - Bedrifts-terrorister\" alt=\"\" class=\"lazyload\" style=\"--aspect-ratio-image: 2.22; \"\/><\/p>\n<p>        Raser: &#8211; Bedrifts-terrorister<\/p>\n<p>    <\/a><\/p>\n<p>If\u00f8lge\u00a0<a href=\"https:\/\/www.reuters.com\/legal\/litigation\/elon-musks-grok-faces-global-scrutiny-sexualised-ai-photos-2026-01-09\/?utm_source=braze&amp;utm_medium=notifications&amp;utm_campaign=2025_engagement\" rel=\"nofollow noopener\" target=\"_blank\">Reuters<\/a>\u00a0har Grok-utvikleren xAI, som er morselskapet til X, innf\u00f8rt begrensninger i kj\u00f8lvannet av stormen som har oppst\u00e5tt. Helt konkret er det n\u00e5 kun betalende abonnenter kan bruke bildegeneratoren.<\/p>\n<p>Norsk grep\t<\/p>\n<p>Verkt\u00f8yet ble nylig forbudt i Malaysia og Indonesia. Ogs\u00e5 her hjemme har\u00a0 Arbeiderpartiet tatt til orde for \u00e5 sette en stopper Grok.<\/p>\n<p>    <a itemprop=\"url\" href=\"https:\/\/borsen.dagbladet.no\/nyheter\/peker-pa-norge-besatt\/83334716\" rel=\"nofollow noopener\" target=\"_blank\"><\/p>\n<p>        <img loading=\"lazy\" decoding=\"async\" src=\"https:\/\/www.europesays.com\/no\/wp-content\/uploads\/2026\/01\/83334793.webp.webp\" width=\"980\" height=\"441\" title=\"Peker p\u00e5 Norge: \u00abBesatt\u00bb\" alt=\"\" class=\"lazyload\" style=\"--aspect-ratio-image: 2.22; \"\/><\/p>\n<p>        Peker p\u00e5 Norge: \u00abBesatt\u00bb<\/p>\n<p>    <\/a><\/p>\n<p>&#8211; N\u00e5r Elon Musks verkt\u00f8y blir brukt til \u00e5 spre overgrepsmateriale, m\u00e5 vi v\u00e6re helt tydelige p\u00e5 at dette ikke h\u00f8rer hjemme i Norge, uttalte stortingsrepresentant Hashim Abdi (Ap) til NTB tirsdag.<\/p>\n<p class=\"font-weight-bold m-font-weight-bold\" data-lab-font_weight=\"font-weight-bold\">Han viste til landene som har innf\u00f8rt forbud, samt <a href=\"https:\/\/borsen.dagbladet.no\/nyheter\/hudflettes-ulovlig-og-motbydelig\/84089654\" rel=\"nofollow noopener\" target=\"_blank\">EU-kommisjonens granskning.<\/a><\/p>\n<p>&#8211; Andre land har g\u00e5tt foran og sagt stopp, og jeg mener at Norge m\u00e5 gj\u00f8re det samme. Vi kan ikke sitte stille mens det lanseres KI-verkt\u00f8y som normaliserer overgrep mot barn, sier han.<\/p>\n","protected":false},"excerpt":{"rendered":"Om skandalen:\u00a0 \u00abAlle\u00bb varsler krig mot Elon Musks AI-verkt\u00f8y Grok. N\u00e5 sl\u00e5r milliard\u00e6ren kraftig tilbake.\u00a0 TAR GROK I&hellip;\n","protected":false},"author":2,"featured_media":137622,"comment_status":"","ping_status":"","sticky":false,"template":"","format":"standard","meta":{"footnotes":""},"categories":[12],"tags":[20,21,24,25,15,22,23,13,30,28,29,14,16,26,27,42,43,44,45],"class_list":{"0":"post-137621","1":"post","2":"type-post","3":"status-publish","4":"format-standard","5":"has-post-thumbnail","7":"category-verden","8":"tag-breaking-news","9":"tag-breakingnews","10":"tag-featured-news","11":"tag-featurednews","12":"tag-headlines","13":"tag-latest-news","14":"tag-latestnews","15":"tag-news","16":"tag-no","17":"tag-norge","18":"tag-norway","19":"tag-nyheter","20":"tag-overskrifter","21":"tag-top-stories","22":"tag-topstories","23":"tag-verden","24":"tag-world","25":"tag-world-news","26":"tag-worldnews"},"share_on_mastodon":{"url":"https:\/\/pubeurope.com\/@no\/115895835279399989","error":""},"_links":{"self":[{"href":"https:\/\/www.europesays.com\/no\/wp-json\/wp\/v2\/posts\/137621","targetHints":{"allow":["GET"]}}],"collection":[{"href":"https:\/\/www.europesays.com\/no\/wp-json\/wp\/v2\/posts"}],"about":[{"href":"https:\/\/www.europesays.com\/no\/wp-json\/wp\/v2\/types\/post"}],"author":[{"embeddable":true,"href":"https:\/\/www.europesays.com\/no\/wp-json\/wp\/v2\/users\/2"}],"replies":[{"embeddable":true,"href":"https:\/\/www.europesays.com\/no\/wp-json\/wp\/v2\/comments?post=137621"}],"version-history":[{"count":0,"href":"https:\/\/www.europesays.com\/no\/wp-json\/wp\/v2\/posts\/137621\/revisions"}],"wp:featuredmedia":[{"embeddable":true,"href":"https:\/\/www.europesays.com\/no\/wp-json\/wp\/v2\/media\/137622"}],"wp:attachment":[{"href":"https:\/\/www.europesays.com\/no\/wp-json\/wp\/v2\/media?parent=137621"}],"wp:term":[{"taxonomy":"category","embeddable":true,"href":"https:\/\/www.europesays.com\/no\/wp-json\/wp\/v2\/categories?post=137621"},{"taxonomy":"post_tag","embeddable":true,"href":"https:\/\/www.europesays.com\/no\/wp-json\/wp\/v2\/tags?post=137621"}],"curies":[{"name":"wp","href":"https:\/\/api.w.org\/{rel}","templated":true}]}}