{"id":137625,"date":"2026-01-14T22:35:09","date_gmt":"2026-01-14T22:35:09","guid":{"rendered":"https:\/\/www.europesays.com\/no\/137625\/"},"modified":"2026-01-14T22:35:09","modified_gmt":"2026-01-14T22:35:09","slug":"trumps-endring-til-krigsdepartementet-kan-gi-milliardregning","status":"publish","type":"post","link":"https:\/\/www.europesays.com\/no\/137625\/","title":{"rendered":"Trumps endring til krigsdepartementet kan gi milliardregning"},"content":{"rendered":"\n<p class=\"_lead_snl99_2 _lead_1fmmc_55 layout-component layout-normal body-large layout-component layout-wide layout-padded _wide_17hqh_1 layout-padded\">USAs president Donald Trumps beslutning om \u00e5 ta i bruk navnet \u00abKrigsdepartementet\u00bb kan koste skattebetalerne opptil 125 millioner dollar.<\/p>\n<p><img alt=\"Forsvarsminister Pete Hegseth, n\u00e5 med tittelen \u00abSecretary of War\u00bb, monterer skiltet som markerer navneendringen fra Forsvarsdepartementet til \u00abKrigsdepartementet\u00bb.\" class=\"_image_c08te_90 layout-component layout-wide\" data-fullscreen- data-track-element-type=\"Article image fullscreen\" data-track-name=\"ImageFullscreen\" fetchpriority=\"high\" decoding=\"sync\" loading=\"eager\" height=\"5043\" itemprop=\"image\"  src=\"https:\/\/www.europesays.com\/no\/wp-content\/uploads\/2026\/01\/0e420271-cb5f-434e-86bb-b23f120cb1ab.jpeg\"  style=\"object-position:0% 0%\" width=\"7564\"\/>Forsvarsminister Pete Hegseth, n\u00e5 med tittelen \u00abSecretary of War\u00bb, monterer skiltet som markerer navneendringen fra Forsvarsdepartementet til \u00abKrigsdepartementet\u00bb.Vis mer<\/p>\n<p> Foto: Air Force Staff Sgt. Madelyn Keech, DOW<\/p>\n<p>Oppsummeringen er laget med kunstig intelligens og kvalitetssikret av E24s journalister.<\/p>\n<ul class=\"_list_snl99_3 _list_16a6p_108 _unordered_snl99_109 _textTheme_1yhmn_1 body-small\">\n<li class=\"_item_snl99_34\">Trump vil endre navnet p\u00e5 USAs forsvarsdepartement til \u00abKrigsdepartementet\u00bb, noe som kan koste opptil 125 millioner dollar.<\/li>\n<li class=\"_item_snl99_34\">Pentagon har allerede brukt n\u00e6r to millioner dollar p\u00e5 navnebyttet.<\/li>\n<\/ul>\n<p>Vis mer <\/p>\n<p class=\"_paragraph_snl99_4 _paragraph_1fmmc_7 layout-component layout-normal body-medium layout-padded\">USAs president Donald Trumps beslutning om \u00e5 endre navnet p\u00e5 forsvarsdepartementet til \u00abDepartment of War\u00bb kan koste amerikanske skattebetalere alt fra noen f\u00e5 millioner til over 125 millioner dollar.<\/p>\n<p class=\"_paragraph_snl99_4 _paragraph_1fmmc_7 layout-component layout-normal body-medium layout-padded\">Det viser en ny analyse fra Congressional Budget Office (CBO), if\u00f8lge <a href=\"https:\/\/blinks.bloomberg.com\/news\/stories\/T8VC8KKJH6V6\" class=\"_link_snl99_43\" rel=\"nofollow noopener\" target=\"_blank\">Bloomberg.<\/a><\/p>\n<p><a class=\"_link_1hyue_61\" data-track-id=\"teaser:3p9poA\" data-track-impression=\"true\" data-track-name=\"Robert N\u00e6ss: Her kan AI-vinnerne skjule seg\" data-track-element-size=\"small\" data-track-element-type=\"Teaser\" data-track-image-url=\"https:\/\/www.europesays.com\/no\/wp-content\/uploads\/2026\/01\/c31368fa-2e43-49da-add2-f231e0073118.jpeg\" data-track-layout-name=\"image:right\" data-track-position-source=\"related-article\" href=\"https:\/\/e24.no\/boers-og-finans\/i\/3p9poA\/robert-naess-her-kan-ai-vinnerne-skjule-seg\" rel=\"nofollow noopener\" target=\"_blank\"><\/p>\n<p class=\"label-small _kicker_1hyue_27\">Les ogs\u00e5<\/p>\n<p>Robert N\u00e6ss: Her kan AI-vinnerne skjule seg<img decoding=\"async\" alt=\"\" class=\"_image_1hyue_16\" height=\"6087\" loading=\"lazy\"  src=\"https:\/\/www.europesays.com\/no\/wp-content\/uploads\/2026\/01\/c31368fa-2e43-49da-add2-f231e0073118.jpeg\"  width=\"9126\"\/><\/a>\u2013 Vi driver ogs\u00e5 med angrep<\/p>\n<p class=\"_paragraph_snl99_4 _paragraph_1fmmc_7 layout-component layout-normal body-medium layout-padded\">Bakgrunnen er en presidentordre Trump signerte i september, der han gir gr\u00f8nt lys for \u00e5 bruke det gamle navnet p\u00e5 Forsvarsdepartementet. Trump har sagt at navneendringen skal signalisere USAs vilje og evne til \u00e5 \u00abkjempe og vinne kriger p\u00e5 kort varsel\u00bb.<\/p>\n<p><img alt=\"President Donald Trump signerer presidentordren om \u00e5 ta i bruk navnet \u00abDepartment of War\u00bb, flankert av USAs nye \u00abSecretary of War\u00bb, Pete Hegseth.\" class=\"_image_c08te_90 layout-component layout-normal\" data-fullscreen- data-track-element-type=\"Article image fullscreen\" data-track-name=\"ImageFullscreen\" decoding=\"async\" loading=\"lazy\" height=\"3840\" itemprop=\"image\"  src=\"https:\/\/www.europesays.com\/no\/wp-content\/uploads\/2026\/01\/b7397d0c-04c2-4981-971c-8588d166817c.png\"  style=\"object-position:0% 0%\" width=\"5760\"\/>President Donald Trump signerer presidentordren om \u00e5 ta i bruk navnet \u00abDepartment of War\u00bb, flankert av USAs nye \u00abSecretary of War\u00bb, Pete Hegseth.Vis mer<\/p>\n<p>Foto: MANDEL NGAN \/ AFP \/ NTB<\/p>\n<p class=\"_paragraph_snl99_4 _paragraph_1fmmc_7 layout-component layout-normal body-medium layout-padded\">Det amerikanske forsvarsdepartementet bar navnet \u00abDepartment of War\u00bb fram til 1947. Etter andre verdenskrig ble navnet endret til \u00abDepartment of Defense\u00bb.<\/p>\n<p class=\"_paragraph_snl99_4 _paragraph_1fmmc_7 layout-component layout-normal body-medium layout-padded\">Hegseth har sagt at en endring b\u00f8r gjenspeile et bredere skifte i Pentagon.<\/p>\n<p class=\"_paragraph_snl99_4 _paragraph_1fmmc_7 layout-component layout-normal body-medium layout-padded\">\u2013 Vi vant f\u00f8rste verdenskrig og vi vant andre verdenskrig, ikke med et forsvarsdepartement, men med et krigsdepartement. Som presidenten har sagt, s\u00e5 driver vi ikke bare med forsvar, vi driver ogs\u00e5 med angrep, sa Hegseth til Fox News i september.<\/p>\n<p><img alt=\"Trump har sagt at navneendringen skal signalisere USAs vilje og evne til \u00e5 \u00abkjempe og vinne kriger p\u00e5 kort varsel\u00bb.\" class=\"_image_c08te_90 layout-component layout-normal\" data-fullscreen- data-track-element-type=\"Article image fullscreen\" data-track-name=\"ImageFullscreen\" decoding=\"async\" loading=\"lazy\" height=\"4970\" itemprop=\"image\"  src=\"https:\/\/www.europesays.com\/no\/wp-content\/uploads\/2026\/01\/ff34cb3b-a327-4cf9-b831-bedf373c8b45.jpeg\"  style=\"object-position:0% 0%\" width=\"7456\"\/>Trump har sagt at navneendringen skal signalisere USAs vilje og evne til \u00e5 \u00abkjempe og vinne kriger p\u00e5 kort varsel\u00bb.Vis mer<\/p>\n<p>Foto: ANDREW CABALLERO-REYNOLDS \/ AFP \/ NTB<\/p>\n<p>\u2013 Symbolpolitikk p\u00e5 sitt verste<\/p>\n<p class=\"_paragraph_snl99_4 _paragraph_1fmmc_7 layout-component layout-normal body-medium layout-padded\">CBO opplyser at Pentagon allerede har brukt 1,9 millioner dollar p\u00e5 blant annet flagg, plaketter og oppdatert oppl\u00e6ringsmateriell. Summen dekker bare en 30-dagersperiode og omfatter ikke alle deler av forsvarsapparatet, noe som tyder p\u00e5 at de reelle kostnadene kan v\u00e6re langt h\u00f8yere, skriver Bloomberg.<\/p>\n<p class=\"_paragraph_snl99_4 _paragraph_1fmmc_7 layout-component layout-normal body-medium layout-padded\">Siden bare Kongressen kan fastsette navn p\u00e5 departementer, regnes \u00abKrigsdepartementet\u00bb forel\u00f8pig som et uformelt tilleggsnavn.<\/p>\n<p><img alt=\"Arbeidere fjerner skiltbokstaver etter at Forsvarsdepartementet n\u00e5 har endret navn til \u00abKrigsdepartementet\u00bb.\" class=\"_image_c08te_90 layout-component layout-normal\" data-fullscreen- data-track-element-type=\"Article image fullscreen\" data-track-name=\"ImageFullscreen\" decoding=\"async\" loading=\"lazy\" height=\"1924\" itemprop=\"image\"  src=\"https:\/\/www.europesays.com\/no\/wp-content\/uploads\/2026\/01\/c21875be-b588-46db-ad11-ca6ad11d0ac9.png\"  style=\"object-position:0% 0%\" width=\"3456\"\/>Arbeidere fjerner skiltbokstaver etter at Forsvarsdepartementet n\u00e5 har endret navn til \u00abKrigsdepartementet\u00bb.Vis mer<\/p>\n<p>Foto: Reuters TV \/ Reuters \/ NTB<\/p>\n<p class=\"_paragraph_snl99_4 _paragraph_1fmmc_7 layout-component layout-normal body-medium layout-padded\">If\u00f8lge CBO vil en begrenset innf\u00f8ring av det nye navnet, i hovedsak knyttet til forsvarsministerens kontor, koste rundt 10 millioner dollar. <\/p>\n<p class=\"_paragraph_snl99_4 _paragraph_1fmmc_7 layout-component layout-normal body-medium layout-padded\">En bred og rask innf\u00f8ring i hele forsvarssektoren kan derimot drive prislappen over 125 millioner dollar. Mens, dersom Kongressen formelt vedtar navneendringen, kan kostnadene i verste fall komme opp i \u00abflere hundre millioner dollar\u00bb, advarer CBO.<\/p>\n<p class=\"_paragraph_snl99_4 _paragraph_1fmmc_7 layout-component layout-normal body-medium layout-padded\">Demokraten Jeff Merkley, som ba om analysen, kritiserer tiltaket kraftig.<\/p>\n<p class=\"_paragraph_snl99_4 _paragraph_1fmmc_7 layout-component layout-normal body-medium layout-padded\">\u2013 Dette er symbolpolitikk p\u00e5 sitt verste og bidrar hverken til \u00e5 styrke nasjonal sikkerhet eller til \u00e5 hjelpe soldater og deres familier, sier Merkley.<\/p>\n","protected":false},"excerpt":{"rendered":"USAs president Donald Trumps beslutning om \u00e5 ta i bruk navnet \u00abKrigsdepartementet\u00bb kan koste skattebetalerne opptil 125 millioner&hellip;\n","protected":false},"author":2,"featured_media":137626,"comment_status":"","ping_status":"","sticky":false,"template":"","format":"standard","meta":{"footnotes":""},"categories":[5],"tags":[20,21,24,25,15,19,22,23,17,18,13,30,28,29,14,16,6506,26,27,766],"class_list":{"0":"post-137625","1":"post","2":"type-post","3":"status-publish","4":"format-standard","5":"has-post-thumbnail","7":"category-overskrifter","8":"tag-breaking-news","9":"tag-breakingnews","10":"tag-featured-news","11":"tag-featurednews","12":"tag-headlines","13":"tag-hovedoppslag","14":"tag-latest-news","15":"tag-latestnews","16":"tag-main-news","17":"tag-mainnews","18":"tag-news","19":"tag-no","20":"tag-norge","21":"tag-norway","22":"tag-nyheter","23":"tag-overskrifter","24":"tag-pete-hegseth","25":"tag-top-stories","26":"tag-topstories","27":"tag-trump"},"share_on_mastodon":{"url":"https:\/\/pubeurope.com\/@no\/115895843526813786","error":""},"_links":{"self":[{"href":"https:\/\/www.europesays.com\/no\/wp-json\/wp\/v2\/posts\/137625","targetHints":{"allow":["GET"]}}],"collection":[{"href":"https:\/\/www.europesays.com\/no\/wp-json\/wp\/v2\/posts"}],"about":[{"href":"https:\/\/www.europesays.com\/no\/wp-json\/wp\/v2\/types\/post"}],"author":[{"embeddable":true,"href":"https:\/\/www.europesays.com\/no\/wp-json\/wp\/v2\/users\/2"}],"replies":[{"embeddable":true,"href":"https:\/\/www.europesays.com\/no\/wp-json\/wp\/v2\/comments?post=137625"}],"version-history":[{"count":0,"href":"https:\/\/www.europesays.com\/no\/wp-json\/wp\/v2\/posts\/137625\/revisions"}],"wp:featuredmedia":[{"embeddable":true,"href":"https:\/\/www.europesays.com\/no\/wp-json\/wp\/v2\/media\/137626"}],"wp:attachment":[{"href":"https:\/\/www.europesays.com\/no\/wp-json\/wp\/v2\/media?parent=137625"}],"wp:term":[{"taxonomy":"category","embeddable":true,"href":"https:\/\/www.europesays.com\/no\/wp-json\/wp\/v2\/categories?post=137625"},{"taxonomy":"post_tag","embeddable":true,"href":"https:\/\/www.europesays.com\/no\/wp-json\/wp\/v2\/tags?post=137625"}],"curies":[{"name":"wp","href":"https:\/\/api.w.org\/{rel}","templated":true}]}}