{"id":137627,"date":"2026-01-14T22:36:10","date_gmt":"2026-01-14T22:36:10","guid":{"rendered":"https:\/\/www.europesays.com\/no\/137627\/"},"modified":"2026-01-14T22:36:10","modified_gmt":"2026-01-14T22:36:10","slug":"minneord-viken-idrettskrets-til-minne-om-oyvind-gresslos","status":"publish","type":"post","link":"https:\/\/www.europesays.com\/no\/137627\/","title":{"rendered":"Minneord, Viken idrettskrets | Til minne om \u00d8yvind Gressl\u00f8s"},"content":{"rendered":"\n<p>Viken idrettskrets har med stor sorg mottatt budskapet om at v\u00e5rt styremedlem \u00d8yvind Gressl\u00f8s br\u00e5tt og uventet har g\u00e5tt bort. \u00d8yvind ble nylig 70 \u00e5r, og vi kjenner p\u00e5 et stort tomrom etter et menneske som betydde mye for mange.<\/p>\n<p>\u00d8yvind var en som gjorde inntrykk uten \u00e5 ta plass. Han m\u00f8tte folk med et varmt smil og med en ro som smittet. Han hadde evnen til \u00e5 v\u00e6re stille n\u00e5r det trengtes, og nettopp derfor ble det s\u00e5 tydelig n\u00e5r han sa noe. N\u00e5r \u00d8yvind \u00e5pnet munnen, lyttet folk. Ikke fordi han hevet stemmen, men fordi han hadde en kombinasjon av klokskap, omgjengelighet og omtanke. I styret i Viken idrettskrets var \u00d8yvind en trygg og samlende person. Han var alltid blid, alltid h\u00f8flig og alltid til \u00e5 stole p\u00e5. Han s\u00e5 menneskene i sakene, og han minnet oss ofte om hva arbeidet v\u00e5rt egentlig handler om.<\/p>\n<p>\u00d8yvind bar med seg idrettens verdier p\u00e5 en m\u00e5te som var genuin. Den siste perioden var \u00d8yvind en del av en arbeidsgruppe i idrettskretsen som hadde fokus p\u00e5 \u00e5 v\u00e6re aktiv hele livet og senioraktivitet, i tillegg til at han deltok i folkehelseutvalget. Dette samtidig som han var ringside i Trondheim for \u00e5 se VM p\u00e5 ski. Med andre ord var b\u00e5de topp- og breddeidrett noe som engasjerte \u00d8yvind.<\/p>\n<p>Gjennom et langt liv i skoleverket, blant annet som utdanningsleder og langrennstrener p\u00e5 St. Olav videreg\u00e5ende skole i Sarpsborg, har \u00d8yvind v\u00e6rt med p\u00e5 \u00e5 forme hverdagen til sv\u00e6rt mange ungdommer. Som ung ut\u00f8ver selv, var det orientering, langrenn og friidrett i Varteig idrettslag som var \u00d8yvinds store lidenskap. \u00d8yvind var dedikert, og at han drev med idretter som krevde et mildt sagt godt treningsgrunnlag, er et bevis p\u00e5 nettopp det. Som voksen har han gjennom en \u00e5rrekke v\u00e6rt medlem i Tr\u00f8sken idrettslag i Sarpsborg, hvor ski, i tillegg til menneskene, var det som sto hans hjerte n\u00e6rmest.<\/p>\n<p>Han bidro til at generasjoner med ungdom fikk oppleve idretts- og aktivitetsglede. Ikke som et krav, men som en mulighet. \u00d8yvind var en \u00e5 se opp til, en som s\u00e5 andre og en som unte andre kun det beste. Rett og slett en hedersmann og hel ved.<\/p>\n<p>Det er tungt \u00e5 ta inn at \u00d8yvind ikke er blant oss lenger. Samtidig sitter vi igjen med stor takknemlighet. For samtalene, for tryggheten han skapte, for klokskapen, for hans engasjement, hans vennlige og varme tilstedev\u00e6relse. \u00d8yvind vil bli savnet. V\u00e5re tanker g\u00e5r til alle p\u00e5r\u00f8rende og til alle som sto ham n\u00e6r.<\/p>\n<p>  <a href=\"https:\/\/www.sa.no\/5-46-1931252\" class=\"related-teaser has-image default-opinion-teaser article--c-eRUmMG article--c-eRUmMG-jKCPdD-design-default\" rel=\"nofollow noopener\" target=\"_blank\"><\/p>\n<p>    <img decoding=\"async\" loading=\"lazy\"  src=\"https:\/\/www.europesays.com\/no\/wp-content\/uploads\/2026\/01\/5_46_1027165+er+kirkeg%C3%A5rdsskandalen+p%C3%A5.jpg\" alt=\"\" class=\"brick-c-cFOWSL\" style=\"\"\/><\/p>\n<p>\n            Les ogs\u00e5<\/p>\n<p>              Vi prek\u00e6s! I neste begravelse&#8230;\n        <\/p>\n<p>  <\/a><\/p>\n<p>  <a href=\"https:\/\/www.sa.no\/5-46-1933526\" class=\"related-teaser has-image default-story-teaser article--c-eRUmMG article--c-eRUmMG-jKCPdD-design-default\" rel=\"nofollow noopener\" target=\"_blank\"><\/p>\n<p>    <img decoding=\"async\" loading=\"lazy\"  src=\"https:\/\/www.europesays.com\/no\/wp-content\/uploads\/2026\/01\/5_46_1079831+Jan+Olaf+Engsmyr+%281+of+3%29.jpg\" alt=\"\" class=\"brick-c-cFOWSL\" style=\"\"\/><\/p>\n<p>\n            Les ogs\u00e5<\/p>\n<p>              Disse sarpingene tok vi farvel med i 2025\n        <\/p>\n<p>  <\/a><\/p>\n","protected":false},"excerpt":{"rendered":"Viken idrettskrets har med stor sorg mottatt budskapet om at v\u00e5rt styremedlem \u00d8yvind Gressl\u00f8s br\u00e5tt og uventet har&hellip;\n","protected":false},"author":2,"featured_media":137628,"comment_status":"","ping_status":"","sticky":false,"template":"","format":"standard","meta":{"footnotes":""},"categories":[59],"tags":[36,692,30,28,29,1533,83,82,15736,15737,15738,15735],"class_list":{"0":"post-137627","1":"post","2":"type-post","3":"status-publish","4":"format-standard","5":"has-post-thumbnail","7":"category-sport","8":"tag-art","9":"tag-minneord","10":"tag-no","11":"tag-norge","12":"tag-norway","13":"tag-opinion","14":"tag-sport","15":"tag-sports","16":"tag-st-olav-videregaende-skole","17":"tag-trosken-il","18":"tag-varteig-il","19":"tag-viken-idrettskrets"},"share_on_mastodon":{"url":"https:\/\/pubeurope.com\/@no\/115895847014371906","error":""},"_links":{"self":[{"href":"https:\/\/www.europesays.com\/no\/wp-json\/wp\/v2\/posts\/137627","targetHints":{"allow":["GET"]}}],"collection":[{"href":"https:\/\/www.europesays.com\/no\/wp-json\/wp\/v2\/posts"}],"about":[{"href":"https:\/\/www.europesays.com\/no\/wp-json\/wp\/v2\/types\/post"}],"author":[{"embeddable":true,"href":"https:\/\/www.europesays.com\/no\/wp-json\/wp\/v2\/users\/2"}],"replies":[{"embeddable":true,"href":"https:\/\/www.europesays.com\/no\/wp-json\/wp\/v2\/comments?post=137627"}],"version-history":[{"count":0,"href":"https:\/\/www.europesays.com\/no\/wp-json\/wp\/v2\/posts\/137627\/revisions"}],"wp:featuredmedia":[{"embeddable":true,"href":"https:\/\/www.europesays.com\/no\/wp-json\/wp\/v2\/media\/137628"}],"wp:attachment":[{"href":"https:\/\/www.europesays.com\/no\/wp-json\/wp\/v2\/media?parent=137627"}],"wp:term":[{"taxonomy":"category","embeddable":true,"href":"https:\/\/www.europesays.com\/no\/wp-json\/wp\/v2\/categories?post=137627"},{"taxonomy":"post_tag","embeddable":true,"href":"https:\/\/www.europesays.com\/no\/wp-json\/wp\/v2\/tags?post=137627"}],"curies":[{"name":"wp","href":"https:\/\/api.w.org\/{rel}","templated":true}]}}