{"id":137631,"date":"2026-01-14T22:44:09","date_gmt":"2026-01-14T22:44:09","guid":{"rendered":"https:\/\/www.europesays.com\/no\/137631\/"},"modified":"2026-01-14T22:44:09","modified_gmt":"2026-01-14T22:44:09","slug":"det-er-ti-grader-i-leiligheten-til-olexii","status":"publish","type":"post","link":"https:\/\/www.europesays.com\/no\/137631\/","title":{"rendered":"Det er ti grader i leiligheten til Olexii"},"content":{"rendered":"\n<p class=\"_paragraph_o9xde_4 _paragraph_xtcu6_10 layout-component text-serif-m layout-normal text-serif-m layout-padded\">Sammen med moren sin fors\u00f8ker han \u00e5 f\u00e5 tilbake litt varme. I koppen har han varm te. Kroppen er kald.<\/p>\n<p class=\"_paragraph_o9xde_4 _paragraph_xtcu6_10 layout-component text-serif-m layout-normal text-serif-m layout-padded\">VG er \u00f8st i <a href=\"https:\/\/www.vg.no\/tag\/ukraina?utm_source=vg-article&amp;utm_medium=auto-tagger&amp;utm_campaign=GxajXQ\" class=\"_link_o9xde_39\" rel=\"nofollow noopener\" target=\"_blank\">Ukrainas<\/a> hovedstad Kyiv. Her er det sv\u00e6rt mange leiligheter uten str\u00f8m og varme etter en rekke massive, russiske <a href=\"https:\/\/www.vg.no\/nyheter\/i\/XM8wor\/russland-angriper-kyiv-og-lviv-med-missiler-og-droner\" data-track-element-type=\"Link\" data-track-id=\"link:XM8wor\" class=\"_link_o9xde_39\" rel=\"nofollow noopener\" target=\"_blank\">angrep.<\/a><\/p>\n<p class=\"_paragraph_o9xde_4 _paragraph_xtcu6_10 layout-component text-serif-m layout-normal text-serif-m layout-padded\">Onsdag morgen ble byen rammet av en ny runde eksplosjoner. <\/p>\n<p class=\"_paragraph_o9xde_4 _paragraph_xtcu6_10 layout-component text-serif-m layout-normal text-serif-m layout-padded\">President Volodymyr Zelenskyj erkl\u00e6rte unntakstilstandunntakstilstandDet mobiliseres spesialenheter som skal jobbe d\u00f8gnet rundt med \u00e5 gjenopprette str\u00f8m og varme. i energisektoren.<\/p>\n<p class=\"_paragraph_o9xde_4 _paragraph_xtcu6_10 layout-component text-serif-m layout-normal text-serif-m layout-padded\">Utenriksminister Espen Barth Eide har ogs\u00e5 f\u00e5tt kjenne p\u00e5 alvoret. Han m\u00e5tte tilbringe en del av natten i et bomberom natt til tirsdag. P\u00e5 dagen hadde han <a href=\"https:\/\/www.vg.no\/nyheter\/i\/d4lR1q\/eide-i-et-iskaldt-ukraina-situasjonen-er-kritisk\" data-track-element-type=\"Link\" data-track-id=\"link:d4lR1q\" class=\"_link_o9xde_39\" rel=\"nofollow noopener\" target=\"_blank\">delt ut milliarder <\/a>i krisest\u00f8tte til nettopp str\u00f8m og varme i Ukraina.<\/p>\n<p class=\"_paragraph_o9xde_4 _paragraph_xtcu6_10 layout-component text-serif-m layout-normal text-serif-m layout-padded\">Olexii er ikke p\u00e5 skolen n\u00e5. Den er stengt. Kulden, som har lagt seg som et lokk over Kyiv, og mangelen p\u00e5 str\u00f8m og oppvarming, gj\u00f8r det umulig \u00e5 gjennomf\u00f8re undervisning. <\/p>\n<p class=\"_paragraph_o9xde_4 _paragraph_xtcu6_10 layout-component text-serif-m layout-normal text-serif-m layout-padded\">\u2013 Noen av mine venner fors\u00f8kte \u00e5 g\u00e5 p\u00e5 skolen mandag, men det var altfor kaldt. De kom hjem igjen, forteller han.<\/p>\n<p class=\"_paragraph_o9xde_4 _paragraph_xtcu6_10 layout-component text-serif-m layout-normal text-serif-m layout-padded\">Det hjelper ikke mye \u00e5 v\u00e6re hjemme fra skolen for ham. I leiligheten er det n\u00e5 ti grader.<\/p>\n<p class=\"_paragraph_o9xde_4 _paragraph_xtcu6_10 layout-component text-serif-m layout-normal text-serif-m layout-padded\">\u2013 Det er vanskelig. Jeg m\u00e5 kle meg med flere lag kl\u00e6r, og s\u00e5 legger jeg alt jeg har over meg for \u00e5 f\u00e5 sove.<\/p>\n<p class=\"_paragraph_o9xde_4 _paragraph_xtcu6_10 layout-component text-serif-m layout-normal text-serif-m layout-padded\">Moren Halyna (52) sitter ved hans side sammen med den 85 \u00e5r gamle naboen Olha. P\u00e5 bordet ligger mobiltelefoner og powerbanks til lading. I fire dager har situasjonen v\u00e6rt krevende.<\/p>\n<p class=\"_paragraph_o9xde_4 _paragraph_xtcu6_10 layout-component text-serif-m layout-normal text-serif-m layout-padded\">\u2013 Dette er f\u00f8rste gang at str\u00f8m og varme har v\u00e6rt borte s\u00e5 lenge. Og s\u00e5 akkurat n\u00e5, n\u00e5r det er s\u00e5 iskaldt i luften, sier Halyna.<\/p>\n<p class=\"_paragraph_o9xde_4 _paragraph_xtcu6_10 layout-component text-serif-m layout-normal text-serif-m layout-padded\">Russland har trappet opp angrepene mot Ukraina. Det rammer kritisk infrastrukturkritisk infrastrukturViktige systemer som er n\u00f8dvendige for at et samfunn skal fungere, som str\u00f8mforsyning, vannforsyning og transportnettverk., og dermed ogs\u00e5 befolkningen. Til uken meldes det at temperaturen kan falle til minus 24. <\/p>\n<p><img alt=\"En av bygningene som ble truffet av russiske droner under angrepet mot Kyiv 12. januar.  Foto: Thomas Peter \/ Reuters\" class=\"_image_qp4xg_65 layout-component layout-normal\" data-fullscreen- data-track-element-type=\"Article image fullscreen\" data-track-name=\"ImageFullscreen\" decoding=\"async\" loading=\"lazy\" height=\"2999\" itemprop=\"image\"  src=\"https:\/\/www.europesays.com\/no\/wp-content\/uploads\/2026\/01\/46d03a5a-5fdc-43f0-816a-2140e29c64e9.jpeg\"  style=\"object-position:0% 0%\" width=\"2063\"\/>En av bygningene som ble truffet av russiske droner under angrepet mot Kyiv 12. januar.  Foto: Thomas Peter \/ Reuters<img alt=\"En av bygningene som ble truffet av russiske droner under angrepet mot Kyiv 12. januar.  Foto: Thomas Peter \/ Reuters\" class=\"_image_qp4xg_65 layout-component layout-normal\" data-fullscreen- data-track-element-type=\"Article image fullscreen\" data-track-name=\"ImageFullscreen\" decoding=\"async\" loading=\"lazy\" height=\"2995\" itemprop=\"image\"  src=\"https:\/\/www.europesays.com\/no\/wp-content\/uploads\/2026\/01\/4ea7a999-645f-42e7-9066-ca9884e01d15.jpeg\"  style=\"object-position:0% 0%\" width=\"3992\"\/>En av bygningene som ble truffet av russiske droner under angrepet mot Kyiv 12. januar.  Foto: Thomas Peter \/ Reuters<img alt=\"En av bygningene som ble truffet av russiske droner under angrepet mot Kyiv 12. januar.  Foto: Thomas Peter \/ Reuters\" class=\"_image_qp4xg_65 layout-component layout-normal\" data-fullscreen- data-track-element-type=\"Article image fullscreen\" data-track-name=\"ImageFullscreen\" decoding=\"async\" loading=\"lazy\" height=\"2995\" itemprop=\"image\"  src=\"https:\/\/www.europesays.com\/no\/wp-content\/uploads\/2026\/01\/4ea7a999-645f-42e7-9066-ca9884e01d15.jpeg\"  style=\"object-position:0% 0%\" width=\"3992\"\/>En av bygningene som ble truffet av russiske droner under angrepet mot Kyiv 12. januar.  Foto: Thomas Peter \/ Reuters<\/p>\n<p class=\"_paragraph_o9xde_4 _paragraph_xtcu6_10 layout-component text-serif-m layout-normal text-serif-m layout-padded\">\u2013 I dag startet fienden et angrep med en intervall p\u00e5 ikke mer enn fem dager etter det forrige. Vi ser at fienden g\u00e5r all-in og bruker alle sine krefter p\u00e5 \u00e5 \u00f8delegge energisystemet, sa den ukrainske viseenergiministeren Mykola Kolisnyk <a href=\"https:\/\/biz.liga.net\/ua\/all\/tek\/novosti\/minenerho-pro-masovani-udary-rosii-voroh-ide-va-bank\" class=\"_link_o9xde_39\" rel=\"nofollow noopener\" target=\"_blank\">tirsdag<\/a>.<\/p>\n<p class=\"_paragraph_o9xde_4 _paragraph_xtcu6_10 layout-component text-serif-m layout-normal text-serif-m layout-padded\">Men ukrainerne er raske til \u00e5 finne l\u00f8sninger:<\/p>\n<p class=\"_paragraph_o9xde_4 _paragraph_xtcu6_10 layout-component text-serif-m layout-normal text-serif-m layout-padded\">Myndighetene lapper sammen str\u00f8mforsyningen s\u00e5 raskt som mulig. Og kreativitet er avgj\u00f8rende for at folk skal klare seg.<\/p>\n<p class=\"_paragraph_o9xde_4 _paragraph_xtcu6_10 layout-component text-serif-m layout-normal text-serif-m layout-padded\">Olexii, moren og naboen har funnet en m\u00e5te \u00e5 overleve de nettene p\u00e5. De har gass i leiligheten, som de bruker til \u00e5 varme vann. S\u00e5 fyller de det over p\u00e5 plastflasker som legges ved f\u00f8ttene n\u00e5r de skal sove.<\/p>\n<p class=\"_paragraph_o9xde_4 _paragraph_xtcu6_10 layout-component text-serif-m layout-normal text-serif-m layout-padded\">\u2013 Flaskene holder p\u00e5 varmen et par timer. S\u00e5 st\u00e5r vi opp og gjentar det, forteller Halyna.<\/p>\n<p class=\"_paragraph_o9xde_4 _paragraph_xtcu6_10 layout-component text-serif-m layout-normal text-serif-m layout-padded\">Folk kommer og g\u00e5r fra teltet, som er satt opp mellom en rekke store boligblokker. Utenfor br\u00e5ker et aggregataggregatEn maskin som produserer elektrisitet, ofte brukt som en midlertidig l\u00f8sning n\u00e5r det ikke er tilgang til vanlig str\u00f8mforsyning.. Tr\u00e6rne er dekket av is og blinker som krystaller n\u00e5r solen slipper fram noen str\u00e5ler. <\/p>\n<p class=\"_paragraph_o9xde_4 _paragraph_xtcu6_10 layout-component text-serif-m layout-normal text-serif-m layout-padded\">N\u00e5r str\u00f8mmen kommer tilbake, er usikkert.<\/p>\n<p class=\"_paragraph_o9xde_4 _paragraph_xtcu6_10 layout-component text-serif-m layout-normal text-serif-m layout-padded\">Flere ganger i d\u00f8gnet forsvinner den. Folk varsles via en telefonapp. Gatelysene g\u00e5r i svart. Boligblokker blir m\u00f8rke. Butikker, kafeer, hoteller og offentlige bygninger har aggregater som h\u00f8res over alt. <\/p>\n<p class=\"_paragraph_o9xde_4 _paragraph_xtcu6_10 layout-component text-serif-m layout-normal text-serif-m layout-padded\">Hos familien til Anton (38) og Sasha (37) p\u00e5 motsatt side av Kyiv er et stort, kinesisk batteri blitt l\u00f8sningen og redningen. Etter at russiske missiler traff str\u00f8mforsyningen natt til tirsdag, har de v\u00e6rt uten elektrisitet.<\/p>\n<p class=\"_paragraph_o9xde_4 _paragraph_xtcu6_10 layout-component text-serif-m layout-normal text-serif-m layout-padded\">Huset de leier er fortsatt pyntet etter julefeiring. I gangen kaster et par batteridrevne lamper et bl\u00e5tt lys mot veggen. I stuen henger lyslenker som kan lades opp. Det er godt og varmt. <\/p>\n<p class=\"_paragraph_o9xde_4 _paragraph_xtcu6_10 layout-component text-serif-m layout-normal text-serif-m layout-padded\">Her bor paret sammen med sine 12 \u00e5r gamle tvillingd\u00f8tre Adelaida og Marharyta og s\u00f8nnen Mark p\u00e5 14. <\/p>\n<p class=\"_paragraph_o9xde_4 _paragraph_xtcu6_10 layout-component text-serif-m layout-normal text-serif-m layout-padded\">\u2013 Vi har ikke hatt str\u00f8m siden klokken fem i morges. Den skulle ha v\u00e6rt tilbake for fire timer siden, sier Sasha. Hun skrur p\u00e5 en lyslenke p\u00e5 badet. Det blir badet i lilla farger. <\/p>\n<p class=\"_paragraph_o9xde_4 _paragraph_xtcu6_10 layout-component text-serif-m layout-normal text-serif-m layout-padded\">Utenfor forsvinner siste rest av dagslys. Det sn\u00f8r lett. Dette er den kaldeste perioden Ukraina har opplevd siden Russland invaderte for snart fire \u00e5r siden. <\/p>\n<p class=\"_paragraph_o9xde_4 _paragraph_xtcu6_10 layout-component text-serif-m layout-normal text-serif-m layout-padded\">\u2013 Batteriet vi kj\u00f8pte fra Kina i 2023 er v\u00e5r l\u00f8sning. Det lades n\u00e5r vi har str\u00f8m. N\u00e5r den forsvinner, s\u00f8rger det for \u00e5 gi str\u00f8m til pumpen som presser varmtvann inn i r\u00f8rene og radiatorene i huset, forteller hun. <\/p>\n<p class=\"_paragraph_o9xde_4 _paragraph_xtcu6_10 layout-component text-serif-m layout-normal text-serif-m layout-padded\">Vannet varmes av gass, som de fortsatt har. <\/p>\n<p class=\"_paragraph_o9xde_4 _paragraph_xtcu6_10 layout-component text-serif-m layout-normal text-serif-m layout-padded\">Vanligvis er str\u00f8mmen borte i kortere perioder. Batteriet har aldri falt til under 75 prosent. Dette er f\u00f8rste gangen de opplever det. Blir det helt krise, kan hele familien trekke inn i stuen, og de kan fyre i peisen. De har ogs\u00e5 muligheten til \u00e5 hente et aggregat. <\/p>\n<p class=\"_paragraph_o9xde_4 _paragraph_xtcu6_10 layout-component text-serif-m layout-normal text-serif-m layout-padded\">\u2013 Vi har kj\u00f8pt inn lys som g\u00e5r p\u00e5 batteri, vi kan lade telefoner og radiatorene er varme. Om dette varer lenge, er vi forberedt p\u00e5 \u00e5 ta imot folk som ikke har denne muligheten til \u00e5 holde det varmt. <\/p>\n<p class=\"_paragraph_o9xde_4 _paragraph_xtcu6_10 layout-component text-serif-m layout-normal text-serif-m layout-padded\">For barna er nok det tyngste frav\u00e6ret av mobiltelefoner og PC-er. Tvillingene Adelaida og Marharyta sitter p\u00e5 sengen sin og venter. <\/p>\n<p class=\"_paragraph_o9xde_4 _paragraph_xtcu6_10 layout-component text-serif-m layout-normal text-serif-m layout-padded\">Familien har innf\u00f8rt restriksjoner p\u00e5 telefonbruk for \u00e5 spare str\u00f8m. S\u00f8nnen Mark er heldigvis glad i \u00e5 lese b\u00f8ker. <\/p>\n<p class=\"_paragraph_o9xde_4 _paragraph_xtcu6_10 layout-component text-serif-m layout-normal text-serif-m layout-padded\">\u2013 Det er klart det er kjedelig n\u00e5r jeg ikke kan sette meg ned foran datamaskinen, sier 14-\u00e5ringen. <\/p>\n<p class=\"_paragraph_o9xde_4 _paragraph_xtcu6_10 layout-component text-serif-m layout-normal text-serif-m layout-padded\">Sasha pr\u00f8ver \u00e5 gj\u00f8re barnas liv s\u00e5 bekymringsfritt som mulig. I huset de leier har de egne rom. De har gass til \u00e5 lage mat. Og n\u00e5r str\u00f8mmen kommer tilbake, har de varmtvann i kranene. <\/p>\n<p class=\"_paragraph_o9xde_4 _paragraph_xtcu6_10 layout-component text-serif-m layout-normal text-serif-m layout-padded\">Men n\u00e5r flyalarmen uler om nettene, samles de alle fem i gangen. <\/p>\n<p class=\"_paragraph_o9xde_4 _paragraph_xtcu6_10 layout-component text-serif-m layout-normal text-serif-m layout-padded\">\u2013 Vi har madrasser st\u00e5ende klare i gangen. Vi legger oss p\u00e5 gulvet, hele familien sammen. Her er det tryggeste stedet i huset p\u00e5 grunn av yttervegger og veggene i gangen, forklarer hun. Barna synes det er koselig. <\/p>\n<p class=\"_paragraph_o9xde_4 _paragraph_xtcu6_10 layout-component text-serif-m layout-normal text-serif-m layout-padded\">\u2013 I natt vekket ikke mannen min oss. Han s\u00e5 p\u00e5 Telegram at missilene ikke var p\u00e5 vei mot v\u00e5rt nabolag, s\u00e5 da lot han oss f\u00e5 sove.<\/p>\n<p class=\"_paragraph_o9xde_4 _paragraph_xtcu6_10 layout-component text-serif-m layout-normal text-serif-m layout-padded\">De har opplevd mer skremmende ting enn flyalarmer. Da Russland gikk inn i Ukraina, flyktet de til en landsby utenfor Kyiv. Noen dager senere s\u00e5 de lange kolonner med russiske kj\u00f8ret\u00f8y utenfor huset de bodde i. <\/p>\n<p class=\"_paragraph_o9xde_4 _paragraph_xtcu6_10 layout-component text-serif-m layout-normal text-serif-m layout-padded\">\u2013 Da valgte vi \u00e5 flykte. Vi endte til slutt opp i Portugal i seks m\u00e5neder f\u00f8r vi returnerte hjem, sier Sasha. <\/p>\n<p class=\"_paragraph_o9xde_4 _paragraph_xtcu6_10 layout-component text-serif-m layout-normal text-serif-m layout-padded\">I Kyiv er b\u00e5de hun og mannen i jobb. Og huset deres er forberedt p\u00e5 lange perioder uten str\u00f8m. <\/p>\n<p class=\"_paragraph_o9xde_4 _paragraph_xtcu6_10 layout-component text-serif-m layout-normal text-serif-m layout-padded\">\u2013 Russerne har gjort dette under hele krigen. Men den siste tiden er det blitt flere angrep og vanskeligere \u00e5 stoppe. Det gj\u00f8r noe med moralen til folk. Mange blir sinte, og det er tungt n\u00e5r vi ikke f\u00e5r planlegge livene v\u00e5re, sier hun. <\/p>\n<p>    Espen Rasmussen<\/p>\n<p class=\"text-sans-s\">Journalist<\/p>\n<p><img decoding=\"async\" alt=\"Espen Rasmussen\" class=\"_image_uv074_179\" src=\"https:\/\/www.europesays.com\/no\/wp-content\/uploads\/2026\/01\/1768430649_442_9e07ea87-bca1-4760-986f-5788e43af739.jpeg\" width=\"480\"\/>     <\/p>\n","protected":false},"excerpt":{"rendered":"Sammen med moren sin fors\u00f8ker han \u00e5 f\u00e5 tilbake litt varme. I koppen har han varm te. Kroppen&hellip;\n","protected":false},"author":2,"featured_media":137632,"comment_status":"","ping_status":"","sticky":false,"template":"","format":"standard","meta":{"footnotes":""},"categories":[5],"tags":[20,21,24,25,15,19,474,179,3137,22,23,17,18,13,30,28,29,14,16,26,27,489,412],"class_list":{"0":"post-137631","1":"post","2":"type-post","3":"status-publish","4":"format-standard","5":"has-post-thumbnail","7":"category-overskrifter","8":"tag-breaking-news","9":"tag-breakingnews","10":"tag-featured-news","11":"tag-featurednews","12":"tag-headlines","13":"tag-hovedoppslag","14":"tag-krig","15":"tag-krigen-i-ukraina","16":"tag-kyiv","17":"tag-latest-news","18":"tag-latestnews","19":"tag-main-news","20":"tag-mainnews","21":"tag-news","22":"tag-no","23":"tag-norge","24":"tag-norway","25":"tag-nyheter","26":"tag-overskrifter","27":"tag-top-stories","28":"tag-topstories","29":"tag-ukraina","30":"tag-utenriks"},"share_on_mastodon":{"url":"https:\/\/pubeurope.com\/@no\/115895878590537096","error":""},"_links":{"self":[{"href":"https:\/\/www.europesays.com\/no\/wp-json\/wp\/v2\/posts\/137631","targetHints":{"allow":["GET"]}}],"collection":[{"href":"https:\/\/www.europesays.com\/no\/wp-json\/wp\/v2\/posts"}],"about":[{"href":"https:\/\/www.europesays.com\/no\/wp-json\/wp\/v2\/types\/post"}],"author":[{"embeddable":true,"href":"https:\/\/www.europesays.com\/no\/wp-json\/wp\/v2\/users\/2"}],"replies":[{"embeddable":true,"href":"https:\/\/www.europesays.com\/no\/wp-json\/wp\/v2\/comments?post=137631"}],"version-history":[{"count":0,"href":"https:\/\/www.europesays.com\/no\/wp-json\/wp\/v2\/posts\/137631\/revisions"}],"wp:featuredmedia":[{"embeddable":true,"href":"https:\/\/www.europesays.com\/no\/wp-json\/wp\/v2\/media\/137632"}],"wp:attachment":[{"href":"https:\/\/www.europesays.com\/no\/wp-json\/wp\/v2\/media?parent=137631"}],"wp:term":[{"taxonomy":"category","embeddable":true,"href":"https:\/\/www.europesays.com\/no\/wp-json\/wp\/v2\/categories?post=137631"},{"taxonomy":"post_tag","embeddable":true,"href":"https:\/\/www.europesays.com\/no\/wp-json\/wp\/v2\/tags?post=137631"}],"curies":[{"name":"wp","href":"https:\/\/api.w.org\/{rel}","templated":true}]}}