{"id":137633,"date":"2026-01-14T22:45:09","date_gmt":"2026-01-14T22:45:09","guid":{"rendered":"https:\/\/www.europesays.com\/no\/137633\/"},"modified":"2026-01-14T22:45:09","modified_gmt":"2026-01-14T22:45:09","slug":"sport-gimle-rasende-eskeland-det-er-illojalt","status":"publish","type":"post","link":"https:\/\/www.europesays.com\/no\/137633\/","title":{"rendered":"Sport, Gimle | Rasende Eskeland: \u2013 Det er illojalt"},"content":{"rendered":"\n<p>F\u00f8r onsdagens kamp sto Gimle med en seier og fem tap i ENBL (European North Basketball League), mens Brussels hadde to seire og tre tap. Det burde med andre ord bli jevnt i Haukelandshallen.<\/p>\n<p>            Gimle &#8211; Brussels 65-86<\/p>\n<p><b>Perioderesultat: <\/b>13-27, 16-22, 18-19, 18-18. <\/p>\n<p>European North Basketball League, Haukelandshallen. 312 tilskuere. <\/p>\n<p><b>Gimle: <\/b>Javonte Johnson 18, Reidar Greve 15, Hallvard Staff 19, Milovan Savic 6, Espen Fj\u00e6restad, J\u00f8rgen Odfjell 4, J\u00f8rgen Lamo 1, Ayman Yousuf, H\u00e5kon Ullrich 2. <\/p>\n<p><b>Toppscorer Brussels: <\/b>Onyeka Agu 19. <\/p>\n<p>Men den f\u00f8rste perioden ble en katastrofe for hjemmelaget. Gimle traff ikke p\u00e5 noe som helst, mens et meget p\u00e5skrudd Brussel satte det meste. De gikk rett opp i 12-2 og ga seg ikke f\u00f8r det sto 27-13.<\/p>\n<p>\u2013 Kampen er jo egentlig mer eller mindre tapt da. De spilte et forsvar jeg ikke tror vi har m\u00f8tt f\u00f8r, og i hvert fall ikke h\u00e5ndterte. Og s\u00e5 la vi ikke ned den n\u00f8dvendige innsatsen. Ikke bra, sier Gimle-veteran Milovan Savic (38).<\/p>\n<p>   <img decoding=\"async\" width=\"5392\" height=\"3592\" fetchpriority=\"low\"  loading=\"lazy\"  src=\"https:\/\/www.europesays.com\/no\/wp-content\/uploads\/2026\/01\/_RJO8003.jpg\" alt=\"\" class=\"brick-c-cFOWSL\" style=\"--brick-image-ratio: 5392 \/ 3592;\"\/><\/p>\n<p>      Milovan Savic (38) var en av f\u00e5 Gimle-spillere som hang med fra start.<br \/>\n      Foto: RUNE JOHANSEN\n    <\/p>\n<p>Trener Audun Eskeland gikk mye lengre.<\/p>\n<p>\u2013 Vi er jo fullstendig innsatsl\u00f8se fra start. Da gir du deg selv en rimelig t\u00f8ff oppgave. Mot et profflag vet vi jo at vi m\u00e5 v\u00e6re fullstendig p\u00e5skrudd, f\u00f8lge kampplanen til minste detalj, og s\u00e5 m\u00e5 du spille hardt. Det er lov i denne turneringen. N\u00e5 gjorde ikke vi noen av delene. Helt utilgivelig, er hans brutale dom etter tap 65-86 mot Brussels.<\/p>\n<p>Mer av det samme<\/p>\n<p>Andre periode ble mer av det samme som katastrofestarten: Et Gimle-lag som slet med \u00e5 komme seg inn under kurven, mens belgierne spilte seg til \u00e5pne sjanser og fortsatte \u00e5 treffe, b\u00e5de fra kort og langt hold.<\/p>\n<p>  <a href=\"https:\/\/www.ba.no\/5-8-3222039\" class=\"related-teaser has-image default-story-teaser article--c-eRUmMG article--c-eRUmMG-jKCPdD-design-default\" rel=\"nofollow noopener\" target=\"_blank\"><\/p>\n<p>    <img decoding=\"async\" loading=\"lazy\"  src=\"https:\/\/www.europesays.com\/no\/wp-content\/uploads\/2026\/01\/IMG_9893.jpg\" alt=\"\" class=\"brick-c-cFOWSL\" style=\"\"\/><\/p>\n<p>\n            Les ogs\u00e5<\/p>\n<p>              Lover at han er ferdig\n        <\/p>\n<p>  <\/a><\/p>\n<p>Til halvtid sto det 29-49, og det var mer enn nok \u00e5 ta tak i for Eskeland.<\/p>\n<p>S\u00e5 kom da ogs\u00e5 Gimle ut i en forbedret utgave til tredje periode. Reidar Greve var god, og en jevn periode endte 19-18 i fav\u00f8r gjestene. Det betydde stillingen 47-68, og en rimelig tung oppgave for Gimle de siste ti.<\/p>\n<p>  <a href=\"https:\/\/www.ba.no\/5-8-3113615\" class=\"related-teaser has-image default-story-teaser article--c-eRUmMG article--c-eRUmMG-jKCPdD-design-default\" rel=\"nofollow noopener\" target=\"_blank\"><\/p>\n<p>    <img decoding=\"async\" loading=\"lazy\"  src=\"https:\/\/www.europesays.com\/no\/wp-content\/uploads\/2026\/01\/07e371e1-8a06-4dcf-9eab-4a74f53969da.heic.jpeg\" alt=\"\" class=\"brick-c-cFOWSL\" style=\"\"\/><\/p>\n<p>\n            Les ogs\u00e5<\/p>\n<p>              Andrija flyttet fra et hjemland i ruiner: \u2013 Vi s\u00e5 etter et bedre liv\n        <\/p>\n<p>  <\/a><\/p>\n<p>De var selvsagt aldri i n\u00e6rheten av \u00e5 hente inn gjestene, men spilte i hvert fall uavgjort siste periode (18-18), noe som ga sluttresultat 65-86.<\/p>\n<p>\u2013 Den starten er mangel p\u00e5 lojalitet til spillestilen, og til seg selv, sier Eskeland.<\/p>\n<p>En kamp igjen<\/p>\n<p>Milovan Savic er opptatt av at laget n\u00e5 m\u00e5 restarte, og det litt kjapt. For l\u00f8rdag er det hjemmekamp mot B\u00e6rum, f\u00f8r Manchester kommer til Haukelandshallen til siste Europaliga-kamp neste onsdag.<\/p>\n<p>\u2013 Vi m\u00e5 studere hva som gikk galt her, for s\u00e5nn kan vi ikke opptre, sier han.<\/p>\n<p>\u2013 Det m\u00e5 uansett ligge innsats i b\u00e5nn. Det tillates \u00e5 spille hardt i E-cup, s\u00e5 da m\u00e5 vi v\u00e6re med p\u00e5 den leken, sier Audun Eskeland til BA.<\/p>\n","protected":false},"excerpt":{"rendered":"F\u00f8r onsdagens kamp sto Gimle med en seier og fem tap i ENBL (European North Basketball League), mens&hellip;\n","protected":false},"author":2,"featured_media":137634,"comment_status":"","ping_status":"","sticky":false,"template":"","format":"standard","meta":{"footnotes":""},"categories":[59],"tags":[36,1615,1617,15739,30,28,29,83,82,1510],"class_list":{"0":"post-137633","1":"post","2":"type-post","3":"status-publish","4":"format-standard","5":"has-post-thumbnail","7":"category-sport","8":"tag-art","9":"tag-basket","10":"tag-basketball","11":"tag-gimle","12":"tag-no","13":"tag-norge","14":"tag-norway","15":"tag-sport","16":"tag-sports","17":"tag-story"},"share_on_mastodon":{"url":"https:\/\/pubeurope.com\/@no\/115895882401605364","error":""},"_links":{"self":[{"href":"https:\/\/www.europesays.com\/no\/wp-json\/wp\/v2\/posts\/137633","targetHints":{"allow":["GET"]}}],"collection":[{"href":"https:\/\/www.europesays.com\/no\/wp-json\/wp\/v2\/posts"}],"about":[{"href":"https:\/\/www.europesays.com\/no\/wp-json\/wp\/v2\/types\/post"}],"author":[{"embeddable":true,"href":"https:\/\/www.europesays.com\/no\/wp-json\/wp\/v2\/users\/2"}],"replies":[{"embeddable":true,"href":"https:\/\/www.europesays.com\/no\/wp-json\/wp\/v2\/comments?post=137633"}],"version-history":[{"count":0,"href":"https:\/\/www.europesays.com\/no\/wp-json\/wp\/v2\/posts\/137633\/revisions"}],"wp:featuredmedia":[{"embeddable":true,"href":"https:\/\/www.europesays.com\/no\/wp-json\/wp\/v2\/media\/137634"}],"wp:attachment":[{"href":"https:\/\/www.europesays.com\/no\/wp-json\/wp\/v2\/media?parent=137633"}],"wp:term":[{"taxonomy":"category","embeddable":true,"href":"https:\/\/www.europesays.com\/no\/wp-json\/wp\/v2\/categories?post=137633"},{"taxonomy":"post_tag","embeddable":true,"href":"https:\/\/www.europesays.com\/no\/wp-json\/wp\/v2\/tags?post=137633"}],"curies":[{"name":"wp","href":"https:\/\/api.w.org\/{rel}","templated":true}]}}