{"id":137655,"date":"2026-01-14T23:22:12","date_gmt":"2026-01-14T23:22:12","guid":{"rendered":"https:\/\/www.europesays.com\/no\/137655\/"},"modified":"2026-01-14T23:22:12","modified_gmt":"2026-01-14T23:22:12","slug":"ukraina-kyiv-russland-bruker-kulda-som-vapen","status":"publish","type":"post","link":"https:\/\/www.europesays.com\/no\/137655\/","title":{"rendered":"Ukraina, Kyiv | \u2013 Russland bruker kulda som v\u00e5pen"},"content":{"rendered":"\n<p>Ikke noe rennende vann, ikke noe elektrisitet, ikke noe varme. Folk fryser mens droner og missiler sl\u00e5r ned og for\u00e5rsaker masse\u00f8deleggelser. Ukrainerne opplever den kaldeste vinteren siden Russland startet sin aggresjonskrig.<\/p>\n<p>If\u00f8lge FN trenger 10,8 millioner mennesker i Ukraina humanit\u00e6r hjelp (<a rel=\"Follow nofollow noopener\" href=\"https:\/\/www.nettavisen.no\/incoming\/5-95-2825698.html\" target=\"_blank\">faktaramme<\/a>).<\/p>\n<p>To dyner og lag p\u00e5 lag med kl\u00e6r<\/p>\n<p>\u2013 Jeg har fortsatt str\u00f8m og varme her jeg bor, men mange har opplevd \u00e5 v\u00e6re uten i lange perioder etter angrepene n\u00e5. Min mor, som bor i en blokkleilighet, opplevde \u00e5 miste str\u00f8mmen i 25 timer etter et angrep 9. januar. Hun har sovet med to dyner og kledd seg i lag p\u00e5 lag med kl\u00e6r for \u00e5 holde varmen, forteller Stanislav Storozjenko (24) i Kyiv p\u00e5 telefon til Nettavisen onsdag.<\/p>\n<p>   <img decoding=\"async\" width=\"1200\" height=\"1600\" fetchpriority=\"low\"  loading=\"lazy\"  src=\"https:\/\/www.europesays.com\/no\/wp-content\/uploads\/2026\/01\/IMG_1538.JPG\" alt=\"KALDE DAGER: Stanislav Storozjenko (24) bor i Kyiv og forteller om den kaldeste og mest sn\u00f8rike vinteren s\u00e5 langt i krigen.\" class=\"brick-c-cFOWSL\" style=\"--brick-image-ratio: 1200 \/ 1600;\"\/><\/p>\n<p>      KALDE DAGER: Stanislav Storozjenko (24) bor i Kyiv og forteller om den kaldeste og mest sn\u00f8rike vinteren s\u00e5 langt i krigen.<br \/>\n      Foto: Privat\n    <\/p>\n<p>Han bor sentralt i hovedstaden, i et omr\u00e5de hvor det ogs\u00e5 har v\u00e6rt hyppig blackout, men Stanislavs hus er blant et f\u00e5tall som har sluppet unna.<\/p>\n<p>Det er kaldt i Kyiv n\u00e5, minus 11 grader, og innbyggerne har hatt temperaturer ned mot 20 minusgrader. I perioder der str\u00f8m og varme blir borte, faller temperaturen fort under null grader innend\u00f8rs.<\/p>\n<p>\u2013 Det er lenge siden vi har hatt en s\u00e5 kald og sn\u00f8rik vinter som vi har n\u00e5. Flere har opplevd at sentralvarmeanleget har frosset og sprukket, og de har mistet alt vannet, sier han.<\/p>\n<p>   <img decoding=\"async\" width=\"4500\" height=\"3001\" fetchpriority=\"low\"  loading=\"lazy\"  src=\"https:\/\/www.europesays.com\/no\/wp-content\/uploads\/2026\/01\/NTB_7y_N9yJQ7mE_1.jpg\" alt=\"RAMMER SIVILE: Energianlegg og kritisk infrastruktur er ofte m\u00e5let n\u00e5r russerne angriper Ukraina med droner og missiler, alt det \u00absom sikrer et normalt liv for v\u00e5rt folk\u00bb, sier Ukrainas president.\" class=\"brick-c-cFOWSL\" style=\"--brick-image-ratio: 4500 \/ 3001;\"\/><\/p>\n<p>      ETTER ANGREPET: Energianlegg og kritisk infrastruktur er ofte m\u00e5let n\u00e5r russerne angriper Ukraina med droner og missiler, alt det \u00absom sikrer et normalt liv for v\u00e5rt folk\u00bb, sier Ukrainas president.<br \/>\n      Foto: Thomas Peter (Reuters)\n    <\/p>\n<p>  Tomme br\u00f8dhyller<\/p>\n<p>Stanislav forteller ogs\u00e5 om en ny erfaring s\u00e5 langt i krigen; det er at folk t\u00f8mmer butikkhyllene for br\u00f8d og vann. Han opplevde det selv da han og en kamerat bes\u00f8kte et supermarked.<\/p>\n<p>\u2013 Det har jeg ikke sett f\u00f8r. Det var tomme hyller, sier han.<\/p>\n<p>\u2013 Ukraina har erfaringer med hungersn\u00f8d, et traume som har g\u00e5tt fra generasjon til generasjon, s\u00e5 dette er spesielt \u00e5 se, sier Stanislav.<\/p>\n<p>Nettavisen har sett meldinger p\u00e5 sosiale medier denne uken der folk har postet bilder av tomme br\u00f8dhyller. Folk skal ha hamstret i frykt for at butikkene m\u00e5 stenge, heter det i \u00e9n melding. Myndighetene har rykket ut og forsikret at matvareforsyningen har h\u00f8y prioritet.<\/p>\n<p>   <img decoding=\"async\" width=\"1920\" height=\"1080\" fetchpriority=\"low\"  loading=\"lazy\"  src=\"https:\/\/www.europesays.com\/no\/wp-content\/uploads\/2026\/01\/STAS+BREDDE+8.jpg\" alt=\"BOR I KYIV: Stanislav Storozjenko fotografert i november 2025.\" class=\"brick-c-cFOWSL\" style=\"--brick-image-ratio: 1920 \/ 1080;\"\/><\/p>\n<p>      BOR I KYIV: Stanislav Storozjenko fotografert i november 2025.<br \/>\n      Foto: Thomas Bl\u00f8ndal (NettavisenI)\n    <\/p>\n<p>   <img decoding=\"async\" width=\"957\" height=\"1280\" fetchpriority=\"low\"  loading=\"lazy\"  src=\"https:\/\/www.europesays.com\/no\/wp-content\/uploads\/2026\/01\/202601_Kyiv_tomme_brodhyller_IMG_5654.JPG\" alt=\"TOMME HYLLER: Stanislav Storozjenko i Kyiv forteller at han n\u00e5 i januar for f\u00f8rste gang har opplevd \u00e5 komme til tomme br\u00f8dhyller i butikken i Kyiv.\" class=\"brick-c-cFOWSL\" style=\"--brick-image-ratio: 957 \/ 1280;\"\/><\/p>\n<p>      TOMME HYLLER: Stanislav Storozjenko i Kyiv forteller at han n\u00e5 i januar for f\u00f8rste gang har opplevd \u00e5 komme til tomme br\u00f8dhyller i butikken i Kyiv.<br \/>\n      Foto: Bilde fra sosiale medier\n    <\/p>\n<p>  \u2013 Bruker kulda som v\u00e5pen<\/p>\n<p>Angrepene har \u00f8delagt energiforsyning og etterlatt millioner uten varme, elektrisitet og vann \u2013 i mange minusgrader, fikk FNs sikkerhetsr\u00e5d h\u00f8re mandag.<\/p>\n<p><a rel=\"Follow nofollow\" href=\"https:\/\/x.com\/UN_Ukraine\/status\/2011377236394594338?s=20\">Visegeneralsekret\u00e6r Rosemary DiCarlo <\/a>fortalte at starten p\u00e5 2026 \u00abikke har brakt noe fred og heller ikke noe pusterom for Ukraina, men en ny runde med kamp og \u00f8deleggelse.\u00bb<\/p>\n<p>P\u00e5 \u00e9n av disse skrekk-nettene for ukrainerne, natten mellom 8. og 9. januar, skal Russland ha fyrt av 242 droner og 36 missiler, fortalte hun. I Kyiv ble det meldt om fire drepte og 25 skadde etter denne natten. En av de drepte var en ambulansearbeider som rykket ut for \u00e5 hjelpe.<\/p>\n<p>Maria Avdevaa, sikkerhetsekspert fra Kharkiv, har rapportert fra krigen fra f\u00f8rste dag. Tirsdag kveld <a rel=\"Follow nofollow\" href=\"https:\/\/x.com\/maria_avdv\/status\/2011127841702748163?s=20\">la hun ut en video<\/a> som viser et varmekraftverk som ble \u00f8delagt i et russisk angrep.<\/p>\n<p>\u2013 Det er 17 minusgrader utenfor, og Russland bruker kulda som v\u00e5pen. Dette er det \u00e5ttende st\u00f8rre angrepet siden oktober p\u00e5 energiinfrastruktur tilh\u00f8rende DTEK-gruppen, skriver hun.<\/p>\n<p><b>Les ogs\u00e5: <a class=\"simple-relation related-teaser article--c-eRUmMG article--c-eRUmMG-fZoQSp-design-nettavisen article--c-eRUmMG-gwthdJ-cv\" href=\"https:\/\/www.nettavisen.no\/eide-matte-i-tilfluktsrom-i-kyiv\/s\/5-95-2821648\" rel=\"nofollow noopener\" target=\"_blank\">Eide m\u00e5tte i tilfluktsrom i Kyiv<\/a><\/b><\/p>\n<p>   <img decoding=\"async\" width=\"1650\" height=\"749\" fetchpriority=\"low\"  loading=\"lazy\"  src=\"https:\/\/www.europesays.com\/no\/wp-content\/uploads\/2026\/01\/UN_image1170x530cropped.jpg\" alt=\"SIKKERHETSR\u00c5DET Visegeneralsekret\u00e6r Rosemary DiCarlo fortalte i FNs sikkerhetsr\u00e5d mandag at starten p\u00e5 2026 \u00abkke har brakt noe fred og heller ikke noe pusterom for Ukraina.\" class=\"brick-c-cFOWSL\" style=\"--brick-image-ratio: 1650 \/ 749;\"\/><\/p>\n<p>      SIKKERHETSR\u00c5DET Visegeneralsekret\u00e6r Rosemary DiCarlo fortalte i FNs sikkerhetsr\u00e5d mandag at starten p\u00e5 2026 \u00abkke har brakt noe fred og heller ikke noe pusterom for Ukraina.<br \/>\n      Foto: Manuel El\u00edas (FN)\n    <\/p>\n<p>            FN: 10,8 millioner mennesker i Ukraina trenger humanit\u00e6r hjelp<\/p>\n<p>Russlands angrep p\u00e5 Ukraina s\u00e5 langt i 2026 har \u00f8delagt energiforsyning og etterlatt millioner uten varme, elektrisitet og vann \u2013 i mange minusgrader, rapporterte visegeneralsekret\u00e6r Rosemary DiCarlo i FNs sikkerhetsr\u00e5d 12. januar.<\/p>\n<p>Det er s\u00e6rlig eldre, barn og bevegelseshemmede som n\u00e5 f\u00e5r f\u00f8le virkningene.<\/p>\n<p>I Lviv-regionen vest i Ukraina ble energianlegg og boliger skadet da et mellomdistansemissil kjent som \u00abOreshnik\u00bb angivelig ble brukt for andre gang siden 2024.<\/p>\n<p>V\u00e5penet skal v\u00e6re i stand til \u00e5 b\u00e6re atomv\u00e5pen, noe som har \u00f8kt den internasjonale bekymringen.<\/p>\n<p>Havner og skipsfart har ogs\u00e5 blitt angrepet. 8. januar ble to sivile fart\u00f8y med utenlandsk flagg truffet av russiske droner i Odesa-regionen.<\/p>\n<p>DiCarlo beskrev ogs\u00e5 en \u00abbekymringsfull eskalering\u00bb rettet mot Ukrainas havneinfrastruktur og kommersiell skipsfart.<\/p>\n<p>Ramesh Rajasingham, direkt\u00f8r ved FNs kontor for koordinering av humanit\u00e6re saker (<a href=\"https:\/\/www.unocha.org\/\" rel=\"nofollow noopener\" target=\"_blank\">OCHA<\/a>) ga en orientering om de humanit\u00e6re konsekvensene av krigf\u00f8ringen.<\/p>\n<p>Han sa at storstilte angrep presser evnen til overlevelse gjennom vinteren p\u00e5 grunn av den lave temperaturen.<\/p>\n<p>\u00abDet som gj\u00f8r disse angrepene spesielt \u00f8deleggende, er at de lammer systemene som holder sivile i live gjennom vinteren\u00bb, sa Rajasingham.<\/p>\n<p>I Kryvyj Rih har familier smeltet sn\u00f8 til vask og varmet vann over stearinlys i perioder med str\u00f8mbrudd.<\/p>\n<p>I Kyiv er over 1200 oppvarmede, trygge oppholdsrom i drift, i tillegg til 68 ekstra varmepunkter (heating points) satt opp av n\u00f8detater og humanit\u00e6re samarbeidspartnere.<\/p>\n<p>FNs sikkerhetsr\u00e5d fikk h\u00f8re at sivile fortsatt er p\u00e5 flukt fra omr\u00e5der ved fronten, spesielt Donetsk-regionen. Mange har behov for ly, medisinsk behandling og vinterhjelp.<\/p>\n<p>If\u00f8lge FNs anslag trenger 10,8 millioner mennesker i Ukraina humanit\u00e6r hjelp n\u00e5.<\/p>\n<p>Rosemary DiCarlo og Ramesh Rajasingham understreket begge at angrep p\u00e5 sivile ogp\u00e5 sivil infrastruktur bryter med internasjonal humanit\u00e6rrett. \u00abDet er uakseptabelt,, uberettiget og m\u00e5 stoppes umiddelbart\u00bb, sa DiCarlo.<\/p>\n<p>\u00abSivile som utsettes for disse angrepene trenger mer enn bekymrede uttalelser fra dette r\u00e5det. De trenger konkrete tiltak for \u00e5 redusere sivil skade og sikre at humanit\u00e6r hjelp fortsetter \u00e5 n\u00e5 frem n\u00e5r folk trenger det mest\u00bb, la Rajasingham til.<\/p>\n<p>(Kilde: <a href=\"https:\/\/ukraine.un.org\/en\/308302-deadly-russian-strikes-push-civilians-deeper-winter-crisis\" target=\"_self\" rel=\"Follow nofollow noopener\">FN, 13.01.2026<\/a>)<\/p>\n<p>  \u2013 Minusgrader i hele Ukraina<\/p>\n<p>Den tyske journalisten<a href=\"https:\/\/www.threads.com\/@vassiligolod\/post\/DTd1sn0AJt1?xmt=AQF0kpwtuCXIBCv3NfiIsDHYsyX74JCGE9-3lwowIWzbdQ\" rel=\"nofollow noopener\" target=\"_blank\"> Vassili Golod<\/a> er en av dem som rapporterer fra Ukraina. I en reportasje for <a rel=\"Follow nofollow noopener\" href=\"https:\/\/www.tagesschau.de\/\" target=\"_blank\">Tagesschau<\/a> intervjuer han Tetiana Pravjduk, lege og mor til tre \u00e5r gamle Dmytro. Store deler av dagen m\u00e5 mor og s\u00f8nn tilbringe i m\u00f8rket i leiligheten sin. Varme, vann og str\u00f8m blir stengt av i lange perioder.<\/p>\n<p>\u2013 Vi har for tiden minusgrader i hele Ukraina, fra minus 15 til minus 22 i noen regioner. Det skaper utfordringer selv i fredstid, forteller Tetiana.<\/p>\n<p>Russland gj\u00f8r alt \u00absom st\u00e5r i deres makt for \u00e5 bombe Ukraina til blackout\u00bb, kommenterer Vassili Golod i en melding han har lagt ut.<\/p>\n<p>\u00abDet er umenneskelig. Eldre mennesker kan ikke forlate hjemmene sine. For foreldre med barn er det en ekstrem byrde\u00ab, konstaterer han.<\/p>\n<p>   <img decoding=\"async\" width=\"2048\" height=\"1242\" fetchpriority=\"low\"  loading=\"lazy\"  src=\"https:\/\/www.europesays.com\/no\/wp-content\/uploads\/2026\/01\/20260113_ISW_Russian-Drone-and-Missile-Strikes-on-Ukraine-January-13-2025-to-January-13-2026-2048x12.jpeg\" alt=\"\u00d8KNING I 2025: Russland \u00f8kte st\u00f8rrelsen, omfanget og \u00f8deleggelseskraften i sine angrepspakker dramatisk gjennom 2025, noe som sannsynligvis bidro til \u00f8kningen i sivile tap, skriver Institute for the Study of War (ISW).\" class=\"brick-c-cFOWSL\" style=\"--brick-image-ratio: 2048 \/ 1242;\"\/><\/p>\n<p>      \u00d8KNING I 2025: Russland \u00f8kte st\u00f8rrelsen, omfanget og \u00f8deleggelseskraften i sine angrepspakker dramatisk gjennom 2025, noe som sannsynligvis bidro til \u00f8kningen i sivile tap, skriver Institute for the Study of War (ISW).<br \/>\n      Foto: ISW\n    <\/p>\n<p>  Zelenskyj: M\u00e5 styrke luftforsvaret<\/p>\n<p>\u2013 I g\u00e5r natt fortsatte Russland med angrep p\u00e5 v\u00e5re samfunn og energisektoren v\u00e5r, skriver Ukrainas president Volodymyr Zelenskyj i en rapport 14. januar.<\/p>\n<p>Regionene Dnipro, Zjytomyr, Zaporizjzja, Kharkiv og Kherson ble angrepet, opplyser han.<\/p>\n<p>\u2013 M\u00e5lene var i hovedsak energianlegg og kritisk infrastruktur som sikrer et normalt liv for v\u00e5rt folk, varme og elektrisitet. P\u00e5 morgenen, var luftforsvaret v\u00e5rt i sving i Kyiv og luftvernsirener kunne h\u00f8res i hovedstaden og Kyiv-regionen og likes\u00e5 i Tsjernihiv-regionen, skriver han.<\/p>\n<p>Zelenskyj skriver at f\u00f8rste prioritet n\u00e5 er \u00e5 styrke det ukrainske luftforsvaret, f\u00f8rst og fremst med missiler for de eksisterende systemene<\/p>\n<p>\u2013 Partnerbidrag til til PURL-initiativet er n\u00f8dvendig, likeledes st\u00f8tte fra europeiske lagre og raskere implementering av avtaler med USA, skriver han.<\/p>\n<p>\u2013 Takknemlig for alle som vil hjelpe<\/p>\n<p>N\u00e5 er det om \u00e5 gj\u00f8re \u00e5 motvirke de russiske angrepene med h\u00f8y effektivitet, fastsl\u00e5r Zelenskyj og sier at Russland vedder p\u00e5 nettopp dette, at Ukraina ikke skal klare dette.<\/p>\n<p>\u2013 Det kan fungere og vil tvinge Russland til \u00e5 stoppe drapene og bevege seg mot fred. Jeg er takknemlig for alle i verden som er klare til \u00e5 hjelpe oss, skriver presidenten.<\/p>\n<p>   <img decoding=\"async\" width=\"8016\" height=\"5344\" fetchpriority=\"low\"  loading=\"lazy\"  src=\"https:\/\/www.europesays.com\/no\/wp-content\/uploads\/2026\/01\/NTB__l-7bnOHxbM.jpg\" alt=\"This photograph shows a big screen on a building displaying a temperature of -14 degrees Celsius in Kyiv on January 14, 2026, amid the Russian invasion of Ukraine. (Photo by Sergei GAPON \/ AFP)\" class=\"brick-c-cFOWSL\" style=\"--brick-image-ratio: 8016 \/ 5344;\"\/><\/p>\n<p>      KYIV: Det er kaldt i Ukraina, minus 14 grader viser lystavla p\u00e5 dette bygget i Kyiv onsdag 14. januar. De russiske angrepene har \u00f8delagt energiforsyning og etterlatt millioner av mennesker uten varme, elektrisitet og vann.<br \/>\n      Foto: Sergei Gapon (AFP)\n    <\/p>\n<p>  \u00d8kende antall sivile ofre<\/p>\n<p>Den amerikanske tenketanken Institute for the S<a rel=\"Follow nofollow noopener\" href=\"https:\/\/understandingwar.org\/research\/russia-ukraine\/russian-offensive-campaign-assessment-january-13-2026\/\" target=\"_blank\">tudy of War (ISW) <\/a>sier i en oppsummering av 2025 at de russiske angrepene medf\u00f8rte en betydelig \u00f8kning i antall sivile ofre sammenlignet med tidligere \u00e5r. I st\u00f8rrelse, skala og \u00f8deleggelseskraft er de russiske angrepene n\u00e5 langt mer destruktive, skriver ISW i sin rapport publisert 13. januar.<\/p>\n<p>Oppsummert angrep Russland Ukraina med over 54.000 langtrekkende droner og over 1900 missiler i 2025, if\u00f8lge ISWs tall.<\/p>\n<p>Her viser de ogs\u00e5 til nyhetsbyr\u00e5et <a rel=\"Follow nofollow noopener\" href=\"https:\/\/www.bloomberg.com\/news\/articles\/2026-01-12\/russia-killed-record-number-of-ukraine-civilians-amid-peace-push?srnd=phx-politics&amp;embedded-checkout=true\" target=\"_blank\">Bloomberg, som 12. januar presenterte et estimat <\/a>gjort av ikke navngitte europeiske myndigheter som forteller at russiske angrep har drept anslagsvis 2400 sivile ukrainere og skadet nesten 12.000 i 2025. Det er en \u00f8kning p\u00e5 nesten 30 prosent.<\/p>\n<p><b>Les ogs\u00e5: <a class=\"simple-relation related-teaser article--c-eRUmMG article--c-eRUmMG-fZoQSp-design-nettavisen article--c-eRUmMG-gwthdJ-cv\" href=\"https:\/\/www.nettavisen.no\/felles-eu-har-det-ma-gjores-med-klokt\/s\/5-95-2820418\" rel=\"nofollow noopener\" target=\"_blank\">Felles EU-h\u00e6r: \u2013 Det m\u00e5 gj\u00f8res med kl\u00f8kt<\/a><\/b><\/p>\n<p>    Vil du se neste video?<\/p>\n<p>    <a href=\"https:\/\/www.nettavisen.no\/nyheter\/pete-hegseth-avbryter-plutselig-marco-rubio-klikker-pa-direkten\/v\/5-95-2813524\" class=\"recommend-poster\" data-adp-clicklabel=\"video-recommend\" data-adp-clickvalue=\"poster\" rel=\"nofollow noopener\" target=\"_blank\"><br \/>\n      <img decoding=\"async\" width=\"200\" height=\"200\" loading=\"lazy\" src=\"https:\/\/www.europesays.com\/no\/wp-content\/uploads\/2026\/01\/Hegseth+til+cue.jpg\" alt=\"\" class=\"brick-c-cFOWSL\" style=\"--brick-image-ratio: 200 \/ 200;\"\/><\/p>\n<p>Avbryter plutselig: Klikker p\u00e5 direkten1:05<\/p>\n<p>    <\/a><\/p>\n<p>        Natt til fredag 9. januar skal Russland ha brukt det supersoniske Orejsnik-missilet i angrep p\u00e5 Ukraina. F\u00f8rsteamanuensis ved luftkrigsskolen, Lars Peder Haga, forteller at Ukraina ikke har noen m\u00e5te \u00e5 forsvare seg p\u00e5 mot det missilet.<br \/>\n        F\u00e5r hjelp fra Nord-Korea, Iran og Kina<\/p>\n<p>Denne rapporten p\u00e5peker at over 2000 av disse drapene p\u00e5 sivile (rundt 83 prosent av totalen) skjedde etter at USAs president Donald Trump og Russlands president Vladimir Putin snakket sammen p\u00e5 telefon i mars 2025. Der ble det snakket om \u00e5 starte samtaler om en v\u00e5penhvile. 200 sivile ukrainere ble drept etter at de f\u00f8rste rapportene om en 28-punkts fredsplan ble kjent i november 2025.<\/p>\n<p>ISW skriver at Russland har klart \u00e5 \u00f8ke kraften og hyppigheten i sine angrep ved \u00e5 skalere opp produksjonen og at det har skjedd med st\u00f8tte fra land som Nord-Korea, Iran og Kina.<\/p>\n<p><b>Les ogs\u00e5: <a class=\"simple-relation related-teaser article--c-eRUmMG article--c-eRUmMG-fZoQSp-design-nettavisen article--c-eRUmMG-gwthdJ-cv\" href=\"https:\/\/www.nettavisen.no\/gronland-motet-vi-klarte-ikke-a-endre-presidentens-stasted\/s\/5-95-2825617\" rel=\"nofollow noopener\" target=\"_blank\">Pressekonferanse etter Gr\u00f8nland-m\u00f8tet: \u2013 Vi klarte ikke \u00e5 endre presidentens st\u00e5sted<\/a><\/b><\/p>\n","protected":false},"excerpt":{"rendered":"Ikke noe rennende vann, ikke noe elektrisitet, ikke noe varme. Folk fryser mens droner og missiler sl\u00e5r ned&hellip;\n","protected":false},"author":2,"featured_media":137656,"comment_status":"","ping_status":"","sticky":false,"template":"","format":"standard","meta":{"footnotes":""},"categories":[12],"tags":[20,21,24,25,15,22,23,13,30,28,29,14,16,26,27,42,43,44,45],"class_list":{"0":"post-137655","1":"post","2":"type-post","3":"status-publish","4":"format-standard","5":"has-post-thumbnail","7":"category-verden","8":"tag-breaking-news","9":"tag-breakingnews","10":"tag-featured-news","11":"tag-featurednews","12":"tag-headlines","13":"tag-latest-news","14":"tag-latestnews","15":"tag-news","16":"tag-no","17":"tag-norge","18":"tag-norway","19":"tag-nyheter","20":"tag-overskrifter","21":"tag-top-stories","22":"tag-topstories","23":"tag-verden","24":"tag-world","25":"tag-world-news","26":"tag-worldnews"},"share_on_mastodon":{"url":"https:\/\/pubeurope.com\/@no\/115896028037788569","error":""},"_links":{"self":[{"href":"https:\/\/www.europesays.com\/no\/wp-json\/wp\/v2\/posts\/137655","targetHints":{"allow":["GET"]}}],"collection":[{"href":"https:\/\/www.europesays.com\/no\/wp-json\/wp\/v2\/posts"}],"about":[{"href":"https:\/\/www.europesays.com\/no\/wp-json\/wp\/v2\/types\/post"}],"author":[{"embeddable":true,"href":"https:\/\/www.europesays.com\/no\/wp-json\/wp\/v2\/users\/2"}],"replies":[{"embeddable":true,"href":"https:\/\/www.europesays.com\/no\/wp-json\/wp\/v2\/comments?post=137655"}],"version-history":[{"count":0,"href":"https:\/\/www.europesays.com\/no\/wp-json\/wp\/v2\/posts\/137655\/revisions"}],"wp:featuredmedia":[{"embeddable":true,"href":"https:\/\/www.europesays.com\/no\/wp-json\/wp\/v2\/media\/137656"}],"wp:attachment":[{"href":"https:\/\/www.europesays.com\/no\/wp-json\/wp\/v2\/media?parent=137655"}],"wp:term":[{"taxonomy":"category","embeddable":true,"href":"https:\/\/www.europesays.com\/no\/wp-json\/wp\/v2\/categories?post=137655"},{"taxonomy":"post_tag","embeddable":true,"href":"https:\/\/www.europesays.com\/no\/wp-json\/wp\/v2\/tags?post=137655"}],"curies":[{"name":"wp","href":"https:\/\/api.w.org\/{rel}","templated":true}]}}