{"id":137659,"date":"2026-01-14T23:24:28","date_gmt":"2026-01-14T23:24:28","guid":{"rendered":"https:\/\/www.europesays.com\/no\/137659\/"},"modified":"2026-01-14T23:24:28","modified_gmt":"2026-01-14T23:24:28","slug":"tronderne-betaler-stadig-mer-i-bompenger-mn24-no","status":"publish","type":"post","link":"https:\/\/www.europesays.com\/no\/137659\/","title":{"rendered":"Tr\u00f8nderne betaler stadig mer i bompenger &#8211; mn24.no"},"content":{"rendered":"<ol>\n<li><a href=\"https:\/\/news.google.com\/rss\/articles\/CBMihAFBVV95cUxPeC1DWWtXS0VWLV9uVWF6WHlSSmlta2dZbVN2NFZPSzZ0UGN5VW9UMkJCYllJNGs1OXVwWnJsSlNWbFByVmNENDl4UWZnTEpENFoyQk9VZDRhaGtKbHZkTmxvRnNjSGFhQjVtdUkzbjlFdlVrOS1Lc2NRTDNTS080eHM0dFo?oc=5\" target=\"_blank\" rel=\"nofollow noopener\">Tr\u00f8nderne betaler stadig mer i bompenger<\/a>&nbsp;&nbsp;mn24.no<\/li>\n<li><a href=\"https:\/\/news.google.com\/rss\/articles\/CBMiygFBVV95cUxOemR6T2Nkak15UzR3VnFFVFJqYTlmdk9iYXV5enh3X2pWa3RnYnpkTUptM19ab2JNTHdEY3lfczh0U2xjX0hPZG9YcDVIdW5zb05PS3FNSk5mckdpTmRIS1pGMnF6VFNwQVNrZDRWaW0taDR5SXpnMFVtLXRlbGNwdVN4ZjU4eUpzcjAwTWZGMEdjdzI1YndXUmowQ1Fha2lBemVqRUY2bHdZeGNOZV9yX0ZOai1QaGRKVFRsaUp4Znd6Q1BjbDNUU3hR?oc=5\" target=\"_blank\" rel=\"nofollow noopener\">Bomringen fortsetter \u00e5 engasjere i utropstegn og BLOKKBOKSTAVER : \u2013 Folkeviljen blir totalt OVERKJ\u00d8RT!<\/a>&nbsp;&nbsp;T\u00f8nsbergs Blad<\/li>\n<li><a href=\"https:\/\/news.google.com\/rss\/articles\/CBMihgFBVV95cUxPbzExLXprOFlyeEdRMm90aFFHNVNYNF9Lb1RNZFpEUG50WWJJazltM1czNmthN0ptYXk0UmlUYTdfSjJlU04wZEdkdVEtQUswbC15VDhoYnVWSndiNVBCRXhxWW9QQzNNVUpNWUJaYnFDelhqYkpmZ19BeFNiQzROTHlwV1BqUQ?oc=5\" target=\"_blank\" rel=\"nofollow noopener\">N\u00e5 er det enda mer l\u00f8nnsomt \u00e5 kj\u00f8re elektrisk lastebil i Oslo<\/a>&nbsp;&nbsp;Norsk elbilforening<\/li>\n<li><a href=\"https:\/\/news.google.com\/rss\/articles\/CBMihwFBVV95cUxNcWp4c1F1OEd6R1lNcEJuR29xaG1yZHRkd01MRzFobm1MRk9GTEprWk5KXzNhOEZ0TV9TRnBIdmp6TW1Nd3JCTVZMNF8xUFhZS1ZGUXVqTFBrb0VrX2ZiclVkcVBHeEhoRzMtTXNHMzJYM3RVb3F3OXJ5NFEwS0ROekk4bF9BeXc?oc=5\" target=\"_blank\" rel=\"nofollow noopener\">Trafikk, Kristiansund | Velkommen til bommens \u00e5r \u2013 her er milliard-planen<\/a>&nbsp;&nbsp;Tidens Krav<\/li>\n<li><a href=\"https:\/\/news.google.com\/rss\/articles\/CBMijgFBVV95cUxPalNWUGVGRDlGWEl1WDc2RDRKOFNYQ1JsdmZELUkxRTA5NUFacE91NVZHakNRWEZNU284dmFaVWttOEtFVWFVNUpTb1I0Ti1jbS1lQW5LRHJGS0NjSUlUZng1UkdkcldVRExCbXBaa3doZVQ5d2ptd1hmWk10SjdPX1U0d2lJYzNKVlpOazhn?oc=5\" target=\"_blank\" rel=\"nofollow noopener\">Her betaler man mest i bompenger<\/a>&nbsp;&nbsp;Finansavisen<\/li>\n<\/ol>\n","protected":false},"excerpt":{"rendered":"Tr\u00f8nderne betaler stadig mer i bompenger&nbsp;&nbsp;mn24.no Bomringen fortsetter \u00e5 engasjere i utropstegn og BLOKKBOKSTAVER : \u2013 Folkeviljen blir&hellip;\n","protected":false},"author":2,"featured_media":137660,"comment_status":"","ping_status":"","sticky":false,"template":"","format":"standard","meta":{"footnotes":""},"categories":[5],"tags":[20,21,24,25,15,19,22,23,17,18,13,30,28,29,14,16,26,27],"class_list":{"0":"post-137659","1":"post","2":"type-post","3":"status-publish","4":"format-standard","5":"has-post-thumbnail","7":"category-overskrifter","8":"tag-breaking-news","9":"tag-breakingnews","10":"tag-featured-news","11":"tag-featurednews","12":"tag-headlines","13":"tag-hovedoppslag","14":"tag-latest-news","15":"tag-latestnews","16":"tag-main-news","17":"tag-mainnews","18":"tag-news","19":"tag-no","20":"tag-norge","21":"tag-norway","22":"tag-nyheter","23":"tag-overskrifter","24":"tag-top-stories","25":"tag-topstories"},"share_on_mastodon":{"url":"https:\/\/pubeurope.com\/@no\/115896036021272395","error":""},"_links":{"self":[{"href":"https:\/\/www.europesays.com\/no\/wp-json\/wp\/v2\/posts\/137659","targetHints":{"allow":["GET"]}}],"collection":[{"href":"https:\/\/www.europesays.com\/no\/wp-json\/wp\/v2\/posts"}],"about":[{"href":"https:\/\/www.europesays.com\/no\/wp-json\/wp\/v2\/types\/post"}],"author":[{"embeddable":true,"href":"https:\/\/www.europesays.com\/no\/wp-json\/wp\/v2\/users\/2"}],"replies":[{"embeddable":true,"href":"https:\/\/www.europesays.com\/no\/wp-json\/wp\/v2\/comments?post=137659"}],"version-history":[{"count":0,"href":"https:\/\/www.europesays.com\/no\/wp-json\/wp\/v2\/posts\/137659\/revisions"}],"wp:featuredmedia":[{"embeddable":true,"href":"https:\/\/www.europesays.com\/no\/wp-json\/wp\/v2\/media\/137660"}],"wp:attachment":[{"href":"https:\/\/www.europesays.com\/no\/wp-json\/wp\/v2\/media?parent=137659"}],"wp:term":[{"taxonomy":"category","embeddable":true,"href":"https:\/\/www.europesays.com\/no\/wp-json\/wp\/v2\/categories?post=137659"},{"taxonomy":"post_tag","embeddable":true,"href":"https:\/\/www.europesays.com\/no\/wp-json\/wp\/v2\/tags?post=137659"}],"curies":[{"name":"wp","href":"https:\/\/api.w.org\/{rel}","templated":true}]}}