{"id":137661,"date":"2026-01-14T23:25:25","date_gmt":"2026-01-14T23:25:25","guid":{"rendered":"https:\/\/www.europesays.com\/no\/137661\/"},"modified":"2026-01-14T23:25:25","modified_gmt":"2026-01-14T23:25:25","slug":"sport-fotball-talentet-ble-hyllet-sa-ble-alt-snudd-pa-hodet-na-er-martin-solgt","status":"publish","type":"post","link":"https:\/\/www.europesays.com\/no\/137661\/","title":{"rendered":"Sport, Fotball | Talentet ble hyllet, s\u00e5 ble alt snudd p\u00e5 hodet \u2013 n\u00e5 er Martin solgt"},"content":{"rendered":"\n<p>Fotball g\u00e5r opp og ned.<\/p>\n<p>I 2023 var Martin Gjone fra Kvelde og Nanset langtidsskadd og langt nede.<\/p>\n<p><b>H\u00f8sten 2024 ble han hyllet for sin innsats i Sandefjord Fotball. Da spilte han fra start i de seks siste seriekampene under trener Hans Erik \u00d8degaard og fikk masse tillit.<\/b><\/p>\n<p>Midtstopperen ble sett p\u00e5 som framtida for eliteserieklubben, og det europeiske sportsforskningssenteret Cies hadde Kvelde-gutten p\u00e5 sine lister over unge spillere i 65 ligaer i verden som hadde gjort det best i den sesongen.<\/p>\n<p>Gjone var nummer 20 i kategorien spilleoppbyggende midtstoppere og ble tatt ut p\u00e5 U20-landslaget for f\u00f8rste gang.<\/p>\n<p><b>Siden har Sandefjord skiftet trener, sesong\u00e5pningen gikk litt tr\u00e5tt, klubben hentet inn nye spillere og Gjone ble i mai skadet igjen. <\/b><\/p>\n<p>  <a href=\"https:\/\/www.op.no\/5-36-1736500\" class=\"related-teaser has-image default-story-teaser article--c-eRUmMG article--c-eRUmMG-jKCPdD-design-default\" wp_automatic_readability=\"1.5\" rel=\"nofollow noopener\" target=\"_blank\"><\/p>\n<p>    <img decoding=\"async\" loading=\"lazy\"  src=\"https:\/\/www.europesays.com\/no\/wp-content\/uploads\/2026\/01\/IMG_0063.JPG\" alt=\"\" class=\"brick-c-cFOWSL\" style=\"\"\/><\/p>\n<p>\n            Les ogs\u00e5<\/p>\n<p>  Martin (19) snudde den vanskelige situasjonen: \u2013 Mange ville nok ha gravd seg ned i kjelleren<\/p>\n<p>  <\/a><br \/>\n  G\u00e5r til konkurrent<\/p>\n<p><b>Onsdag ettermiddag meldte <a href=\"https:\/\/www.tv2.no\/sport\/tv-2-erfarer-hamkam-kjoper-stoppertalent-fra-rival\/18463413\/\" rel=\"Follow nofollow noopener\" target=\"_blank\">TV2 <\/a>at Sandefjord og HamKam har kommet til enighet om en overgang for 20-\u00e5ringen.<\/b><\/p>\n<p>Kvelde-guttens kontrakt g\u00e5r ut til sommeren, og Sandefjord velger \u00e5 selge ham n\u00e5.<\/p>\n<p><b>If\u00f8lge TV2 skal det handle om en totalpakke p\u00e5 rundt 1,5 millioner kroner halvannen million kroner, men at Sandefjord har sikret seg en del av potten hvis spilleren selges videre fra Hamar-klubben. TV2 melder at det skal ha v\u00e6rt viktig for Sandefjord.<\/b><\/p>\n<p>Martin Gjone har ikke svart p\u00e5 \u00d8stlands-Postens henvendelse onsdag.<\/p>\n<p>Tirsdag skrev <a href=\"https:\/\/www.h-a.no\/ha-erfarer-martin-20-er-aktuell-for-hamkam\/s\/5-139-1915388\" rel=\"Follow nofollow noopener\" target=\"_blank\">Hamar Arbeiderblad <\/a>at midtstopperen sto p\u00e5 blokka til HamKam foran denne sesongen, mens det ikke er kjent hvor p\u00e5 blokka han st\u00e5r til Sandefjord-trener Andreas Tegstr\u00f6m etter 5. plassen i eliteserien i fjor.<\/p>\n<p><b>I fjor valgte treneren etter hvert \u00e5 satse p\u00e5 Stian Kristiansen og Zinedin Smajlovic i midtforsvaret.<\/b><\/p>\n<p>  <a href=\"https:\/\/www.op.no\/5-36-1689249\" class=\"related-teaser has-image default-story-teaser article--c-eRUmMG article--c-eRUmMG-jKCPdD-design-default\" wp_automatic_readability=\"1\" rel=\"nofollow noopener\" target=\"_blank\"><\/p>\n<p>    <img decoding=\"async\" loading=\"lazy\"  src=\"https:\/\/www.europesays.com\/no\/wp-content\/uploads\/2026\/01\/IMG_0321.JPG\" alt=\"\" class=\"brick-c-cFOWSL\" style=\"\"\/><\/p>\n<p>\n            Les ogs\u00e5<\/p>\n<p>  Vestfold-trioen nyter \u00e5 spille sammen: \u2013 G\u00f8y \u00e5 se kompiser lykkes<\/p>\n<p>  <\/a><br \/>\n  Kun seks i fjor<\/p>\n<p><b>\u00abHamKam har vist konkret interessert i den h\u00f8yrebeinte midtstopperen, som rager 1.90 meter over bakken. HA-sporten har grunn til \u00e5 tro at det har foreg\u00e5tt forhandlinger mellom klubbene den siste tiden\u00bb, skriver HA.<\/b><\/p>\n<p>Gjone spilte 16 kamper i eliteserien 2024, der debuten kom mot Lillestr\u00f8m i april (0-1) og han scoret sitt f\u00f8rste m\u00e5l da KFUM ble sl\u00e5tt 2-1 i oktober.<\/p>\n<p>I 2025 ble det 12 kamper, men kun seks fra start. Sesongen startet med mye spilletid, men i mai ble Gjone skadet og m\u00e5tte ogs\u00e5 melde forfall til U20. Etter tre kamper i 3. divisjon var han tilbake i og spilte \u00e9n omgang 14. september. uka etter fikk han en sjelden sjanse fra start, men p\u00e5dro seg r\u00f8dt kort i 0-3-tapet mot Brann.<\/p>\n<p>  <a href=\"https:\/\/www.op.no\/5-36-1818881\" class=\"related-teaser has-image default-story-teaser article--c-eRUmMG article--c-eRUmMG-jKCPdD-design-default\" wp_automatic_readability=\"1\" rel=\"nofollow noopener\" target=\"_blank\"><\/p>\n<p>    <img decoding=\"async\" loading=\"lazy\"  src=\"https:\/\/www.europesays.com\/no\/wp-content\/uploads\/2026\/01\/5_36_1657885+sindre2.jpg\" alt=\"\" class=\"brick-c-cFOWSL\" style=\"\"\/><\/p>\n<p>\n            Les ogs\u00e5<\/p>\n<p>  F\u00e5r Nanset millioner etter Sindres rekordovergang?<\/p>\n<p>  <\/a><br \/>\n  Vil ikke kommentere<\/p>\n<p><b>\u2013 Jeg styrer ikke spillerlogistikken og kommenterer heller ikke andre klubbers spillere. Vi kjenner til de fleste i Eliteserien, blant annet Martin. Hva som skjer med hans posisjon er vanskelig \u00e5 si. Jeg er p\u00e5 treningsfeltet og har ingenting med dialogen rundt spillere \u00e5 gj\u00f8re. Det er kanskje et kjedelig svar, men \u00e5 kommentere spillere i andre klubber kan jeg ikke gj\u00f8re. Det kan hende han er aktuell, og det kan hende han ikke er aktuell, sa HamKam-trener Thomas Myhre til HA tirsdag.<\/b><\/p>\n<p>Onsdag ble det alts\u00e5 bekreftet hvis TV2 har rett.<\/p>\n<p>Gjone har de sist tre sesongene v\u00e6rt en del av elitetroppen til Sandefjord, der han har v\u00e6rt lagkamerat med Sindre Walle Egeli fra Nanset. De har fulgt hverandre de siste \u00e5rene, og spilte sammen i ungdomsfotballen p\u00e5 Fagerli, og senere i Sandefjord.<\/p>\n<p><b>Se \u00e5rets f\u00f8rste treningskamp direkte:<\/b><\/p>\n<p>         <a href=\"https:\/\/direktesport.no\/sport\/fotball\/treningskamp-q6vxspkm\/sandefjord-eik-toensberg-xsevqv0x?play=true&amp;utm_source=amedia&amp;partner=amedia\" itemprop=\"url\" style=\"\" data-theme=\"alfa\" class=\"sport_body  mirror pills premium brick-c-gyeSch brick-c-jzewuV\" wp_automatic_readability=\"26\" rel=\"nofollow noopener\" target=\"_blank\"><\/p>\n<p>          <img decoding=\"async\"  loading=\"lazy\" src=\"https:\/\/www.europesays.com\/no\/wp-content\/uploads\/2026\/01\/https:\/\/images-prod.ai.tv2.no\/v2\/image-packs\/pfimg_pack_01kexxh1pkfm9vq9a6v4h07n4g.jpeg\" alt=\"\" class=\"brick-c-cFOWSL\" style=\"\"\/><\/p>\n<p>      Logo for laget Sandefjord<img decoding=\"async\" width=\"100\" height=\"100\" loading=\"lazy\" src=\"https:\/\/www.europesays.com\/no\/wp-content\/uploads\/2026\/01\/https:\/\/api.nifs.no\/images\/clubs\/logo\/3390\/.jpeg\" alt=\"Logo for laget Sandefjord\" class=\"brick-c-cFOWSL\" style=\"--brick-image-ratio: 100 \/ 100;\"\/><br \/>\n      Logo for laget FK Eik T\u00f8nsberg<img decoding=\"async\" width=\"100\" height=\"100\" loading=\"lazy\" src=\"https:\/\/www.europesays.com\/no\/wp-content\/uploads\/2026\/01\/https:\/\/api.nifs.no\/images\/clubs\/logo\/37739\/.jpeg\" alt=\"Logo for laget FK Eik T\u00f8nsberg\" class=\"brick-c-cFOWSL\" style=\"--brick-image-ratio: 100 \/ 100;\"\/><\/p>\n<p>    Artikkelen er for abonnenter<\/p>\n<p>    Sandefjord &#8211; FK Eik T\u00f8nsberg<\/p>\n<p>  <\/a><\/p>\n","protected":false},"excerpt":{"rendered":"Fotball g\u00e5r opp og ned. I 2023 var Martin Gjone fra Kvelde og Nanset langtidsskadd og langt nede.&hellip;\n","protected":false},"author":2,"featured_media":137662,"comment_status":"","ping_status":"","sticky":false,"template":"","format":"standard","meta":{"footnotes":""},"categories":[59],"tags":[36,92,15741,3200,15742,30,28,29,14,83,82,1510],"class_list":{"0":"post-137661","1":"post","2":"type-post","3":"status-publish","4":"format-standard","5":"has-post-thumbnail","7":"category-sport","8":"tag-art","9":"tag-fotball","10":"tag-kvelde","11":"tag-lagendalen","12":"tag-nanset-if","13":"tag-no","14":"tag-norge","15":"tag-norway","16":"tag-nyheter","17":"tag-sport","18":"tag-sports","19":"tag-story"},"share_on_mastodon":{"url":"https:\/\/pubeurope.com\/@no\/115896039723200299","error":""},"_links":{"self":[{"href":"https:\/\/www.europesays.com\/no\/wp-json\/wp\/v2\/posts\/137661","targetHints":{"allow":["GET"]}}],"collection":[{"href":"https:\/\/www.europesays.com\/no\/wp-json\/wp\/v2\/posts"}],"about":[{"href":"https:\/\/www.europesays.com\/no\/wp-json\/wp\/v2\/types\/post"}],"author":[{"embeddable":true,"href":"https:\/\/www.europesays.com\/no\/wp-json\/wp\/v2\/users\/2"}],"replies":[{"embeddable":true,"href":"https:\/\/www.europesays.com\/no\/wp-json\/wp\/v2\/comments?post=137661"}],"version-history":[{"count":0,"href":"https:\/\/www.europesays.com\/no\/wp-json\/wp\/v2\/posts\/137661\/revisions"}],"wp:featuredmedia":[{"embeddable":true,"href":"https:\/\/www.europesays.com\/no\/wp-json\/wp\/v2\/media\/137662"}],"wp:attachment":[{"href":"https:\/\/www.europesays.com\/no\/wp-json\/wp\/v2\/media?parent=137661"}],"wp:term":[{"taxonomy":"category","embeddable":true,"href":"https:\/\/www.europesays.com\/no\/wp-json\/wp\/v2\/categories?post=137661"},{"taxonomy":"post_tag","embeddable":true,"href":"https:\/\/www.europesays.com\/no\/wp-json\/wp\/v2\/tags?post=137661"}],"curies":[{"name":"wp","href":"https:\/\/api.w.org\/{rel}","templated":true}]}}