{"id":137681,"date":"2026-01-14T23:54:20","date_gmt":"2026-01-14T23:54:20","guid":{"rendered":"https:\/\/www.europesays.com\/no\/137681\/"},"modified":"2026-01-14T23:54:20","modified_gmt":"2026-01-14T23:54:20","slug":"nyheter-holen-alvorlig-trafikkulykke-langs-osloveien","status":"publish","type":"post","link":"https:\/\/www.europesays.com\/no\/137681\/","title":{"rendered":"Nyheter, H\u00f8len | Alvorlig trafikkulykke langs Osloveien"},"content":{"rendered":"<p> (<a href=\"https:\/\/www.vestbyavis.no\" rel=\"nofollow noopener\" target=\"_blank\">Vestby Avis<\/a>) <\/p>\n<p><b>Oppdatering 15.38: <\/b>Veien er \u00e5pnet igjen, etter \u00e5 ha v\u00e6rt stengt siden litt etter klokken 08:30.<\/p>\n<p>Klokken 08:43 meldte \u00d8st 110-sentralen om en trafikkulykke p\u00e5 Osloveien ved H\u00f8len.<\/p>\n<p>\u2013 N\u00f8detatene fikk rett etter klokken halv ni melding om en alvorlig trafikkulykke. N\u00f8detatene var raskt p\u00e5 stedet og fikk oversikt over at en personbil hadde kj\u00f8rt inn i en trailer, fortalte innsatsleder Arve Hermansen i \u00d8st politidistrikt p\u00e5 ulykkesstedet.<\/p>\n<p>   <img decoding=\"async\" width=\"6000\" height=\"4000\" fetchpriority=\"low\"  loading=\"lazy\"  src=\"https:\/\/www.europesays.com\/no\/wp-content\/uploads\/2026\/01\/photo+%2819%29.jpg\" alt=\"\" class=\"brick-c-cFOWSL\" style=\"--brick-image-ratio: 6000 \/ 4000;\"\/><\/p>\n<p>      Innsatsleder Arve Hermansen i \u00d8st politidistrikt orienterer om hendelsen p\u00e5 Osloveien.<br \/>\n      Foto: Fredrik Kildebo.\n    <\/p>\n<p>Veien ble raskt stengt av i begge kj\u00f8reretninger, og klokken 12:25 er veien enda ikke \u00e5pnet.<\/p>\n<p>Omkj\u00f8ring er skiltet p\u00e5 stedet, med omkj\u00f8ringsvei p\u00e5 E6 mellom Sonsveien og Vestby syd.<\/p>\n<p>Statens Vegvesens ulykkesgruppe er p\u00e5 stedet, og driver med kartlegging av \u00e5rsaken til ulykken.<\/p>\n<p><b>Les mer her:<\/b><\/p>\n<p>  <a href=\"https:\/\/www.amta.no\/5-53-1033278\" class=\"related-teaser has-image default-story-teaser article--c-eRUmMG article--c-eRUmMG-jKCPdD-design-default\" rel=\"nofollow noopener\" target=\"_blank\"><\/p>\n<p>    <img decoding=\"async\" loading=\"lazy\"  src=\"https:\/\/www.europesays.com\/no\/wp-content\/uploads\/2026\/01\/Ulykke+Osloveien-13.jpg\" alt=\"\" class=\"brick-c-cFOWSL\" style=\"\"\/><\/p>\n<p>\n            Les ogs\u00e5<\/p>\n<p>              D\u00f8dsfall etter ulykken p\u00e5 Osloveien: Dette sier politiet\n        <\/p>\n<p>  <\/a><\/p>\n<p>\u2013 Det er en alvorlig m\u00f8teulykke hvor det er en lastebil som treffer en personbil. Det er for tidlig \u00e5 g\u00e5 inn p\u00e5 hva de ulike akt\u00f8rene har sagt. Det m\u00e5 vi f\u00e5 litt mer oversikt over f\u00f8r vi g\u00e5r inn p\u00e5, fortsatte innsatslederen.<\/p>\n<p>Like f\u00f8r klokken 12 bekreftet politiet at f\u00f8rer av personbilen er bekreftet omkommet.<\/p>\n<p>De p\u00e5r\u00f8rende er varslet, og f\u00e5r oppf\u00f8lging av kriseteam.<\/p>\n<p>Politiet har meldt at det var slapsete f\u00f8re p\u00e5 stedet etter den siste tids sn\u00f8fall.<\/p>\n<p>  <a href=\"https:\/\/www.amta.no\/5-53-1033205\" class=\"related-teaser default-story-teaser article--c-eRUmMG article--c-eRUmMG-jKCPdD-design-default article--c-eRUmMG-kpKLOW-cv\" rel=\"nofollow noopener\" target=\"_blank\"><\/p>\n<p>\n            Les ogs\u00e5<\/p>\n<p>              Her er siste nytt fra trafikken\n        <\/p>\n<p>  <\/a><\/p>\n","protected":false},"excerpt":{"rendered":"(Vestby Avis) Oppdatering 15.38: Veien er \u00e5pnet igjen, etter \u00e5 ha v\u00e6rt stengt siden litt etter klokken 08:30.&hellip;\n","protected":false},"author":2,"featured_media":137682,"comment_status":"","ping_status":"","sticky":false,"template":"","format":"standard","meta":{"footnotes":""},"categories":[10],"tags":[36,20,21,24,25,15,6487,22,23,13,30,28,29,14,16,1510,26,27,224],"class_list":{"0":"post-137681","1":"post","2":"type-post","3":"status-publish","4":"format-standard","5":"has-post-thumbnail","7":"category-norge","8":"tag-art","9":"tag-breaking-news","10":"tag-breakingnews","11":"tag-featured-news","12":"tag-featurednews","13":"tag-headlines","14":"tag-holen","15":"tag-latest-news","16":"tag-latestnews","17":"tag-news","18":"tag-no","19":"tag-norge","20":"tag-norway","21":"tag-nyheter","22":"tag-overskrifter","23":"tag-story","24":"tag-top-stories","25":"tag-topstories","26":"tag-trafikk"},"share_on_mastodon":{"url":"https:\/\/pubeurope.com\/@no\/115896154919798912","error":""},"_links":{"self":[{"href":"https:\/\/www.europesays.com\/no\/wp-json\/wp\/v2\/posts\/137681","targetHints":{"allow":["GET"]}}],"collection":[{"href":"https:\/\/www.europesays.com\/no\/wp-json\/wp\/v2\/posts"}],"about":[{"href":"https:\/\/www.europesays.com\/no\/wp-json\/wp\/v2\/types\/post"}],"author":[{"embeddable":true,"href":"https:\/\/www.europesays.com\/no\/wp-json\/wp\/v2\/users\/2"}],"replies":[{"embeddable":true,"href":"https:\/\/www.europesays.com\/no\/wp-json\/wp\/v2\/comments?post=137681"}],"version-history":[{"count":0,"href":"https:\/\/www.europesays.com\/no\/wp-json\/wp\/v2\/posts\/137681\/revisions"}],"wp:featuredmedia":[{"embeddable":true,"href":"https:\/\/www.europesays.com\/no\/wp-json\/wp\/v2\/media\/137682"}],"wp:attachment":[{"href":"https:\/\/www.europesays.com\/no\/wp-json\/wp\/v2\/media?parent=137681"}],"wp:term":[{"taxonomy":"category","embeddable":true,"href":"https:\/\/www.europesays.com\/no\/wp-json\/wp\/v2\/categories?post=137681"},{"taxonomy":"post_tag","embeddable":true,"href":"https:\/\/www.europesays.com\/no\/wp-json\/wp\/v2\/tags?post=137681"}],"curies":[{"name":"wp","href":"https:\/\/api.w.org\/{rel}","templated":true}]}}