{"id":137712,"date":"2026-01-15T01:12:17","date_gmt":"2026-01-15T01:12:17","guid":{"rendered":"https:\/\/www.europesays.com\/no\/137712\/"},"modified":"2026-01-15T01:12:17","modified_gmt":"2026-01-15T01:12:17","slug":"vi-far-se-hva-som-skjer","status":"publish","type":"post","link":"https:\/\/www.europesays.com\/no\/137712\/","title":{"rendered":"\u2013 Vi f\u00e5r se hva som skjer"},"content":{"rendered":"\n<ul class=\"_list_o9xde_3 _list_64s2r_85 _unordered_o9xde_106 text-sans-m\">\n<li class=\"_item_o9xde_30\">Trump gjentar at USA trenger Gr\u00f8nland for nasjonal sikkerhet, og mener noe vil l\u00f8se seg.<\/li>\n<li class=\"_item_o9xde_30\">Danmarks utenriksminister og Gr\u00f8nlands  utenriskssjef har onsdag hatt m\u00f8te med USAs viespresident og utenriksminister i Washington DC. <\/li>\n<li class=\"_item_o9xde_30\">Etter m\u00f8tet sier den danske utnriksministeren at  det er tydelig at Donald Trump har et \u00f8nske om \u00e5 erobre gr\u00f8nland, og at de ikke klarte \u00e5 endre den amerikanske posisjonen.<\/li>\n<li class=\"_item_o9xde_30\">Samtidig sier han at partene er enige om \u00e5 v\u00e6re uenige, og har dannet en arbeidsgruppe for videre diskusjon.<\/li>\n<\/ul>\n<p>Vis mer <\/p>\n<p class=\"_paragraph_o9xde_4 _paragraph_xtcu6_10 layout-component text-serif-m layout-normal text-serif-m layout-padded\">\u2013 Vi f\u00e5r se hva som skjer med Gr\u00f8nland. Vi trenger Gr\u00f8nland for nasjonal sikkerhet, s\u00e5 vi f\u00e5r se hva som skjer, sier <a href=\"https:\/\/www.vg.no\/tag\/donald-trump-2?utm_source=vg-article&amp;utm_medium=auto-tagger&amp;utm_campaign=e7KkpQ\" class=\"_link_o9xde_39\" rel=\"nofollow noopener\" target=\"_blank\">Donald Trump<\/a> onsdag kveld, etter \u00e5 ha signert en presidentordre om skolemelk. <\/p>\n<p class=\"_paragraph_o9xde_4 _paragraph_xtcu6_10 layout-component text-serif-m layout-normal text-serif-m layout-padded\">Onsdag klokken 17:00 ble <a href=\"https:\/\/www.vg.no\/nyheter\/i\/rrgmel\/danmark-i-skjebnemoete-i-washington-d-c-om-groenland-dette-staar-paa-spill\" data-track-element-type=\"Link\" data-track-id=\"link:rrgmel\" class=\"_link_o9xde_39\" rel=\"nofollow noopener\" target=\"_blank\">det avholdt et skjebnem\u00f8te om Gr\u00f8nland<\/a> i Washington DC, med USAs visepresident J.D. Vance og utenriksminister Marco Rubio.<\/p>\n<p class=\"_paragraph_o9xde_4 _paragraph_xtcu6_10 layout-component text-serif-m layout-normal text-serif-m layout-padded\">De m\u00f8tte Danmarks utenriksminister Lars L\u00f8kke Rasmussen og Gr\u00f8nlands minister for utenrikssaker Vivian Motzfeldt, etter Donald Trumps gjentatte krav om at\u00a0<a href=\"https:\/\/www.vg.no\/nyheter\/i\/Pd98dX\/danmarks-statsminister-ber-usa-stoppe-groenland-truslene\" data-track-element-type=\"Link\" data-track-id=\"link:Pd98dX\" class=\"_link_o9xde_39\" rel=\"nofollow noopener\" target=\"_blank\">USA \u00abtrenger Gr\u00f8nland\u00bb<\/a>\u00a0og trusler om en mulig milit\u00e6roperasjon, som har f\u00f8rt til frykt for at hele Nato-alliansen st\u00e5r i fare.<\/p>\n<p><img alt=\"L\u00f8kke Rasmusse og Vivian Motzfeldt utenfor m\u00f8tet onsdag.   Foto: Mads Claus Rasmussen \/ EPA \/ NTB\" class=\"_image_qp4xg_65 layout-component layout-normal\" data-fullscreen- data-track-element-type=\"Article image fullscreen\" data-track-name=\"ImageFullscreen\" decoding=\"async\" loading=\"lazy\" height=\"3744\" itemprop=\"image\"  src=\"https:\/\/www.europesays.com\/no\/wp-content\/uploads\/2026\/01\/ce74b96d-200b-423e-8057-389bb67e25bc.png\"  style=\"object-position:0% 0%\" width=\"5616\"\/>L\u00f8kke Rasmusse og Vivian Motzfeldt utenfor m\u00f8tet onsdag.   Foto: Mads Claus Rasmussen \/ EPA \/ NTB<\/p>\n<p class=\"_paragraph_o9xde_4 _paragraph_xtcu6_10 layout-component text-serif-m layout-normal text-serif-m layout-padded\">\u2013 Hvis ikke vi g\u00e5r inn s\u00e5 vil Russland og Kina g\u00e5 inn, og det er ikke noe Danmark kan gj\u00f8re med det. Men vi kan gj\u00f8re alt med det, sier Trump. <\/p>\n<p class=\"_paragraph_o9xde_4 _paragraph_xtcu6_10 layout-component text-serif-m layout-normal text-serif-m layout-padded\">Han sier USA har et godt forhold til Danmark, men gjentar at USA trenger Gr\u00f8nland for nasjonal sikkerhet. Han legger til at han ikke har blitt briefet om m\u00f8tet enda. <\/p>\n<p class=\"_paragraph_o9xde_4 _paragraph_xtcu6_10 layout-component text-serif-m layout-normal text-serif-m layout-padded\">\u2013 Vi har et veldig godt forhold til Danmark, og vi f\u00e5r se hvordan det l\u00f8ser seg. Jeg tror noe vil l\u00f8se seg, sier Trump. <\/p>\n<p>\u2013 En grunnleggende uenighet<\/p>\n<p class=\"_paragraph_o9xde_4 _paragraph_xtcu6_10 layout-component text-serif-m layout-normal text-serif-m layout-padded\">Delegasjonen fra Danmark og Gr\u00f8nland ble ikke enige i med USA \u2013 men de ble enige om \u00e5 v\u00e6re uenige, sa Danmarks utenriksminister etter m\u00f8tet, <a href=\"https:\/\/www.vg.no\/nyheter\/i\/rrgmel\/danmark-i-skjebnemoete-i-washington-d-c-om-groenland-dette-staar-paa-spill\" data-track-element-type=\"Link\" data-track-id=\"link:rrgmel\" class=\"_link_o9xde_39\" rel=\"nofollow noopener\" target=\"_blank\">p\u00e5 en pressekonferanse der VG var til stede. <\/a><\/p>\n<p class=\"_paragraph_o9xde_4 _paragraph_xtcu6_10 layout-component text-serif-m layout-normal text-serif-m layout-padded\"><strong class=\"_strong_o9xde_25\">\u2013 Vi klarte ikke \u00e5 endre den amerikanske posisjonen. Det er tydelig at presidenten har et \u00f8nske om \u00e5 erobre Gr\u00f8nland. Vi gjorde det veldig, veldig klart at det ikke er i kongerikets interesse, sa han, og videre: <\/strong><\/p>\n<p class=\"_paragraph_o9xde_4 _paragraph_xtcu6_10 layout-component text-serif-m layout-normal text-serif-m layout-padded\">\u2013 \u00c5 ikke respektere Gr\u00f8nlands territoriell integritet er totalt uakseptabelt. Vi har fortsatt en grunnleggende uenighet. <\/p>\n<p class=\"_paragraph_o9xde_4 _paragraph_xtcu6_10 layout-component text-serif-m layout-normal text-serif-m layout-padded\">Samtidig beskrev han m\u00f8tet som konstruktivt. Det mest konkrete, offentlig kjente resultatet fra m\u00f8tet er at Danmark og USA er blitt enige om \u00e5 danne en arbeidsgruppe som skal m\u00f8tes i l\u00f8pet av de neste ukene for \u00e5 diskutere Gr\u00f8nland videre.<\/p>\n<p class=\"_paragraph_o9xde_4 _paragraph_xtcu6_10 layout-component text-serif-m layout-normal text-serif-m layout-padded\">Gr\u00f8nlands minister for utenrikssaker, Vivian Motzfeldt, la til: <\/p>\n<p class=\"_paragraph_o9xde_4 _paragraph_xtcu6_10 layout-component text-serif-m layout-normal text-serif-m layout-padded\">\u2013 Det er viktig \u00e5 si igjen, hvor viktig det er \u00e5 styrke v\u00e5rt forhold til USA, men uten \u00e5 bli eid av dem.<\/p>\n<p class=\"_paragraph_o9xde_4 _paragraph_xtcu6_10 layout-component text-serif-m layout-normal text-serif-m layout-padded\">Danmark<a href=\"https:\/\/www.vg.no\/nyheter\/i\/rrgmel\/danmark-i-skjebnemoete-i-washington-d-c-om-groenland-dette-staar-paa-spill\" data-track-element-type=\"Link\" data-track-id=\"link:rrgmel\" class=\"_link_o9xde_39\" rel=\"nofollow noopener\" target=\"_blank\"> har \u00f8kt <\/a>sin milit\u00e6re tilstedev\u00e6relse p\u00e5 Gr\u00f8nland for \u00e5 styrke sikkerheten i Arktis. Norge, Sverige og Tyskland er blant landene som n\u00e5 sender personell dit. <\/p>\n<ul class=\"_list_o9xde_3 _list_xtcu6_9 _unordered_o9xde_106 layout-component text-serif-m layout-normal text-serif-m layout-padded\">\n<li class=\"_item_o9xde_30\">Siste nytt finner du her \u2013 <a href=\"https:\/\/www.vg.no\/nyheter\/i\/rrgVpa\/siste-nytt-om-groenland\" data-track-element-type=\"Link\" data-track-id=\"link:rrgVpa\" class=\"_link_o9xde_39\" rel=\"nofollow noopener\" target=\"_blank\">i VGs livestudio<\/a><\/li>\n<\/ul>\n<ul class=\"_gallery_1qa3s_23\" tabindex=\"0\">\n<li class=\"_item_1qa3s_37\" data-index=\"0\"><img decoding=\"async\" class=\"_image_foru8_23 _articleGallery_foru8_39\" data-fullscreen- width=\"2976\" height=\"1984\" itemprop=\"image\" loading=\"lazy\"  src=\"https:\/\/www.europesays.com\/no\/wp-content\/uploads\/2026\/01\/cb73ffd1-c89c-49c3-a634-63b1e3b5b29a.png\"  style=\"object-position:50% 50%;aspect-ratio:var(--gallery-aspect-ratio, 16 \/ 9)\"\/>Rasmussen og Motzfeldt under pressekonferansen om Gr\u00f8nland-m\u00f8tet. Foto: Thomas Nilsson \/ VG<\/li>\n<li class=\"_item_1qa3s_37\" data-index=\"1\"><img decoding=\"async\" class=\"_image_foru8_23 _articleGallery_foru8_39\" data-fullscreen- width=\"2976\" height=\"1984\" itemprop=\"image\" loading=\"lazy\"  src=\"https:\/\/www.europesays.com\/no\/wp-content\/uploads\/2026\/01\/6c1fa844-b27f-415b-a4d1-7f130d33b757.jpeg\"  style=\"object-position:50% 50%;aspect-ratio:var(--gallery-aspect-ratio, 16 \/ 9)\"\/>Bildet viser det som antakeligvis er visepresident JD Vance i bilkort teskje p\u00e5 vei inn til Eisenhower-bygget, der m\u00f8tet med Danmark og Gr\u00f8nland skal finne sted. Foto: Thomas Nilsson \/ VG<\/li>\n<li class=\"_item_1qa3s_37\" data-index=\"2\"><img decoding=\"async\" class=\"_image_foru8_23 _articleGallery_foru8_39\" data-fullscreen- width=\"2976\" height=\"1984\" itemprop=\"image\" loading=\"lazy\"  src=\"https:\/\/www.europesays.com\/no\/wp-content\/uploads\/2026\/01\/17a45152-1570-4592-94f9-bbb5a28f47e2.jpeg\"  style=\"object-position:50% 50%;aspect-ratio:var(--gallery-aspect-ratio, 16 \/ 9)\"\/>Eisenhower Executive Office Building, der m\u00f8tet holdes. Foto: Thomas Nilsson \/ VG<\/li>\n<li class=\"_item_1qa3s_37\" data-index=\"3\"><img decoding=\"async\" class=\"_image_foru8_23 _articleGallery_foru8_39\" data-fullscreen- width=\"5616\" height=\"3744\" itemprop=\"image\" loading=\"lazy\"  src=\"https:\/\/www.europesays.com\/no\/wp-content\/uploads\/2026\/01\/35abc42e-fd91-4371-aef9-524e57c5f98c.png\"  style=\"object-position:50% 50%;aspect-ratio:var(--gallery-aspect-ratio, 16 \/ 9)\"\/>Foto: Mads Claus Rasmussen \/ AP \/ NTB<\/li>\n<\/ul>\n<p>Rasmussen og Motzfeldt under pressekonferansen om Gr\u00f8nland-m\u00f8tet. Foto: Thomas Nilsson \/ VG<\/p>\n<p>Vil ha Gr\u00f8nland<\/p>\n<p class=\"_paragraph_o9xde_4 _paragraph_xtcu6_10 layout-component text-serif-m layout-normal text-serif-m layout-padded\">Bakgrunnen for m\u00f8tet som varte i en knapp time, var en rekke nye uttalelser fra blant annet USAs president Donald Trump, som mener at USA \u00abm\u00e5 ha\u00bb Gr\u00f8nland av hensyn til nasjonal sikkerhet. <\/p>\n<p class=\"_paragraph_o9xde_4 _paragraph_xtcu6_10 layout-component text-serif-m layout-normal text-serif-m layout-padded\">\u2013 Nato blir mye mer formidabelt og effektivt med Gr\u00f8nland i hendene til USA. Alt annet enn det er uakseptabelt, skrev den amerikanske presidenten p\u00e5<a href=\"https:\/\/truthsocial.com\/@realDonaldTrump\/posts\/115893255826342514\" class=\"_link_o9xde_39\" rel=\"nofollow noopener\" target=\"_blank\"> Truth Social<\/a> tidligere samme dag. <\/p>\n<p><img alt=\"Visepresident Vance under sitt bes\u00f8k til Gr\u00f8nland i mars i fjor.  Foto: JIM WATSON \/ AFP \/ NTB\" class=\"_image_qp4xg_65 layout-component layout-normal\" data-fullscreen- data-track-element-type=\"Article image fullscreen\" data-track-name=\"ImageFullscreen\" decoding=\"async\" loading=\"lazy\" height=\"5504\" itemprop=\"image\"  src=\"https:\/\/www.europesays.com\/no\/wp-content\/uploads\/2026\/01\/1768439537_357_8865bb24-684e-4d91-9981-793f9c74faa9.jpeg\"  style=\"object-position:0% 0%\" width=\"8256\"\/>Visepresident Vance under sitt bes\u00f8k til Gr\u00f8nland i mars i fjor.  Foto: JIM WATSON \/ AFP \/ NTB<\/p>\n<p class=\"_paragraph_o9xde_4 _paragraph_xtcu6_10 layout-component text-serif-m layout-normal text-serif-m layout-padded\">Men trusselen Trump viser til fra Russland og Kina finnes ikke, <a href=\"https:\/\/www.vg.no\/nyheter\/i\/Rj9KpW\/dansk-forsker-advarer-trusselen-trump-viser-til-finnes-ikke\" data-track-element-type=\"Link\" data-track-id=\"link:Rj9KpW\" class=\"_link_o9xde_39\" rel=\"nofollow noopener\" target=\"_blank\">sier en dansk ekspert til VG. <\/a>USA kan ogs\u00e5 utplassere s\u00e5 mye milit\u00e6rt personell de \u00f8nsker p\u00e5 Gr\u00f8nland, gjennom en forsvarsavtale med Danmark fra 1951. <\/p>\n<p class=\"_paragraph_o9xde_4 _paragraph_xtcu6_10 layout-component text-serif-m layout-normal text-serif-m layout-padded\">Flere eksperter har ogs\u00e5 trukket frem Gr\u00f8nlands mineralforekomster som noe USA kan v\u00e6re interessert i. VG bes\u00f8kte omr\u00e5dene der de ligger i april i fjor: <a href=\"https:\/\/www.vg.no\/nyheter\/i\/nyKjln\/groenland-de-skjulte-skattene\" data-track-element-type=\"Link\" data-track-id=\"link:nyKjln\" class=\"_link_o9xde_39\" rel=\"nofollow noopener\" target=\"_blank\">Les mer om dette her.<\/a><\/p>\n","protected":false},"excerpt":{"rendered":"Trump gjentar at USA trenger Gr\u00f8nland for nasjonal sikkerhet, og mener noe vil l\u00f8se seg. Danmarks utenriksminister og&hellip;\n","protected":false},"author":2,"featured_media":137713,"comment_status":"","ping_status":"","sticky":false,"template":"","format":"standard","meta":{"footnotes":""},"categories":[12],"tags":[20,21,1524,55,24,25,2112,15,3330,22,23,13,30,28,29,14,16,26,27,50,42,43,44,45],"class_list":{"0":"post-137712","1":"post","2":"type-post","3":"status-publish","4":"format-standard","5":"has-post-thumbnail","7":"category-verden","8":"tag-breaking-news","9":"tag-breakingnews","10":"tag-danmark","11":"tag-donald-trump","12":"tag-featured-news","13":"tag-featurednews","14":"tag-gronland","15":"tag-headlines","16":"tag-lars-lokke-rasmussen","17":"tag-latest-news","18":"tag-latestnews","19":"tag-news","20":"tag-no","21":"tag-norge","22":"tag-norway","23":"tag-nyheter","24":"tag-overskrifter","25":"tag-top-stories","26":"tag-topstories","27":"tag-usa","28":"tag-verden","29":"tag-world","30":"tag-world-news","31":"tag-worldnews"},"share_on_mastodon":{"url":"https:\/\/pubeurope.com\/@no\/115896460525326409","error":""},"_links":{"self":[{"href":"https:\/\/www.europesays.com\/no\/wp-json\/wp\/v2\/posts\/137712","targetHints":{"allow":["GET"]}}],"collection":[{"href":"https:\/\/www.europesays.com\/no\/wp-json\/wp\/v2\/posts"}],"about":[{"href":"https:\/\/www.europesays.com\/no\/wp-json\/wp\/v2\/types\/post"}],"author":[{"embeddable":true,"href":"https:\/\/www.europesays.com\/no\/wp-json\/wp\/v2\/users\/2"}],"replies":[{"embeddable":true,"href":"https:\/\/www.europesays.com\/no\/wp-json\/wp\/v2\/comments?post=137712"}],"version-history":[{"count":0,"href":"https:\/\/www.europesays.com\/no\/wp-json\/wp\/v2\/posts\/137712\/revisions"}],"wp:featuredmedia":[{"embeddable":true,"href":"https:\/\/www.europesays.com\/no\/wp-json\/wp\/v2\/media\/137713"}],"wp:attachment":[{"href":"https:\/\/www.europesays.com\/no\/wp-json\/wp\/v2\/media?parent=137712"}],"wp:term":[{"taxonomy":"category","embeddable":true,"href":"https:\/\/www.europesays.com\/no\/wp-json\/wp\/v2\/categories?post=137712"},{"taxonomy":"post_tag","embeddable":true,"href":"https:\/\/www.europesays.com\/no\/wp-json\/wp\/v2\/tags?post=137712"}],"curies":[{"name":"wp","href":"https:\/\/api.w.org\/{rel}","templated":true}]}}