{"id":137714,"date":"2026-01-15T01:13:19","date_gmt":"2026-01-15T01:13:19","guid":{"rendered":"https:\/\/www.europesays.com\/no\/137714\/"},"modified":"2026-01-15T01:13:19","modified_gmt":"2026-01-15T01:13:19","slug":"lokalt-naeringsliv-gallaria-ba-om-avtale-pa-70-000-kroner-for-at-ordforeren-skulle-dele-ut-hederspris-meget-spesiell-henvendelse","status":"publish","type":"post","link":"https:\/\/www.europesays.com\/no\/137714\/","title":{"rendered":"Lokalt n\u00e6ringsliv, Gallaria | Ba om avtale p\u00e5 70.000 kroner for at ordf\u00f8reren skulle dele ut hederspris: \u2013 Meget spesiell henvendelse"},"content":{"rendered":"<p data-content=\"lead-text\" class=\"lead-text story brick-c-eOZvhA\">\n<p>          I mange \u00e5r har ordf\u00f8reren i Rana delt ut prisen \u00c5rets ambassad\u00f8r under Gallaria. Men 30. januar 2026 er ingen ordf\u00f8rer p\u00e5 prispodiet. Den muligheten falt bort da kommunen takket nei til en partnerskapsavtale med Gallaria til 70.000 kroner, der det \u00e5 f\u00e5 dele ut pris inng\u00e5r i pakken. N\u00e5 skal kommunal- og distriktsminister Bj\u00f8rnar Skj\u00e6ran dele ut prisen. Gratis.\n      <\/p>\n","protected":false},"excerpt":{"rendered":"I mange \u00e5r har ordf\u00f8reren i Rana delt ut prisen \u00c5rets ambassad\u00f8r under Gallaria. Men 30. januar 2026&hellip;\n","protected":false},"author":2,"featured_media":137715,"comment_status":"","ping_status":"","sticky":false,"template":"","format":"standard","meta":{"footnotes":""},"categories":[10],"tags":[20,21,24,25,15,22,23,13,30,28,29,14,16,26,27],"class_list":{"0":"post-137714","1":"post","2":"type-post","3":"status-publish","4":"format-standard","5":"has-post-thumbnail","7":"category-norge","8":"tag-breaking-news","9":"tag-breakingnews","10":"tag-featured-news","11":"tag-featurednews","12":"tag-headlines","13":"tag-latest-news","14":"tag-latestnews","15":"tag-news","16":"tag-no","17":"tag-norge","18":"tag-norway","19":"tag-nyheter","20":"tag-overskrifter","21":"tag-top-stories","22":"tag-topstories"},"share_on_mastodon":{"url":"https:\/\/pubeurope.com\/@no\/115896464346511963","error":""},"_links":{"self":[{"href":"https:\/\/www.europesays.com\/no\/wp-json\/wp\/v2\/posts\/137714","targetHints":{"allow":["GET"]}}],"collection":[{"href":"https:\/\/www.europesays.com\/no\/wp-json\/wp\/v2\/posts"}],"about":[{"href":"https:\/\/www.europesays.com\/no\/wp-json\/wp\/v2\/types\/post"}],"author":[{"embeddable":true,"href":"https:\/\/www.europesays.com\/no\/wp-json\/wp\/v2\/users\/2"}],"replies":[{"embeddable":true,"href":"https:\/\/www.europesays.com\/no\/wp-json\/wp\/v2\/comments?post=137714"}],"version-history":[{"count":0,"href":"https:\/\/www.europesays.com\/no\/wp-json\/wp\/v2\/posts\/137714\/revisions"}],"wp:featuredmedia":[{"embeddable":true,"href":"https:\/\/www.europesays.com\/no\/wp-json\/wp\/v2\/media\/137715"}],"wp:attachment":[{"href":"https:\/\/www.europesays.com\/no\/wp-json\/wp\/v2\/media?parent=137714"}],"wp:term":[{"taxonomy":"category","embeddable":true,"href":"https:\/\/www.europesays.com\/no\/wp-json\/wp\/v2\/categories?post=137714"},{"taxonomy":"post_tag","embeddable":true,"href":"https:\/\/www.europesays.com\/no\/wp-json\/wp\/v2\/tags?post=137714"}],"curies":[{"name":"wp","href":"https:\/\/api.w.org\/{rel}","templated":true}]}}