{"id":137716,"date":"2026-01-15T01:20:08","date_gmt":"2026-01-15T01:20:08","guid":{"rendered":"https:\/\/www.europesays.com\/no\/137716\/"},"modified":"2026-01-15T01:20:08","modified_gmt":"2026-01-15T01:20:08","slug":"mener-norge-bor-kaste-ut-irans-ambassador","status":"publish","type":"post","link":"https:\/\/www.europesays.com\/no\/137716\/","title":{"rendered":"Mener Norge b\u00f8r kaste ut Irans ambassad\u00f8r"},"content":{"rendered":"<p>\n        BER OM REAKSJON: KrF-partileder Dag-Inge Ulstein<br \/>\n        Anders Artmark Aanensen\n    <\/p>\n<p>    Partileder Dag-Inge Ulstein (KrF) mener regjeringen m\u00e5 reagere sterkere mot det iranske regimet. &#8211; Kast ut ambassad\u00f8ren, sier han.<\/p>\n<p>KrF-leder Dag-Inge Ulstein krever at regjeringen kaster ut\u00a0<a href=\"https:\/\/www.vg.no\/tag\/iran?utm_source=vg-article&amp;utm_medium=auto-tagger&amp;utm_campaign=9pO8Lp\" rel=\"nofollow noopener\" target=\"_blank\">Irans<\/a>\u00a0ambassad\u00f8r til Norge som f\u00f8lge av den brutale undertrykkelsen av demonstranter i Iran.<\/p>\n<p><a href=\"https:\/\/www.vg.no\/nyheter\/i\/9pO8Lp\/krf-leder-krever-at-iran-ambassadoer-kastes-ut\" rel=\"nofollow noopener\" target=\"_blank\">Det melder VG.<\/a><\/p>\n<p>\u2013 Utenriksministeren m\u00e5 vurdere \u00e5 kaste ut Den islamske republikkens ambassad\u00f8r i Norge, skriver Ulstein i en pressemelding.<\/p>\n","protected":false},"excerpt":{"rendered":"BER OM REAKSJON: KrF-partileder Dag-Inge Ulstein Anders Artmark Aanensen Partileder Dag-Inge Ulstein (KrF) mener regjeringen m\u00e5 reagere sterkere&hellip;\n","protected":false},"author":2,"featured_media":137717,"comment_status":"","ping_status":"","sticky":false,"template":"","format":"standard","meta":{"footnotes":""},"categories":[12],"tags":[20,21,24,25,15,22,23,13,30,28,29,14,16,26,27,42,43,44,45],"class_list":{"0":"post-137716","1":"post","2":"type-post","3":"status-publish","4":"format-standard","5":"has-post-thumbnail","7":"category-verden","8":"tag-breaking-news","9":"tag-breakingnews","10":"tag-featured-news","11":"tag-featurednews","12":"tag-headlines","13":"tag-latest-news","14":"tag-latestnews","15":"tag-news","16":"tag-no","17":"tag-norge","18":"tag-norway","19":"tag-nyheter","20":"tag-overskrifter","21":"tag-top-stories","22":"tag-topstories","23":"tag-verden","24":"tag-world","25":"tag-world-news","26":"tag-worldnews"},"share_on_mastodon":{"url":"https:\/\/pubeurope.com\/@no\/115896491912632348","error":""},"_links":{"self":[{"href":"https:\/\/www.europesays.com\/no\/wp-json\/wp\/v2\/posts\/137716","targetHints":{"allow":["GET"]}}],"collection":[{"href":"https:\/\/www.europesays.com\/no\/wp-json\/wp\/v2\/posts"}],"about":[{"href":"https:\/\/www.europesays.com\/no\/wp-json\/wp\/v2\/types\/post"}],"author":[{"embeddable":true,"href":"https:\/\/www.europesays.com\/no\/wp-json\/wp\/v2\/users\/2"}],"replies":[{"embeddable":true,"href":"https:\/\/www.europesays.com\/no\/wp-json\/wp\/v2\/comments?post=137716"}],"version-history":[{"count":0,"href":"https:\/\/www.europesays.com\/no\/wp-json\/wp\/v2\/posts\/137716\/revisions"}],"wp:featuredmedia":[{"embeddable":true,"href":"https:\/\/www.europesays.com\/no\/wp-json\/wp\/v2\/media\/137717"}],"wp:attachment":[{"href":"https:\/\/www.europesays.com\/no\/wp-json\/wp\/v2\/media?parent=137716"}],"wp:term":[{"taxonomy":"category","embeddable":true,"href":"https:\/\/www.europesays.com\/no\/wp-json\/wp\/v2\/categories?post=137716"},{"taxonomy":"post_tag","embeddable":true,"href":"https:\/\/www.europesays.com\/no\/wp-json\/wp\/v2\/tags?post=137716"}],"curies":[{"name":"wp","href":"https:\/\/api.w.org\/{rel}","templated":true}]}}