{"id":137718,"date":"2026-01-15T01:21:17","date_gmt":"2026-01-15T01:21:17","guid":{"rendered":"https:\/\/www.europesays.com\/no\/137718\/"},"modified":"2026-01-15T01:21:17","modified_gmt":"2026-01-15T01:21:17","slug":"svar-til-ordforer-paal-pedersens-leserinnlegg","status":"publish","type":"post","link":"https:\/\/www.europesays.com\/no\/137718\/","title":{"rendered":"Svar til ordf\u00f8rer Paal Pedersens leserinnlegg"},"content":{"rendered":"<p data-testid=\"textWithMarkup-markup\" data-v-62d58f52=\"\"><strong>Debattinnlegg av Liv-Else Kallhovd, leder i Fagforbundets kompetansesenter i Agder<\/strong><\/p>\n<p data-testid=\"textWithMarkup-markup\" data-v-62d58f52=\"\"><a href=\"https:\/\/www.l-a.no\/meninger\/o\/wreR7o\/om-turnus-politikere-og-spilleregler\" rel=\"noopener nofollow\" target=\"_blank\">Ordf\u00f8rer Paal Pedersen svarer<\/a> en gruppe ansatte i kommunen at politikere ikke b\u00f8r blande seg i l\u00f8nns- og tarifforhandlinger. Det er jeg helt enig med ordf\u00f8reren i, men sp\u00f8rsm\u00e5let fra de ansatte handler om noe annet enn l\u00f8nns- og tarifforhandlinger. De ansatte sp\u00f8r om politikerne er kjent med konsekvensene av n\u00e5v\u00e6rende turnusordning i kommunen. Det mener jeg politikerne s\u00e5 absolutt m\u00e5 sette seg inn i. <\/p>\n<p data-testid=\"textWithMarkup-text\" data-v-81d7dc2b=\"\" data-v-62d58f52=\"\">Ordf\u00f8rer med kommunestyre er ansvarlig for de tjenester kommunen gir og b\u00f8r derfor v\u00e6re oppdatert p\u00e5 hvordan arbeidstidsordningene kan p\u00e5virke tjenestene. Ordf\u00f8rer med kommunestyret er \u00f8verste arbeidsgiveransvarlig i en kommune og b\u00f8r ogs\u00e5 av denne grunn kjenne til hvordan de ansatte har det p\u00e5 jobb.<\/p>\n<p data-testid=\"textWithMarkup-text\" data-v-81d7dc2b=\"\" data-v-62d58f52=\"\">I den forbindelse mener jeg ogs\u00e5 at kommunestyret er ansvarlig for hvordan administrasjonen opptrer og forst\u00e5r kommunens arbeidsgiverstrategi. S\u00e5 sp\u00f8rsm\u00e5let ordf\u00f8rer Pedersen og resten av kommunestyret b\u00f8r stille seg, er om de synes administrasjonen forvalter sitt ansvar p\u00e5 en god m\u00e5te. Sp\u00f8rsm\u00e5let jeg stiller ordf\u00f8rer Pedersen og resten av kommunestyret er om de mener de har en god arbeidsgiverstrategi? Og om de bekymrer seg for om omd\u00f8mmet til kommunen kan f\u00e5 f\u00f8lger for rekrutteringen? <\/p>\n<p data-testid=\"textWithMarkup-text\" data-v-81d7dc2b=\"\" data-v-62d58f52=\"\">Dette er sp\u00f8rsm\u00e5l vi er flere som \u00f8nsker svar p\u00e5. S\u00e5 skal vi som parter i arbeidslivet ta oss av selve uenigheten om forst\u00e5elsen av tariffavtalen. Det sp\u00f8rsm\u00e5let er l\u00f8ftet inn til kommunens arbeidsgiverorganisasjon KS og det skal forhandles om der mellom partene.<\/p>\n","protected":false},"excerpt":{"rendered":"Debattinnlegg av Liv-Else Kallhovd, leder i Fagforbundets kompetansesenter i Agder Ordf\u00f8rer Paal Pedersen svarer en gruppe ansatte i&hellip;\n","protected":false},"author":2,"featured_media":137719,"comment_status":"","ping_status":"","sticky":false,"template":"","format":"standard","meta":{"footnotes":""},"categories":[10],"tags":[20,21,24,25,15,22,23,13,30,28,29,14,16,26,27],"class_list":{"0":"post-137718","1":"post","2":"type-post","3":"status-publish","4":"format-standard","5":"has-post-thumbnail","7":"category-norge","8":"tag-breaking-news","9":"tag-breakingnews","10":"tag-featured-news","11":"tag-featurednews","12":"tag-headlines","13":"tag-latest-news","14":"tag-latestnews","15":"tag-news","16":"tag-no","17":"tag-norge","18":"tag-norway","19":"tag-nyheter","20":"tag-overskrifter","21":"tag-top-stories","22":"tag-topstories"},"share_on_mastodon":{"url":"https:\/\/pubeurope.com\/@no\/115896495792195149","error":""},"_links":{"self":[{"href":"https:\/\/www.europesays.com\/no\/wp-json\/wp\/v2\/posts\/137718","targetHints":{"allow":["GET"]}}],"collection":[{"href":"https:\/\/www.europesays.com\/no\/wp-json\/wp\/v2\/posts"}],"about":[{"href":"https:\/\/www.europesays.com\/no\/wp-json\/wp\/v2\/types\/post"}],"author":[{"embeddable":true,"href":"https:\/\/www.europesays.com\/no\/wp-json\/wp\/v2\/users\/2"}],"replies":[{"embeddable":true,"href":"https:\/\/www.europesays.com\/no\/wp-json\/wp\/v2\/comments?post=137718"}],"version-history":[{"count":0,"href":"https:\/\/www.europesays.com\/no\/wp-json\/wp\/v2\/posts\/137718\/revisions"}],"wp:featuredmedia":[{"embeddable":true,"href":"https:\/\/www.europesays.com\/no\/wp-json\/wp\/v2\/media\/137719"}],"wp:attachment":[{"href":"https:\/\/www.europesays.com\/no\/wp-json\/wp\/v2\/media?parent=137718"}],"wp:term":[{"taxonomy":"category","embeddable":true,"href":"https:\/\/www.europesays.com\/no\/wp-json\/wp\/v2\/categories?post=137718"},{"taxonomy":"post_tag","embeddable":true,"href":"https:\/\/www.europesays.com\/no\/wp-json\/wp\/v2\/tags?post=137718"}],"curies":[{"name":"wp","href":"https:\/\/api.w.org\/{rel}","templated":true}]}}