{"id":137720,"date":"2026-01-15T01:28:12","date_gmt":"2026-01-15T01:28:12","guid":{"rendered":"https:\/\/www.europesays.com\/no\/137720\/"},"modified":"2026-01-15T01:28:12","modified_gmt":"2026-01-15T01:28:12","slug":"trump-om-gronland-vi-far-se-hva-som-skjer-vi-har-et-godt-forhold-til-danmark-tv2-no","status":"publish","type":"post","link":"https:\/\/www.europesays.com\/no\/137720\/","title":{"rendered":"Trump om Gr\u00f8nland: Vi f\u00e5r se hva som skjer \u2013 vi har et godt forhold til Danmark &#8211; TV2.no"},"content":{"rendered":"<ol>\n<li><a href=\"https:\/\/news.google.com\/rss\/articles\/CBMi3gFBVV95cUxNNk1uLUtXMkxIWDdoMDZ0LUJnMldPYmczeVdjenVzZXFseVdIUjlFTE00WE95R3BvUmg4N1pNTjNsM2lwVXJNWnNCem9UbnF1dl91QUloc05CY1FqOVBrMTRNOVE3SURWdEVRWHo5bUpFODFsQ2JBRWNzSDFTalBoWVNRcXZ0S2FHSUFnTWxKZGZpN1dVdU94VWNLQW9rSmd1MXNwYjBGcWFtcUVjRTlsQ0NGcm1XUnhkSy1GNEV0YjNRc01sQUNyU2NHR2E3VnZjRHZsMm5yaFJRdXF5Znc?oc=5\" target=\"_blank\" rel=\"nofollow noopener\">Trump om Gr\u00f8nland: Vi f\u00e5r se hva som skjer \u2013 vi har et godt forhold til Danmark<\/a>&nbsp;&nbsp;TV2.no<\/li>\n<li><a href=\"https:\/\/news.google.com\/rss\/articles\/CBMikAFBVV95cUxOT2w5cTNsbTZQeVJyWkNMeEp1Qi1lTlBOZGhtcURSdklRUm5kZWZUYkp6NVotWVNEYWRCYnRhbnVXYk5KR05yU0pid1MyeUdpUGRSRVdLSnZhZU1hZDJUS1lkZ1lQQ3dIWGFqMjAwYmt0RElvM19pMTFBOW1rTEw3b1RGUXdLM2pZOEJhdVdMVlc?oc=5\" target=\"_blank\" rel=\"nofollow noopener\">Trump etter Gr\u00f8nland-m\u00f8te: \u2013\u2060 Vi f\u00e5r se hva som skjer<\/a>&nbsp;&nbsp;VG<\/li>\n<li><a href=\"https:\/\/news.google.com\/rss\/articles\/CBMiggFBVV95cUxQc1BIOTRvOHpVS2xGbnBSRU5iblJfUGdwTXhsM3lmSkN6YmtqUnJtYzlsU1llSnlfZjdLMnI5NW5ERUg4Wi1PeUlrajJ0QzF5cjUxSmVqQ3prU2JSTFBuS3ZwM0J2VW93NXh5a3pqZHRXSnhYWndKTGxiS2FnRGQ0bHJ3?oc=5\" target=\"_blank\" rel=\"nofollow noopener\">Trump: \u2013 Jeg kan ikke stole p\u00e5 Danmark \u2013 Siste nytt<\/a>&nbsp;&nbsp;NRK<\/li>\n<li><a href=\"https:\/\/news.google.com\/rss\/articles\/CBMipAFBVV95cUxPWVB4ZHR2aHoxV2l3SGdoT1VZUWVEV3ZGTXdXVEkyMGtrSlFmMHU1bTFjR0FBa3pta3lwZjBQbTk0ZWl2QUQtbi1SNWU4WnI4NnNKX0FNOVdiX29mbUFEZ2I1enpVaUprSFNSa05vY2J1NEFJQ0s2X1NCNmdYczB3OFUyNUN2MGU0Z0ZKUGp1bm16NklwNkpGc0JtZE41ZmswYXdTYg?oc=5\" target=\"_blank\" rel=\"nofollow noopener\">Kongressen m\u00e5 pr\u00f8ve \u00e5 stanse denne galskapen<\/a>&nbsp;&nbsp;Aftenposten<\/li>\n<li><a href=\"https:\/\/news.google.com\/rss\/articles\/CBMivgFBVV95cUxNTEdHVVUyY3hrWU5SVkJvZHB5Q2hxRmZrYloxYzF3X2xtWGJnWnZHYzFEY3A5a3ZSNjF6bHZjclE4X2xPMGpPZWJBejUwTVBZTEhTQ0xaNUJxdlVhd3A2LUNkZnlnRTVkc0I3QVh2emo1OGhuZlJCeXhMX1pGY2drVzQ5TEZuTnhVbS1qMjZGNUdIb3JzbHhSQ2NtVW9LcUE3YlVzRUdaQkxNV3g4eXByVDY1d0lQYUdaQXpNNVFB?oc=5\" target=\"_blank\" rel=\"nofollow noopener\">Skjebnem\u00f8te om Gr\u00f8nland: \u2013\u2060 Vi klarte ikke \u00e5 endre den amerikanske posisjonen<\/a>&nbsp;&nbsp;E24<\/li>\n<\/ol>\n","protected":false},"excerpt":{"rendered":"Trump om Gr\u00f8nland: Vi f\u00e5r se hva som skjer \u2013 vi har et godt forhold til Danmark&nbsp;&nbsp;TV2.no Trump&hellip;\n","protected":false},"author":2,"featured_media":7490,"comment_status":"","ping_status":"","sticky":false,"template":"","format":"standard","meta":{"footnotes":""},"categories":[10],"tags":[20,21,24,25,15,22,23,13,30,28,29,14,16,26,27],"class_list":{"0":"post-137720","1":"post","2":"type-post","3":"status-publish","4":"format-standard","5":"has-post-thumbnail","7":"category-norge","8":"tag-breaking-news","9":"tag-breakingnews","10":"tag-featured-news","11":"tag-featurednews","12":"tag-headlines","13":"tag-latest-news","14":"tag-latestnews","15":"tag-news","16":"tag-no","17":"tag-norge","18":"tag-norway","19":"tag-nyheter","20":"tag-overskrifter","21":"tag-top-stories","22":"tag-topstories"},"share_on_mastodon":{"url":"https:\/\/pubeurope.com\/@no\/115896523322821056","error":""},"_links":{"self":[{"href":"https:\/\/www.europesays.com\/no\/wp-json\/wp\/v2\/posts\/137720","targetHints":{"allow":["GET"]}}],"collection":[{"href":"https:\/\/www.europesays.com\/no\/wp-json\/wp\/v2\/posts"}],"about":[{"href":"https:\/\/www.europesays.com\/no\/wp-json\/wp\/v2\/types\/post"}],"author":[{"embeddable":true,"href":"https:\/\/www.europesays.com\/no\/wp-json\/wp\/v2\/users\/2"}],"replies":[{"embeddable":true,"href":"https:\/\/www.europesays.com\/no\/wp-json\/wp\/v2\/comments?post=137720"}],"version-history":[{"count":0,"href":"https:\/\/www.europesays.com\/no\/wp-json\/wp\/v2\/posts\/137720\/revisions"}],"wp:featuredmedia":[{"embeddable":true,"href":"https:\/\/www.europesays.com\/no\/wp-json\/wp\/v2\/media\/7490"}],"wp:attachment":[{"href":"https:\/\/www.europesays.com\/no\/wp-json\/wp\/v2\/media?parent=137720"}],"wp:term":[{"taxonomy":"category","embeddable":true,"href":"https:\/\/www.europesays.com\/no\/wp-json\/wp\/v2\/categories?post=137720"},{"taxonomy":"post_tag","embeddable":true,"href":"https:\/\/www.europesays.com\/no\/wp-json\/wp\/v2\/tags?post=137720"}],"curies":[{"name":"wp","href":"https:\/\/api.w.org\/{rel}","templated":true}]}}