{"id":137721,"date":"2026-01-15T01:36:16","date_gmt":"2026-01-15T01:36:16","guid":{"rendered":"https:\/\/www.europesays.com\/no\/137721\/"},"modified":"2026-01-15T01:36:16","modified_gmt":"2026-01-15T01:36:16","slug":"bokn-fisk-kikket-etter-fugler-sa-dukket-dette-gapet-opp-av-sjoen","status":"publish","type":"post","link":"https:\/\/www.europesays.com\/no\/137721\/","title":{"rendered":"Bokn, Fisk | Kikket etter fugler \u2013 s\u00e5 dukket dette gapet opp av sj\u00f8en"},"content":{"rendered":"\n<p><b>BOKN:<\/b> Vanligvis n\u00e5r Haugesunds Avis tar kontakt med Jan K\u00e5re Ness, er det for \u00e5 sp\u00f8rre ham om fugler.<\/p>\n<p>Men fuglekjenneren lot fugl v\u00e6re fugl da han nylig oppdaget noe merkelig ute i sj\u00f8en.<\/p>\n<p><b>\u2013 Jeg har aldri sett noe lignende, forteller han. <\/b><\/p>\n<p>Haugesunderen var da ute for \u00e5 kikke etter fugler sammen med Thorstein Holtskog. Da de kom til V\u00e5ga p\u00e5 Austre Bokn, s\u00e5 de noe de ikke helt skj\u00f8nte hva var for noe ute i sj\u00f8en.<\/p>\n<p><b>\u2013 Jeg trodde f\u00f8rst det m\u00e5tte v\u00e6re en oter. Men da vi kom n\u00e6rmere, sa Thorstein at det s\u00e5 ut som en breiflabb.<\/b><\/p>\n<p>Turkameraten hadde rett. Bunnfisken l\u00e5 bokstavelig talt og gapte i havoverflaten.<\/p>\n<p>Jan K\u00e5re Ness er heldigvis en mann som n\u00e6rmest alltid har et kamera med lang linse i n\u00e6rheten.<\/p>\n<p><b>\u2013 Den l\u00e5 sikkert i overflaten i to minutter, s\u00e5 jeg fikk tatt noen bilder, forteller Ness som beskriver opplevelsen som veldig spesiell.<\/b><\/p>\n<p><b>\u2013 Som nevnt har jeg aldri sett noe slikt f\u00f8r. Og jeg kommer aldri til \u00e5 se det igjen. <\/b><\/p>\n<p>   <img decoding=\"async\" width=\"4088\" height=\"2708\" fetchpriority=\"low\"  loading=\"lazy\"  src=\"https:\/\/www.europesays.com\/no\/wp-content\/uploads\/2026\/01\/5_62_1148084+ha03.jpg\" alt=\"\" class=\"brick-c-cFOWSL\" style=\"--brick-image-ratio: 4088 \/ 2708;\"\/><\/p>\n<p>      FUGLEINTERESSERT: Jan K\u00e5re Ness.<br \/>\n      Foto: Jan K\u00e5re Ness\n    <\/p>\n<p>  \u2013 En sv\u00e6rt spennende observasjon<\/p>\n<p>Jan K\u00e5re Ness la bildet ut p\u00e5 sin Facebook-side for \u00e5 se om noen av hans bekjente der kunne hjelpe til med en forklaring p\u00e5 breiflabbens uvanlige tur opp fra bunnen.<\/p>\n<p>\u00abJeg vil tro det er en hunn som strever med navigeringen, enten fordi hun har veldig tunge rognsekker, eller fordi hun har sluppet rognsekkene\u00bb, var ett av svarene som kom.<\/p>\n<p>Forsker Otte Bjelland ved Havforskningsinstituttet st\u00f8tter den teorien.<\/p>\n<p><b>\u2013 Dette var en sv\u00e6rt spennende observasjon, er hans umiddelbare reaksjon etter \u00e5 ha f\u00e5tt tilsendt bildene fra Haugesunds Avis. <\/b><\/p>\n<p>            Breiflabb<\/p>\n<p>* Er en fiskeart i breiflabbfamilien. <\/p>\n<p>* Den er ogs\u00e5 kjent som marulk, flabb, ulke, sj\u00f8djevel, havtaske og storkjeft.<\/p>\n<p>* Ble i tidligere tider sett p\u00e5 som en ufisk. I dag er den en meget ettertraktet fisk. Kj\u00f8ttet er fast, fint og velsmakende. <\/p>\n<p>* Breiflabben har et stort og sv\u00e6rt bredt hode. Kjeften er stor med tynne og skarpe tenner.<\/p>\n<p>* Individer n\u00e5r vanligvis st\u00f8rrelser rundt 1 meter, men kan bli opptil 2 meter. De kan bli opptil 25 \u00e5r gamle. <\/p>\n<p>* Er en bunnfisk som finnes fra fj\u00e6ra og ned til mer enn 2000 meters dyp. <\/p>\n<p>* Breiflabben finnes fra Island og Finnmark til Middelhavet. Den er vanlig i norske fjorder og langs kontinentalsokkelen. <\/p>\n<p><b>Kilde: Store norske leksikon<\/b><\/p>\n<p>Han utdyper:<\/p>\n<p><b>\u2013 Jeg tror svaret han allerede har f\u00e5tt er inne p\u00e5 noe vesentlig n\u00e5r det gjelder denne breiflabben, sier Bjelland som samtidig understreker at man m\u00e5 ty til spekulasjoner n\u00e5r en pr\u00f8ver \u00e5 forst\u00e5 hva som har skjedd.<\/b><\/p>\n<p>Bjelland kjenner til tilsvarende observasjoner av breiflabb i overflaten fra tidligere vintre. Dette skjer vanligvis i forbindelse med gytingen.<\/p>\n<p><b>\u2013 Men da som regel i februar-mars, s\u00e5 observasjonen fra Bokn er i s\u00e5 m\u00e5te veldig tidlig.<\/b><\/p>\n<p>F\u00e5r oppdrift, og forviller seg<\/p>\n<p>Vi skal kanskje v\u00e6re glade for at dette er noe som skjer om vinteren. Bilder som det Ness n\u00e5 har tatt, kunne fort gjort noe med badelysten til folk p\u00e5 fine sommerdager.<\/p>\n<p>Forsker Otte Bjelland forklarer at breiflabbens gyting i v\u00e5re farvann begynner p\u00e5 bunnen av de dype fjordene p\u00e5 Vestlandet \u2013 som for eksempel i Hardangerfjorden, Bergensfjordene og Boknafjorden.<\/p>\n<p>Etter hvert som rognen modnes, f\u00e5r hunnen mest sannsynlig oppdrift. Denne oppdriften kan ta breiflabben helt til overflaten, der noen av dem strander p\u00e5 grunt vann.<\/p>\n<p><b>\u2013 Ja, som nevnt skjer gytingen i dype fjorder, der det er bratt ned til dybdene fra land. N\u00e5r breiflabbene da kommer opp, hender det at de forviller seg og da er det ofte kort vei til en strand, sier Bjelland. <\/b><\/p>\n<p>   <img decoding=\"async\" width=\"2500\" height=\"1406\" fetchpriority=\"low\"  loading=\"lazy\"  src=\"https:\/\/www.europesays.com\/no\/wp-content\/uploads\/2026\/01\/breiflabb2.jpg\" alt=\"\" class=\"brick-c-cFOWSL\" style=\"--brick-image-ratio: 2500 \/ 1406;\"\/><\/p>\n<p>      I BEVEGELSE: Breiflabben oppholdt seg i overflaten i et par minutter f\u00f8r den forsvant.<br \/>\n      Foto: Jan K\u00e5re Ness\n    <\/p>\n","protected":false},"excerpt":{"rendered":"BOKN: Vanligvis n\u00e5r Haugesunds Avis tar kontakt med Jan K\u00e5re Ness, er det for \u00e5 sp\u00f8rre ham om&hellip;\n","protected":false},"author":2,"featured_media":137722,"comment_status":"","ping_status":"","sticky":false,"template":"","format":"standard","meta":{"footnotes":""},"categories":[10],"tags":[36,9223,20,21,15746,5387,24,25,854,5253,15,22,23,13,30,28,29,14,16,1510,26,27],"class_list":{"0":"post-137721","1":"post","2":"type-post","3":"status-publish","4":"format-standard","5":"has-post-thumbnail","7":"category-norge","8":"tag-art","9":"tag-bokn","10":"tag-breaking-news","11":"tag-breakingnews","12":"tag-breiflabb","13":"tag-dyreliv","14":"tag-featured-news","15":"tag-featurednews","16":"tag-fisk","17":"tag-havforskningsinstituttet","18":"tag-headlines","19":"tag-latest-news","20":"tag-latestnews","21":"tag-news","22":"tag-no","23":"tag-norge","24":"tag-norway","25":"tag-nyheter","26":"tag-overskrifter","27":"tag-story","28":"tag-top-stories","29":"tag-topstories"},"share_on_mastodon":{"url":"https:\/\/pubeurope.com\/@no\/115896554834195367","error":""},"_links":{"self":[{"href":"https:\/\/www.europesays.com\/no\/wp-json\/wp\/v2\/posts\/137721","targetHints":{"allow":["GET"]}}],"collection":[{"href":"https:\/\/www.europesays.com\/no\/wp-json\/wp\/v2\/posts"}],"about":[{"href":"https:\/\/www.europesays.com\/no\/wp-json\/wp\/v2\/types\/post"}],"author":[{"embeddable":true,"href":"https:\/\/www.europesays.com\/no\/wp-json\/wp\/v2\/users\/2"}],"replies":[{"embeddable":true,"href":"https:\/\/www.europesays.com\/no\/wp-json\/wp\/v2\/comments?post=137721"}],"version-history":[{"count":0,"href":"https:\/\/www.europesays.com\/no\/wp-json\/wp\/v2\/posts\/137721\/revisions"}],"wp:featuredmedia":[{"embeddable":true,"href":"https:\/\/www.europesays.com\/no\/wp-json\/wp\/v2\/media\/137722"}],"wp:attachment":[{"href":"https:\/\/www.europesays.com\/no\/wp-json\/wp\/v2\/media?parent=137721"}],"wp:term":[{"taxonomy":"category","embeddable":true,"href":"https:\/\/www.europesays.com\/no\/wp-json\/wp\/v2\/categories?post=137721"},{"taxonomy":"post_tag","embeddable":true,"href":"https:\/\/www.europesays.com\/no\/wp-json\/wp\/v2\/tags?post=137721"}],"curies":[{"name":"wp","href":"https:\/\/api.w.org\/{rel}","templated":true}]}}