{"id":137723,"date":"2026-01-15T01:43:58","date_gmt":"2026-01-15T01:43:58","guid":{"rendered":"https:\/\/www.europesays.com\/no\/137723\/"},"modified":"2026-01-15T01:43:58","modified_gmt":"2026-01-15T01:43:58","slug":"vaeret-trafikk-statens-vegvesen-sett-ned-farta-og-hold-avstand","status":"publish","type":"post","link":"https:\/\/www.europesays.com\/no\/137723\/","title":{"rendered":"V\u00e6ret, Trafikk | Statens vegvesen: \u2013 Sett ned farta og hold avstand"},"content":{"rendered":"\n<p>Trafikkoperat\u00f8r Sara Bendiksen ved Statens vegvesen s\u00f8r, sier til TA at det har kommet en del nedb\u00f8r i l\u00f8pet av natten. Hun forteller videre at det n\u00e5 er mange biler p\u00e5 veiene.<\/p>\n<p>\u2013 Det blir gjort mange tiltak, b\u00e5de br\u00f8yting og str\u00f8ing etter behov. Vi anbefaler at man setter ned farten, holder god avstand til bilen foran og bruker litt ekstra tid p\u00e5 dit man skal, sier Bendiksen og tilf\u00f8yer at de ogs\u00e5 har f\u00e5tt meldinger om biler som har kj\u00f8rt seg fast, litt h\u00f8yere i Telemark.<\/p>\n<p>   <img decoding=\"async\" width=\"1024\" height=\"576\" fetchpriority=\"low\"  loading=\"lazy\"  src=\"https:\/\/www.europesays.com\/no\/wp-content\/uploads\/2026\/01\/kj%C3%B8rbekk.jfif.jpeg\" alt=\"\" class=\"brick-c-cFOWSL\" style=\"--brick-image-ratio: 1024 \/ 576;\"\/><\/p>\n<p>      Kj\u00f8rbekk.<br \/>\n      Foto: Statens vegvesen\n    <\/p>\n<p>  Glatte veger<\/p>\n<p>Vegvesenet melder ogs\u00e5 p\u00e5 sin hjemmeside at det er glatte veger og ber bilister om \u00e5 v\u00e6re oppmerksomme p\u00e5 det.<\/p>\n<p>Yr melder at det blir sludd i formiddag men pent v\u00e6r resten av dagen. Temperaturen vil synke til minus 8 grader utover ettermiddagen\/kvelden.<\/p>\n<p>Bane Nor har mobilisert ekstra mannskaper, men regner med det skal g\u00e5 greit \u00e5 holde togskinner \u00e5pne og tog i rute onsdag \u2013 s\u00e5framt ingen uforutsette hendelser oppst\u00e5r.<\/p>\n<p>Onsdag morgen f\u00e5r TA meldinger om at det er lang k\u00f8 p\u00e5 Gulset. K\u00f8en st\u00e5r opp hele Vadrette.<\/p>\n<p>   <img decoding=\"async\" width=\"5712\" height=\"4284\" fetchpriority=\"low\"  loading=\"lazy\"  src=\"https:\/\/www.europesays.com\/no\/wp-content\/uploads\/2026\/01\/IMG_0909_1.JPEG\" alt=\"\" class=\"brick-c-cFOWSL\" style=\"--brick-image-ratio: 5712 \/ 4284;\"\/><\/p>\n<p>   <img decoding=\"async\" width=\"5712\" height=\"4284\" fetchpriority=\"low\"  loading=\"lazy\"  src=\"https:\/\/www.europesays.com\/no\/wp-content\/uploads\/2026\/01\/image_706F7B65-B0F7-46A2-B643-5A7779187D0C_1768373375.jpeg\" alt=\"br\u00f8ytepersonell\" class=\"brick-c-cFOWSL\" style=\"--brick-image-ratio: 5712 \/ 4284;\"\/><\/p>\n<p>      \u2013 Det blir gjort mange tiltak, b\u00e5de br\u00f8yting og str\u00f8ing etter behov, sier trafikkoperat\u00f8r Sara Bendiksen ved Statens vegvesen s\u00f8r<br \/>\n      Foto: Rolf Hansen\n    <\/p>\n","protected":false},"excerpt":{"rendered":"Trafikkoperat\u00f8r Sara Bendiksen ved Statens vegvesen s\u00f8r, sier til TA at det har kommet en del nedb\u00f8r i&hellip;\n","protected":false},"author":2,"featured_media":137724,"comment_status":"","ping_status":"","sticky":false,"template":"","format":"standard","meta":{"footnotes":""},"categories":[10],"tags":[36,20,21,24,25,15,22,23,13,30,28,29,14,16,1899,1510,26,27,224,387],"class_list":{"0":"post-137723","1":"post","2":"type-post","3":"status-publish","4":"format-standard","5":"has-post-thumbnail","7":"category-norge","8":"tag-art","9":"tag-breaking-news","10":"tag-breakingnews","11":"tag-featured-news","12":"tag-featurednews","13":"tag-headlines","14":"tag-latest-news","15":"tag-latestnews","16":"tag-news","17":"tag-no","18":"tag-norge","19":"tag-norway","20":"tag-nyheter","21":"tag-overskrifter","22":"tag-statens-vegvesen","23":"tag-story","24":"tag-top-stories","25":"tag-topstories","26":"tag-trafikk","27":"tag-vaeret"},"share_on_mastodon":{"url":"https:\/\/pubeurope.com\/@no\/115896586287478251","error":""},"_links":{"self":[{"href":"https:\/\/www.europesays.com\/no\/wp-json\/wp\/v2\/posts\/137723","targetHints":{"allow":["GET"]}}],"collection":[{"href":"https:\/\/www.europesays.com\/no\/wp-json\/wp\/v2\/posts"}],"about":[{"href":"https:\/\/www.europesays.com\/no\/wp-json\/wp\/v2\/types\/post"}],"author":[{"embeddable":true,"href":"https:\/\/www.europesays.com\/no\/wp-json\/wp\/v2\/users\/2"}],"replies":[{"embeddable":true,"href":"https:\/\/www.europesays.com\/no\/wp-json\/wp\/v2\/comments?post=137723"}],"version-history":[{"count":0,"href":"https:\/\/www.europesays.com\/no\/wp-json\/wp\/v2\/posts\/137723\/revisions"}],"wp:featuredmedia":[{"embeddable":true,"href":"https:\/\/www.europesays.com\/no\/wp-json\/wp\/v2\/media\/137724"}],"wp:attachment":[{"href":"https:\/\/www.europesays.com\/no\/wp-json\/wp\/v2\/media?parent=137723"}],"wp:term":[{"taxonomy":"category","embeddable":true,"href":"https:\/\/www.europesays.com\/no\/wp-json\/wp\/v2\/categories?post=137723"},{"taxonomy":"post_tag","embeddable":true,"href":"https:\/\/www.europesays.com\/no\/wp-json\/wp\/v2\/tags?post=137723"}],"curies":[{"name":"wp","href":"https:\/\/api.w.org\/{rel}","templated":true}]}}