{"id":137727,"date":"2026-01-15T01:49:10","date_gmt":"2026-01-15T01:49:10","guid":{"rendered":"https:\/\/www.europesays.com\/no\/137727\/"},"modified":"2026-01-15T01:49:10","modified_gmt":"2026-01-15T01:49:10","slug":"regissoren-av-castlevania-serien-pa-netflix-lager-final-fantasy-tactics-fanart-final-fantasy-tactics-the-ivalice-chronicles","status":"publish","type":"post","link":"https:\/\/www.europesays.com\/no\/137727\/","title":{"rendered":"Regiss\u00f8ren av Castlevania-serien p\u00e5 Netflix lager Final Fantasy Tactics-fanart &#8211; Final Fantasy Tactics: The Ivalice Chronicles"},"content":{"rendered":"<p>En av regiss\u00f8rene bak Netflix&#8217; kritikerroste Castlevania-serier (<strong>Castlevania og Castlevania: Nocturne<\/strong>), Sam Deats, er tydeligvis en stor Final Fantasy-fan. Uten noen n\u00e6rmere forklaring enn at han har hatt lyst til \u00e5 gj\u00f8re det lenge, har han n\u00e5 lagt ut sitt eget bilde av teamet sitt fra Final Fantasy Tactics: The Ivalice Chronicles og skriver p\u00e5 Bluesky :<\/p>\n<p>&laquo;Jeg har hatt lyst til \u00e5 lage en hyllest til Final Fantasy Tactics: The Ivalice Chronicles en stund n\u00e5, med hovedlaget mitt p\u00e5 slutten av spillet.&raquo;<\/p>\n<p>Du kan se det ferdige resultatet nedenfor, som er veldig kult og fanger stilen i spillene perfekt &#8211; og vi er sikre p\u00e5 at vi ikke er de eneste som h\u00e5per at Netflix vil kontakte ham umiddelbart for \u00e5 lage en Final Fantasy-anime?<\/p>\n<p>Hvis du vil vite mer om det aktuelle spillet, ble det utgitt i fjor h\u00f8st, og vi har selvf\u00f8lgelig en <a href=\"https:\/\/www.gamereactor.no\/final-fantasy-tactics-the-ivalice-chronicles-1871013\/\" title=\"Final Fantasy Tactics: The Ivalice Chronicles\" rel=\"nofollow noopener\" target=\"_blank\">anmeldelse \u00e5 tilby<\/a>.<\/p>\n<blockquote class=\"bluesky-embed\" data-bluesky-uri=\"at:\/\/did:plc:cn5sex2unyjc735ds44uwxqp\/app.bsky.feed.post\/3mcbuk3eugk2f\" data-bluesky-cid=\"bafyreihnj6gdjgrax6zpzdharxtdrjz6fdyfvvcheuj7ksj6y4vi4bn4w4\"\/>\n","protected":false},"excerpt":{"rendered":"En av regiss\u00f8rene bak Netflix&#8217; kritikerroste Castlevania-serier (Castlevania og Castlevania: Nocturne), Sam Deats, er tydeligvis en stor Final&hellip;\n","protected":false},"author":2,"featured_media":137728,"comment_status":"","ping_status":"","sticky":false,"template":"","format":"standard","meta":{"footnotes":""},"categories":[57],"tags":[30,28,29,65,63,64,66,70,69,67,68],"class_list":{"0":"post-137727","1":"post","2":"type-post","3":"status-publish","4":"format-standard","5":"has-post-thumbnail","7":"category-vitenskap-og-teknologi","8":"tag-no","9":"tag-norge","10":"tag-norway","11":"tag-science","12":"tag-science-and-technology","13":"tag-scienceandtechnology","14":"tag-technology","15":"tag-teknologi","16":"tag-vitenskap","17":"tag-vitenskap-og-teknologi","18":"tag-vitenskapteknologi"},"share_on_mastodon":{"url":"https:\/\/pubeurope.com\/@no\/115896605880547009","error":""},"_links":{"self":[{"href":"https:\/\/www.europesays.com\/no\/wp-json\/wp\/v2\/posts\/137727","targetHints":{"allow":["GET"]}}],"collection":[{"href":"https:\/\/www.europesays.com\/no\/wp-json\/wp\/v2\/posts"}],"about":[{"href":"https:\/\/www.europesays.com\/no\/wp-json\/wp\/v2\/types\/post"}],"author":[{"embeddable":true,"href":"https:\/\/www.europesays.com\/no\/wp-json\/wp\/v2\/users\/2"}],"replies":[{"embeddable":true,"href":"https:\/\/www.europesays.com\/no\/wp-json\/wp\/v2\/comments?post=137727"}],"version-history":[{"count":0,"href":"https:\/\/www.europesays.com\/no\/wp-json\/wp\/v2\/posts\/137727\/revisions"}],"wp:featuredmedia":[{"embeddable":true,"href":"https:\/\/www.europesays.com\/no\/wp-json\/wp\/v2\/media\/137728"}],"wp:attachment":[{"href":"https:\/\/www.europesays.com\/no\/wp-json\/wp\/v2\/media?parent=137727"}],"wp:term":[{"taxonomy":"category","embeddable":true,"href":"https:\/\/www.europesays.com\/no\/wp-json\/wp\/v2\/categories?post=137727"},{"taxonomy":"post_tag","embeddable":true,"href":"https:\/\/www.europesays.com\/no\/wp-json\/wp\/v2\/tags?post=137727"}],"curies":[{"name":"wp","href":"https:\/\/api.w.org\/{rel}","templated":true}]}}