{"id":137749,"date":"2026-01-15T02:20:10","date_gmt":"2026-01-15T02:20:10","guid":{"rendered":"https:\/\/www.europesays.com\/no\/137749\/"},"modified":"2026-01-15T02:20:10","modified_gmt":"2026-01-15T02:20:10","slug":"kontroll-pa-sagbruk-brann-i-ullensvang","status":"publish","type":"post","link":"https:\/\/www.europesays.com\/no\/137749\/","title":{"rendered":"Kontroll p\u00e5 sagbruk-brann i Ullensvang"},"content":{"rendered":"\n<p class=\"_lead_o9xde_2 _lead_xtcu6_50 layout-component text-serif-m layout-normal text-serif-l layout-component layout-wide layout-padded _wide_17hqh_1 layout-padded\">Fire personer og en hund ble evakuert da et sagbruk i Ullensvang kommune brant natt til torsdag. Ved 2.30-tiden hadde brannmannskapene kontroll p\u00e5 brannen.<\/p>\n<ul aria-hidden=\"true\" class=\"_images_ntbth_112\">\n<li><a class=\"_link_ntbth_117\" href=\"https:\/\/www.vg.no\/forfatter\/ntb\" style=\"z-index:1\" title=\"NTB\" rel=\"nofollow noopener\" target=\"_blank\"><img alt=\"Bilde av NTB\" class=\"_image_ntbth_93\" fetchpriority=\"low\" loading=\"lazy\" decoding=\"async\" itemprop=\"image\"  src=\"https:\/\/www.europesays.com\/no\/wp-content\/uploads\/2026\/01\/1768443608_489_c33980b0-5d07-4027-84a1-813f90a7c8d6.png\"  width=\"480\"\/><\/a><\/li>\n<\/ul>\n<p> Oppdatert torsdag 15. januar kl. 02:36     <\/p>\n<p class=\"_paragraph_o9xde_4 _paragraph_xtcu6_10 layout-component text-serif-m layout-normal text-serif-m layout-padded\">\u2013 Ingen fare for spredning til andre bygninger eller til skog, opplyser Vest 110-sentral klokken 2.26. Da ble det meldt at brannen var under kontroll.<\/p>\n<p class=\"_paragraph_o9xde_4 _paragraph_xtcu6_10 layout-component text-serif-m layout-normal text-serif-m layout-padded\">Melding om brannen kom inn til n\u00f8detatene klokken 0.49. Kort tid senere ble det opplyst at bygningen, en form for verksted\/sagbruk, var overtent.<\/p>\n<p class=\"_paragraph_o9xde_4 _paragraph_xtcu6_10 layout-component text-serif-m layout-normal text-serif-m layout-padded\">Til NTB opplyser 110-sentralen at det ble oppbevart rundt 1 kilo svartkrutt p\u00e5 adressen og at det derfor ble igangsatt evakuering av beboere i n\u00e6rliggende hus. Politiet opplyser til NTB at til sammen fire personer og en hund er evakuert fra tre n\u00e6rliggende bygninger. Det er ikke meldt om personskader.<\/p>\n<p class=\"_paragraph_o9xde_4 _paragraph_xtcu6_10 layout-component text-serif-m layout-normal text-serif-m layout-padded\">P\u00e5 grunn av svartkruttet, ble alt mannskap fra n\u00f8detatene trukket ut av omr\u00e5det, med unntak av brannmannskapene. <\/p>\n<p class=\"_paragraph_o9xde_4 _paragraph_xtcu6_10 layout-component text-serif-m layout-normal text-serif-m layout-padded\">\u2013 Alle eksplosiver som vi ikke har kontroll p\u00e5, er en utfordring, sier vaktleder B\u00f8rre Brekkvassmo ved 110-sentralen.<\/p>\n<p>    <img decoding=\"async\" alt=\"Tips oss illustrasjon\" src=\"https:\/\/www.europesays.com\/no\/wp-content\/uploads\/2025\/10\/pssst-small.webp.webp\"\/>    <\/p>\n<p class=\"title-serif-s\">Har du tips?<\/p>\n<p class=\"text-sans-m\">Send oss informasjon, bilder eller video.<\/p>\n<p>  <a href=\"https:\/\/www.vg.no\/tips-oss\" rel=\"nofollow noopener\" target=\"_blank\"> Tips oss <\/a>      <\/p>\n","protected":false},"excerpt":{"rendered":"Fire personer og en hund ble evakuert da et sagbruk i Ullensvang kommune brant natt til torsdag. Ved&hellip;\n","protected":false},"author":2,"featured_media":137750,"comment_status":"","ping_status":"","sticky":false,"template":"","format":"standard","meta":{"footnotes":""},"categories":[12],"tags":[367,20,21,24,25,15,22,23,13,30,28,29,14,16,15748,26,27,457,42,43,44,45],"class_list":{"0":"post-137749","1":"post","2":"type-post","3":"status-publish","4":"format-standard","5":"has-post-thumbnail","7":"category-verden","8":"tag-brann","9":"tag-breaking-news","10":"tag-breakingnews","11":"tag-featured-news","12":"tag-featurednews","13":"tag-headlines","14":"tag-latest-news","15":"tag-latestnews","16":"tag-news","17":"tag-no","18":"tag-norge","19":"tag-norway","20":"tag-nyheter","21":"tag-overskrifter","22":"tag-sagbruk","23":"tag-top-stories","24":"tag-topstories","25":"tag-ullensvang","26":"tag-verden","27":"tag-world","28":"tag-world-news","29":"tag-worldnews"},"share_on_mastodon":{"url":"https:\/\/pubeurope.com\/@no\/115896727844564518","error":""},"_links":{"self":[{"href":"https:\/\/www.europesays.com\/no\/wp-json\/wp\/v2\/posts\/137749","targetHints":{"allow":["GET"]}}],"collection":[{"href":"https:\/\/www.europesays.com\/no\/wp-json\/wp\/v2\/posts"}],"about":[{"href":"https:\/\/www.europesays.com\/no\/wp-json\/wp\/v2\/types\/post"}],"author":[{"embeddable":true,"href":"https:\/\/www.europesays.com\/no\/wp-json\/wp\/v2\/users\/2"}],"replies":[{"embeddable":true,"href":"https:\/\/www.europesays.com\/no\/wp-json\/wp\/v2\/comments?post=137749"}],"version-history":[{"count":0,"href":"https:\/\/www.europesays.com\/no\/wp-json\/wp\/v2\/posts\/137749\/revisions"}],"wp:featuredmedia":[{"embeddable":true,"href":"https:\/\/www.europesays.com\/no\/wp-json\/wp\/v2\/media\/137750"}],"wp:attachment":[{"href":"https:\/\/www.europesays.com\/no\/wp-json\/wp\/v2\/media?parent=137749"}],"wp:term":[{"taxonomy":"category","embeddable":true,"href":"https:\/\/www.europesays.com\/no\/wp-json\/wp\/v2\/categories?post=137749"},{"taxonomy":"post_tag","embeddable":true,"href":"https:\/\/www.europesays.com\/no\/wp-json\/wp\/v2\/tags?post=137749"}],"curies":[{"name":"wp","href":"https:\/\/api.w.org\/{rel}","templated":true}]}}