{"id":137781,"date":"2026-01-15T04:00:45","date_gmt":"2026-01-15T04:00:45","guid":{"rendered":"https:\/\/www.europesays.com\/no\/137781\/"},"modified":"2026-01-15T04:00:45","modified_gmt":"2026-01-15T04:00:45","slug":"ny-nodvarseltest-onsdag-rbnett-no","status":"publish","type":"post","link":"https:\/\/www.europesays.com\/no\/137781\/","title":{"rendered":"Ny n\u00f8dvarseltest onsdag &#8211; rbnett.no"},"content":{"rendered":"<p>  <a href=\"https:\/\/www.rbnett.no\/nyheter\" class=\"section-link\" data-astro-cid-pnoswov4=\"\" rel=\"nofollow noopener\" target=\"_blank\"> Nyheter  <\/a>   <\/p>\n<p data-testid=\"textWithMarkup-text\" data-v-f1b25013=\"\" data-v-62d58f52=\"\">Onsdag klokken 12 er det klart for den halv\u00e5rlige testen av n\u00f8dvarslingsanlegget med tyfon og mobilvarsling igjen.<\/p>\n<p>P\u00e5 onsdag kommer mobiler igjen til \u00e5 ule n\u00e5r Sivilforsvaret og politiet gjennomf\u00f8rer den halv\u00e5rlige testen av n\u00f8dvarslingssystemet.<br \/>\nFoto: Stian Lysberg Solum \/ NTB\u00a0   <\/p>\n<p><b data-testid=\"label\" data-v-e0c781e2=\"\">Oppdatert:<\/b>21 timer siden<\/p>\n<p data-testid=\"textWithMarkup-markup\" data-v-62d58f52=\"\"> 14. januar klokken 12 kommer det igjen til \u00e5 ule i tyfoner og mobiltelefoner over hele landet. Lydsignalet betyr \u00abViktig melding \u2013 s\u00f8k informasjon\u00bb, skriver Sivilforsvaret i en <a href=\"https:\/\/www.sivilforsvaret.no\/aktuelt\/varslingsprove-14.-januar\" rel=\"noopener nofollow\" target=\"_blank\">pressemelding<\/a>.<\/p>\n<p data-testid=\"textWithMarkup-text\" data-v-81d7dc2b=\"\" data-v-62d58f52=\"\">\u2013 \u00c5 beskytte sivilbefolkningen er en kjerneoppgave for myndighetene i krise og krig. Varslingspr\u00f8ver er en kritisk del av det \u00e5 teste den nasjonale beredskapen for \u00e5 kunne beskytte sivilbefolkningen ogs\u00e5 i krig, sier Elisabeth Aars\u00e6ther, direkt\u00f8r i Direktoratet for samfunnssikkerhet og beredskap.<\/p>\n<p>Sjette test<\/p>\n<p data-testid=\"textWithMarkup-text\" data-v-81d7dc2b=\"\" data-v-62d58f52=\"\">Systemet testes to ganger i \u00e5ret, og testene er alltid p\u00e5 en onsdag klokken 12. Tyfonene n\u00e5r omtrent halve av det bebodde arealet i Norge, mens N\u00f8dvarsel skal n\u00e5 de aller fleste mobiler.<\/p>\n<p data-testid=\"textWithMarkup-text\" data-v-81d7dc2b=\"\" data-v-62d58f52=\"\">Det er sjette gangen at varslingstesten gjennomf\u00f8res p\u00e5 denne m\u00e5ten, med bruk av n\u00f8dvarsel p\u00e5 mobil.<\/p>\n<p data-testid=\"textWithMarkup-text\" data-v-81d7dc2b=\"\" data-v-62d58f52=\"\">\u2013 De halv\u00e5rlige varslingspr\u00f8vene sendes til befolkningen over hele landet. Gjennom denne \u00f8velsen blir alle innbyggere kjent med hvordan varslingssystemene fungerer og hvordan de reagerer, sier Aars\u00e6ther.<\/p>\n<p data-testid=\"textWithMarkup-text\" data-v-81d7dc2b=\"\" data-v-62d58f52=\"\">I tillegg har politiet flere ganger brukt funksjoner ved reelle hendelser. Det var blant annet ved granateksplosjonen i Pilestredet i Oslo 23. september.<\/p>\n<p>Sl\u00e5 av for \u00e5 unng\u00e5 varsel<\/p>\n<p data-testid=\"textWithMarkup-text\" data-v-81d7dc2b=\"\" data-v-62d58f52=\"\">N\u00f8dvarslingen som sendes fra politiet uler med h\u00f8y lyd p\u00e5 alle moderne mobiltelefoner s\u00e5 lenge de har dekning.<\/p>\n<p data-testid=\"textWithMarkup-text\" data-v-81d7dc2b=\"\" data-v-62d58f52=\"\">Varselet overstyrer lydl\u00f8s-moduser og andre innstillinger for \u00e5 dempe lyd p\u00e5 mobilen.<\/p>\n<p data-testid=\"textWithMarkup-text\" data-v-81d7dc2b=\"\" data-v-62d58f52=\"\">Den eneste muligheten for \u00e5 unng\u00e5 varselet p\u00e5 en mobiltelefon er dermed \u00e5 sl\u00e5 den helt av eller sette den i flymodus fra klokken 11.55 til 12.15 onsdag 14. januar, if\u00f8lge Sivilforsvaret.<\/p>\n","protected":false},"excerpt":{"rendered":"Nyheter Onsdag klokken 12 er det klart for den halv\u00e5rlige testen av n\u00f8dvarslingsanlegget med tyfon og mobilvarsling igjen.&hellip;\n","protected":false},"author":2,"featured_media":137782,"comment_status":"","ping_status":"","sticky":false,"template":"","format":"standard","meta":{"footnotes":""},"categories":[10],"tags":[20,21,24,25,15,22,23,13,30,28,29,14,16,26,27],"class_list":{"0":"post-137781","1":"post","2":"type-post","3":"status-publish","4":"format-standard","5":"has-post-thumbnail","7":"category-norge","8":"tag-breaking-news","9":"tag-breakingnews","10":"tag-featured-news","11":"tag-featurednews","12":"tag-headlines","13":"tag-latest-news","14":"tag-latestnews","15":"tag-news","16":"tag-no","17":"tag-norge","18":"tag-norway","19":"tag-nyheter","20":"tag-overskrifter","21":"tag-top-stories","22":"tag-topstories"},"share_on_mastodon":{"url":"https:\/\/pubeurope.com\/@no\/115897121030593340","error":""},"_links":{"self":[{"href":"https:\/\/www.europesays.com\/no\/wp-json\/wp\/v2\/posts\/137781","targetHints":{"allow":["GET"]}}],"collection":[{"href":"https:\/\/www.europesays.com\/no\/wp-json\/wp\/v2\/posts"}],"about":[{"href":"https:\/\/www.europesays.com\/no\/wp-json\/wp\/v2\/types\/post"}],"author":[{"embeddable":true,"href":"https:\/\/www.europesays.com\/no\/wp-json\/wp\/v2\/users\/2"}],"replies":[{"embeddable":true,"href":"https:\/\/www.europesays.com\/no\/wp-json\/wp\/v2\/comments?post=137781"}],"version-history":[{"count":0,"href":"https:\/\/www.europesays.com\/no\/wp-json\/wp\/v2\/posts\/137781\/revisions"}],"wp:featuredmedia":[{"embeddable":true,"href":"https:\/\/www.europesays.com\/no\/wp-json\/wp\/v2\/media\/137782"}],"wp:attachment":[{"href":"https:\/\/www.europesays.com\/no\/wp-json\/wp\/v2\/media?parent=137781"}],"wp:term":[{"taxonomy":"category","embeddable":true,"href":"https:\/\/www.europesays.com\/no\/wp-json\/wp\/v2\/categories?post=137781"},{"taxonomy":"post_tag","embeddable":true,"href":"https:\/\/www.europesays.com\/no\/wp-json\/wp\/v2\/tags?post=137781"}],"curies":[{"name":"wp","href":"https:\/\/api.w.org\/{rel}","templated":true}]}}