{"id":137813,"date":"2026-01-15T05:14:11","date_gmt":"2026-01-15T05:14:11","guid":{"rendered":"https:\/\/www.europesays.com\/no\/137813\/"},"modified":"2026-01-15T05:14:11","modified_gmt":"2026-01-15T05:14:11","slug":"unilabs-og-evidia-skal-slutte-med-rontgenbilder-pa-cd-disk-nrk-rogaland-lokale-nyheter-tv-og-radio","status":"publish","type":"post","link":"https:\/\/www.europesays.com\/no\/137813\/","title":{"rendered":"Unilabs og Evidia skal slutte med r\u00f8ntgenbilder p\u00e5 CD-disk \u2013 NRK Rogaland \u2013 Lokale nyheter, TV og radio"},"content":{"rendered":"<p>NRK skrev i <a href=\"https:\/\/www.nrk.no\/rogaland\/unilabs-og-evidia-ber-pasientene-punge-ut-120-kroner-for-a-fa-se-egne-rontgenbilder-1.16523040\" ec-id=\"pp:article:1.16523040\" ec-name=\"2023\" rel=\"nofollow noopener\" target=\"_blank\">2023<\/a> og<a href=\"https:\/\/www.nrk.no\/rogaland\/pasienter-betaler-130-kroner-for-rontgenbilder-pa-nett-1.17212407\" ec-id=\"pp:article:1.17212407\" ec-name=\"2025\" rel=\"nofollow noopener\" target=\"_blank\"> 2025<\/a> at de private r\u00f8ntgengigantene Unilabs og Evidia ga pasientene innsyn i egne r\u00f8ntgenbilder p\u00e5 en CD.<\/p>\n<p>Mens denne tjenesten var gratis, kostet det penger \u00e5 se bildene p\u00e5 nett.<\/p>\n<p>I et vedtak skriver Datatilsynet at Unilabs har brutt loven ved \u00e5 ikke la en pasient f\u00e5 tilgang til egne bilder gratis i \u00abvanlig elektronisk form\u00bb.<\/p>\n<p><strong>N\u00e5 bekrefter Unilabs overfor NRK at de vil gj\u00f8re endringer.<\/strong><\/p>\n<p>\u2013 Vi tar Datatilsynets vurdering p\u00e5 st\u00f8rste alvor og vil etterkomme tilsynets krav, sier Kjetil Kollstad, sjef for Unilabs&#8217; klinikker i Norden.<\/p>\n<p><img decoding=\"async\"   src=\"data:image\/gif;base64,R0lGODlhAQABAIAAAAAAAP\/\/\/yH5BAEAAAAALAAAAAABAAEAAAIBRAA7\" loading=\"eager\" alt=\"Vi er utenfor Unilabs p\u00e5 Majorstua, og et ovalt skilt utenfor en gr\u00e5 og beige bygning forteller oss at Unilabs har en r\u00f8ntgenlab her. Vi ser himmelen og toppen av noen tr\u00e6r i bakgrunnen.\" title=\"Foto: Ronald Hole Foss\u00e5skaret \/ Ronald Hole Foss\u00e5skaret\"\/><\/p>\n<p class=\"\">PRESS: I tillegg til flere brev fra Datatilsynet, har b\u00e5de Helsedirektoratet og Forbrukertilsynet kontaktet Unilabs om praksisen i l\u00f8pet av de siste seks \u00e5rene<\/p>\n<p>Foto: Ronald Hole Foss\u00e5skaret \/ Ronald Hole Foss\u00e5skaret<\/p>\n<p>Ikke lenger vanlig med CD<\/p>\n<p>Pasientene som vil se bildene fra sin MR- eller CT-unders\u00f8kelse digitalt, m\u00e5 betale 125 kroner hos Unilabs. Hos konkurrenten Evidia koster det 130 kroner.<\/p>\n<p><strong>Enkelte pasienter har imidlertid krevd \u00e5 f\u00e5 bildene gratis, og har f\u00e5tt tilsendt en CD. Det mener Datatilsynet ikke er godt nok.<\/strong><\/p>\n<p>\u2013 Vedtaket uttrykker v\u00e5rt standpunkt om at CD-ROM ikke lenger kan anses som en \u00abvanlig elektronisk form\u00bb, sier juridisk fagdirekt\u00f8r Susanne Lie til NRK.\n<\/p>\n<p><img decoding=\"async\"   src=\"data:image\/gif;base64,R0lGODlhAQABAIAAAAAAAP\/\/\/yH5BAEAAAAALAAAAAABAAEAAAIBRAA7\" loading=\"eager\" alt=\"Fagdirekt\u00f8r Susanne Lie i Datatilsynet\" title=\"Foto: Ilja C. Hendel\"\/><\/p>\n<p class=\"\">UPRAKTISK: Pasienter som ber om egne r\u00f8ntgenbilder digitalt, skal ikke f\u00e5 bildene tilsendt via CD-ROM, fastsl\u00e5r juridisk fagdirekt\u00f8r Susanne Lie i Datatilsynet.<\/p>\n<p>Foto: Ilja C. Hendel<\/p>\n<p>Personvernforordningen, ogs\u00e5 kjent som GDPR, krever at innsyn gis i vanlig elektronisk form dersom innsynskravet blir gitt digitalt.<\/p>\n<p>\u2013 Vi antar at de fleste innsynskravene Unilabs mottar er fremsatt digitalt, noe som gj\u00f8r dette til en sv\u00e6rt praktisk problemstilling, sier Lie.<\/p>\n<p><strong>Hvordan Unilabs fremover skal gi pasientene kostnadsfri tilgang til egne r\u00f8ntgenbilder, er fortsatt uklart. <\/strong><\/p>\n<p>\u2013 I l\u00f8pet av kort tid vil vi se p\u00e5 hvilket format og hvilken prosess vi vil innf\u00f8re for \u00e5 overholde Datatilsynets forskrifter p\u00e5 en s\u00e5 smidig m\u00e5te som mulig, sier Unilabs-sjef Kollstad.<\/p>\n<p>\u2013 N\u00e5r planlegger dere \u00e5 implementere tiltakene? <\/p>\n<p>\u2013 Innen kort tid er svaret jeg kan gi.\n<\/p>\n<p><img decoding=\"async\"   src=\"data:image\/gif;base64,R0lGODlhAQABAIAAAAAAAP\/\/\/yH5BAEAAAAALAAAAAABAAEAAAIBRAA7\" loading=\"eager\" alt=\"Bilde av en mann i kontorfellesskap.\" title=\"Foto: Unilabs\"\/><\/p>\n<p class=\"\">VIL ENDRE: Kjetil Kollstad, som leder den nordiske organisasjonen til Unilabs, lover \u00e5 etterkomme Datatilsynets krav.<\/p>\n<p>Foto: Unilabs<\/p>\n<p><strong>Datatilsynet kan ikke p\u00e5legge Unilabs \u00e5 gi pasientene tilgang til egne r\u00f8ntgenbilder p\u00e5 en spesifikk m\u00e5te. Det er opp til Unilabs \u00e5 velge l\u00f8sning.<\/strong><\/p>\n<p>\u00abVanlig elektronisk form\u00bb, alts\u00e5 ikke CD-ROM, er kravet fra tilsynet.<\/p>\n<p>\u2013 En vanlig l\u00f8sning er \u00e5 gi innsyn via en (kryptert) minnepinne. Dette forst\u00e5r vi imidlertid kan gi problemer der r\u00e5dataene er r\u00f8ntgenbilder, sier Datatilsynets juridiske direkt\u00f8r Lie.<\/p>\n<p><strong>Ogs\u00e5 Evidia vil gj\u00f8re endringer i lys av vedtaket fra Datatilsynet, bekrefter selskapet overfor NRK. <\/strong><\/p>\n<p>\u2013 Vi tar Datatilsynets vedtak til etterretning, og vil fra 2026 benytte USB-minnepenner for lagring av bilder i stedt for CD-er, der pasienter ber om dette, sier Kathrine Moen, markeds- og kommunikasjonssjef i Evidia.<\/p>\n<p>Ba om \u00e5 f\u00e5 se hvem som hadde v\u00e6rt inne i journal<\/p>\n<p>Datatilsynets vedtak kommer som en f\u00f8lge av en klage fra en pasient i februar 2023.<\/p>\n<p>Vedkommende hadde lest NRKs avsl\u00f8ring om at Unilabs hadde sendt rundt <a href=\"https:\/\/www.nrk.no\/rogaland\/xl\/unilabs-sendte-titusener-av-rontgenbilder-til-romania-i-skjul-_-na-dropper-helsetilsynet-saken-1.16567983\" ec-id=\"pp:article:1.16567983\" ec-name=\"170.000 norske r\u00f8ntgenbilder\" rel=\"nofollow noopener\" target=\"_blank\">170.000 norske r\u00f8ntgenbilder<\/a> til en klinikk i Romania for gransking.<\/p>\n<p><strong>Han \u00f8nsket:<\/strong><\/p>\n<ul>\n<li>\u00c5 vite hvem som hadde v\u00e6rt inne i hans journal.<\/li>\n<li>\u00c5 se egne r\u00f8ntgenbilder gratis, og p\u00e5 en annen m\u00e5te enn via CD-ROM.<\/li>\n<\/ul>\n<p>Over to \u00e5r etter \u00e5 ha sendt kravet, hadde klageren fortsatt ikke f\u00e5tt vite identiteten til personene som hadde g\u00e5tt inn i hans journal via Unilabs.<\/p>\n<p>Datatilsynet konkluderte med at Unilabs hadde brutt pasientjournalforskriften, og krevde at Unilabs ga innsyn innen 30. november 2025. <\/p>\n<p><strong>Unilabs klaget ikke p\u00e5 vedtaket, og bekreftet i en e-post 28. desember 2025 at de hadde gitt klager innsyn.<\/strong><\/p>\n<p>Saken kunne v\u00e6rt avsluttet der \u2013 men har f\u00e5tt et lite etterspill. Klageren hadde nemlig ikke f\u00e5tt innsyn likevel:<\/p>\n<ul>\n<li>To uker etter at Unilabs bekreftet at pasienten hadde f\u00e5tt innsyn, tok pasienten igjen kontakt med Datatilsynet med beskjed om at han ikke hadde f\u00e5tt innsyn.<\/li>\n<li>Dette f\u00f8rte til at Datatilsynet 7. januar i \u00e5r igjen tok kontakt med Unilabs med en p\u00e5minnelse om at pasienten skulle f\u00e5 innsyn.<\/li>\n<\/ul>\n<p>Saken er dermed fremdeles ikke avsluttet, og pasienten venter enn\u00e5 p\u00e5 at Unilabs skal f\u00f8lge opp Datatilsynets p\u00e5minnelse.<\/p>\n<p>Publisert<\/p>\n<p>14.01.2026, kl. 16.21<\/p>\n","protected":false},"excerpt":{"rendered":"NRK skrev i 2023 og 2025 at de private r\u00f8ntgengigantene Unilabs og Evidia ga pasientene innsyn i egne&hellip;\n","protected":false},"author":2,"featured_media":137814,"comment_status":"","ping_status":"","sticky":false,"template":"","format":"standard","meta":{"footnotes":""},"categories":[5],"tags":[20,21,24,25,15,19,22,23,17,18,13,30,28,29,14,16,26,27],"class_list":{"0":"post-137813","1":"post","2":"type-post","3":"status-publish","4":"format-standard","5":"has-post-thumbnail","7":"category-overskrifter","8":"tag-breaking-news","9":"tag-breakingnews","10":"tag-featured-news","11":"tag-featurednews","12":"tag-headlines","13":"tag-hovedoppslag","14":"tag-latest-news","15":"tag-latestnews","16":"tag-main-news","17":"tag-mainnews","18":"tag-news","19":"tag-no","20":"tag-norge","21":"tag-norway","22":"tag-nyheter","23":"tag-overskrifter","24":"tag-top-stories","25":"tag-topstories"},"share_on_mastodon":{"url":"https:\/\/pubeurope.com\/@no\/115897411980333253","error":""},"_links":{"self":[{"href":"https:\/\/www.europesays.com\/no\/wp-json\/wp\/v2\/posts\/137813","targetHints":{"allow":["GET"]}}],"collection":[{"href":"https:\/\/www.europesays.com\/no\/wp-json\/wp\/v2\/posts"}],"about":[{"href":"https:\/\/www.europesays.com\/no\/wp-json\/wp\/v2\/types\/post"}],"author":[{"embeddable":true,"href":"https:\/\/www.europesays.com\/no\/wp-json\/wp\/v2\/users\/2"}],"replies":[{"embeddable":true,"href":"https:\/\/www.europesays.com\/no\/wp-json\/wp\/v2\/comments?post=137813"}],"version-history":[{"count":0,"href":"https:\/\/www.europesays.com\/no\/wp-json\/wp\/v2\/posts\/137813\/revisions"}],"wp:featuredmedia":[{"embeddable":true,"href":"https:\/\/www.europesays.com\/no\/wp-json\/wp\/v2\/media\/137814"}],"wp:attachment":[{"href":"https:\/\/www.europesays.com\/no\/wp-json\/wp\/v2\/media?parent=137813"}],"wp:term":[{"taxonomy":"category","embeddable":true,"href":"https:\/\/www.europesays.com\/no\/wp-json\/wp\/v2\/categories?post=137813"},{"taxonomy":"post_tag","embeddable":true,"href":"https:\/\/www.europesays.com\/no\/wp-json\/wp\/v2\/tags?post=137813"}],"curies":[{"name":"wp","href":"https:\/\/api.w.org\/{rel}","templated":true}]}}