{"id":137817,"date":"2026-01-15T05:17:06","date_gmt":"2026-01-15T05:17:06","guid":{"rendered":"https:\/\/www.europesays.com\/no\/137817\/"},"modified":"2026-01-15T05:17:06","modified_gmt":"2026-01-15T05:17:06","slug":"energikrise-og-sky-skepsis-baner-vei-for-lokaldrevet-ki","status":"publish","type":"post","link":"https:\/\/www.europesays.com\/no\/137817\/","title":{"rendered":"Energikrise og sky\u2011skepsis baner vei for lokaldrevet KI"},"content":{"rendered":"<p class=\"kicker \" style=\"\">BRANSJE | Datasentre<\/p>\n<p>\n        VARME: Datasenteret PAR5 i Paris ligger n\u00e6rt st\u00f8rre bebyggelse som bruker varme fra anlegget som fjernvarme.<br \/>\n        (Foto: SO Dupontrenoux \/ Digital Realty)\n    <\/p>\n<p>            For \u00e5 lese denne saken m\u00e5 du v\u00e6re abonnent<br \/>\n            <a class=\"login\" href=\"https:\/\/api.cw.no\/paywall\/login?&amp;siteAlias=computerworld&amp;&amp;siteId=2&amp;contentUrl=https%3A%2F%2Fwww.cw.no%2Fapple-datasentre-kunstig-intelligens%2Fenergikrise-og-skyskepsis-baner-vei-for-lokaldrevet-ki%2F2426616\" rel=\"nofollow noopener\" target=\"_blank\">Logg inn<\/a><\/p>\n<p class=\"lab-paywall-teaser-header-description\"><b>Om du opplever problemer med \u00e5 f\u00e5 tilgang, ta kontakt med kundeservice<br \/>23 36 19 80 | computerworld@mediaconnect.no<\/b><\/p>\n<p>For gruppeabonnement, ta kontakt med Trygve Christensen<br \/>480 36 791 | trygve.christensen@cw.no<\/p>\n","protected":false},"excerpt":{"rendered":"BRANSJE | Datasentre VARME: Datasenteret PAR5 i Paris ligger n\u00e6rt st\u00f8rre bebyggelse som bruker varme fra anlegget som&hellip;\n","protected":false},"author":2,"featured_media":137818,"comment_status":"","ping_status":"","sticky":false,"template":"","format":"standard","meta":{"footnotes":""},"categories":[57],"tags":[30,28,29,65,63,64,66,70,69,67,68],"class_list":{"0":"post-137817","1":"post","2":"type-post","3":"status-publish","4":"format-standard","5":"has-post-thumbnail","7":"category-vitenskap-og-teknologi","8":"tag-no","9":"tag-norge","10":"tag-norway","11":"tag-science","12":"tag-science-and-technology","13":"tag-scienceandtechnology","14":"tag-technology","15":"tag-teknologi","16":"tag-vitenskap","17":"tag-vitenskap-og-teknologi","18":"tag-vitenskapteknologi"},"share_on_mastodon":{"url":"https:\/\/pubeurope.com\/@no\/115897423757416233","error":""},"_links":{"self":[{"href":"https:\/\/www.europesays.com\/no\/wp-json\/wp\/v2\/posts\/137817","targetHints":{"allow":["GET"]}}],"collection":[{"href":"https:\/\/www.europesays.com\/no\/wp-json\/wp\/v2\/posts"}],"about":[{"href":"https:\/\/www.europesays.com\/no\/wp-json\/wp\/v2\/types\/post"}],"author":[{"embeddable":true,"href":"https:\/\/www.europesays.com\/no\/wp-json\/wp\/v2\/users\/2"}],"replies":[{"embeddable":true,"href":"https:\/\/www.europesays.com\/no\/wp-json\/wp\/v2\/comments?post=137817"}],"version-history":[{"count":0,"href":"https:\/\/www.europesays.com\/no\/wp-json\/wp\/v2\/posts\/137817\/revisions"}],"wp:featuredmedia":[{"embeddable":true,"href":"https:\/\/www.europesays.com\/no\/wp-json\/wp\/v2\/media\/137818"}],"wp:attachment":[{"href":"https:\/\/www.europesays.com\/no\/wp-json\/wp\/v2\/media?parent=137817"}],"wp:term":[{"taxonomy":"category","embeddable":true,"href":"https:\/\/www.europesays.com\/no\/wp-json\/wp\/v2\/categories?post=137817"},{"taxonomy":"post_tag","embeddable":true,"href":"https:\/\/www.europesays.com\/no\/wp-json\/wp\/v2\/tags?post=137817"}],"curies":[{"name":"wp","href":"https:\/\/api.w.org\/{rel}","templated":true}]}}