{"id":137819,"date":"2026-01-15T05:20:14","date_gmt":"2026-01-15T05:20:14","guid":{"rendered":"https:\/\/www.europesays.com\/no\/137819\/"},"modified":"2026-01-15T05:20:14","modified_gmt":"2026-01-15T05:20:14","slug":"tafikk-ha-personbil-skal-ha-kjort-ut-av-veien-og-kollidert-sandnesposten","status":"publish","type":"post","link":"https:\/\/www.europesays.com\/no\/137819\/","title":{"rendered":"tafikk, H\u00e5 | Personbil skal ha kj\u00f8rt ut av veien og kollidert &#8211; Sandnesposten"},"content":{"rendered":"<ol>\n<li><a href=\"https:\/\/news.google.com\/rss\/articles\/CBMimAFBVV95cUxNbWZfQlBMTkJPQ3UwcHFGY1lkZm83TGpWdVlWeUFoWXBJOWsxWFpGUGZKVS1oWHIxUG45NkFOaURNWjZVTUktak5GcVhZTUNpRXFIM2ZBRFBaZ05JSFluQjVyVFZJSmgwVHlydEVJQkQwVnJaTkhQcTduRDRoMXEweEgtY3AwMFUyQ2J4WHVZcmFDUkpfWHV4eg?oc=5\" target=\"_blank\" rel=\"nofollow noopener\">tafikk, H\u00e5 | Personbil skal ha kj\u00f8rt ut av veien og kollidert<\/a>&nbsp;&nbsp;Sandnesposten<\/li>\n<li><a href=\"https:\/\/news.google.com\/rss\/articles\/CBMiaEFVX3lxTE4zdjAwSUY1WEN2MWxBVkJQNW44VDhuZy1uWTBIVEdBc0FCTjI0VW9mdURNMmxIbWxNa2M1MHczZjBnM29XR2FCRlNqY2hpRUxObUZlN3RURkNvZzlSOTJyZlNjTVViYklv?oc=5\" target=\"_blank\" rel=\"nofollow noopener\">Trafikk, H\u00e5 | K\u00f8yrde av vegen \u2013 traff jordhaug<\/a>&nbsp;&nbsp;J\u00e6rbladet<\/li>\n<li><a href=\"https:\/\/news.google.com\/rss\/articles\/CBMilgFBVV95cUxPd0pqYWViaUNxWFl5bm1paWp0Q25jOTNVdlhya0RubFlHUkR1MHpLTTlScG8wVHEtNXEyUFI5dXYwRGRhdnBDbWdNbHJ3U2IyekF5Mmk3dFRyNjg2el9UUWc3amJaQVI3OTlEVWhjT1NEV21va3JPNjVpR1BnT3dMQ3pvN3p0NlA5WlZkdmQ4UHF5SF9SaHc?oc=5\" target=\"_blank\" rel=\"nofollow noopener\">Trafikken direkte &#8211; Tre personer til legevakt etter trafikkulykke p\u00e5 E39<\/a>&nbsp;&nbsp;Stavanger Aftenblad<\/li>\n<li><a href=\"https:\/\/news.google.com\/rss\/articles\/CBMilgFBVV95cUxOT0VZZndNVTRNbXdFb0hOTjI2c3Zqa1hvUl9WaVVhQ0tuUXczOHBPZlFTNU1CNVlNNlJZRlFxWVNraUc0TWVsdGE3dzVMM2Zza1JsWTlGZUtCbEpnd3ljbHVmbDVqaWlsRm5yMTQ4b1dRUXY2MHVHNGxNR3R5aldDdWtSemtCdGlTSUptUUp3bzFlakFRZlE?oc=5\" target=\"_blank\" rel=\"nofollow noopener\">Trafikken direkte &#8211; Varsler forsinkelser for Kvits\u00f8y-ferja<\/a>&nbsp;&nbsp;Stavanger Aftenblad<\/li>\n<li><a href=\"https:\/\/news.google.com\/rss\/articles\/CBMilgFBVV95cUxPZEFJLVltZ2ZzS2tsZFhZaFFEb3hvck50dXliRk10SkZPY0xRQnZOQllWeUdNenFjbE9QRlJ2TzVkZWI0VFJyWHRtR1RXbE5kMUZGSVIxd0IwbXZZQWs2eFNwR19GZDNaaHI2ekROOEVVMjZETDJQakdkUDNwNEEyODQ0ei1CRnhIaEN2dGtZZWo1RnJCX1E?oc=5\" target=\"_blank\" rel=\"nofollow noopener\">Trafikken direkte &#8211; Bil ikke kj\u00f8rbar etter trafikkuhell i Sandnes<\/a>&nbsp;&nbsp;Stavanger Aftenblad<\/li>\n<\/ol>\n","protected":false},"excerpt":{"rendered":"tafikk, H\u00e5 | Personbil skal ha kj\u00f8rt ut av veien og kollidert&nbsp;&nbsp;Sandnesposten Trafikk, H\u00e5 | K\u00f8yrde av vegen&hellip;\n","protected":false},"author":2,"featured_media":137820,"comment_status":"","ping_status":"","sticky":false,"template":"","format":"standard","meta":{"footnotes":""},"categories":[10],"tags":[20,21,24,25,15,22,23,13,30,28,29,14,16,26,27],"class_list":{"0":"post-137819","1":"post","2":"type-post","3":"status-publish","4":"format-standard","5":"has-post-thumbnail","7":"category-norge","8":"tag-breaking-news","9":"tag-breakingnews","10":"tag-featured-news","11":"tag-featurednews","12":"tag-headlines","13":"tag-latest-news","14":"tag-latestnews","15":"tag-news","16":"tag-no","17":"tag-norge","18":"tag-norway","19":"tag-nyheter","20":"tag-overskrifter","21":"tag-top-stories","22":"tag-topstories"},"share_on_mastodon":{"url":"https:\/\/pubeurope.com\/@no\/115897435577026939","error":""},"_links":{"self":[{"href":"https:\/\/www.europesays.com\/no\/wp-json\/wp\/v2\/posts\/137819","targetHints":{"allow":["GET"]}}],"collection":[{"href":"https:\/\/www.europesays.com\/no\/wp-json\/wp\/v2\/posts"}],"about":[{"href":"https:\/\/www.europesays.com\/no\/wp-json\/wp\/v2\/types\/post"}],"author":[{"embeddable":true,"href":"https:\/\/www.europesays.com\/no\/wp-json\/wp\/v2\/users\/2"}],"replies":[{"embeddable":true,"href":"https:\/\/www.europesays.com\/no\/wp-json\/wp\/v2\/comments?post=137819"}],"version-history":[{"count":0,"href":"https:\/\/www.europesays.com\/no\/wp-json\/wp\/v2\/posts\/137819\/revisions"}],"wp:featuredmedia":[{"embeddable":true,"href":"https:\/\/www.europesays.com\/no\/wp-json\/wp\/v2\/media\/137820"}],"wp:attachment":[{"href":"https:\/\/www.europesays.com\/no\/wp-json\/wp\/v2\/media?parent=137819"}],"wp:term":[{"taxonomy":"category","embeddable":true,"href":"https:\/\/www.europesays.com\/no\/wp-json\/wp\/v2\/categories?post=137819"},{"taxonomy":"post_tag","embeddable":true,"href":"https:\/\/www.europesays.com\/no\/wp-json\/wp\/v2\/tags?post=137819"}],"curies":[{"name":"wp","href":"https:\/\/api.w.org\/{rel}","templated":true}]}}