{"id":137823,"date":"2026-01-15T05:41:07","date_gmt":"2026-01-15T05:41:07","guid":{"rendered":"https:\/\/www.europesays.com\/no\/137823\/"},"modified":"2026-01-15T05:41:07","modified_gmt":"2026-01-15T05:41:07","slug":"x-ki-avkledning-x-tar-grep-for-a-hindre-ki-avkledning-av-personer","status":"publish","type":"post","link":"https:\/\/www.europesays.com\/no\/137823\/","title":{"rendered":"X, KI-avkledning | X tar grep for \u00e5 hindre KI-avkledning av personer"},"content":{"rendered":"\n<p>Grok har f\u00e5tt kritikk over hele verden for \u00e5 ha brukt kunstig intelligens til \u00e5 generere seksualiserte bilder.<\/p>\n<p>\u2013 Vi har implementer teknologisk tiltak for \u00e5 hindre at Grok tillater redigering av reelle personer i avsl\u00f8rende bekledning som bikinier. Begrensningen gjelder for alle brukere, ogs\u00e5 betalende abonnenter, sier X&#8217; sikkerhetsteam i en uttalelse.<\/p>\n<p>Forrige uke bestemte selskapet \u00e5 begrense Groks bildegenerering til betalende kunder, men n\u00e5 gjelder det alts\u00e5 for alle.<\/p>\n<p>Flere europeiske land er blant dem som har kritisert Grok. Storbritannia varslet \u00e5 forby generering av seksualiserte bilder uten samtykke. Malaysia og Indonesia har midlertidig blokkert adgangen til Grok.<\/p>\n","protected":false},"excerpt":{"rendered":"Grok har f\u00e5tt kritikk over hele verden for \u00e5 ha brukt kunstig intelligens til \u00e5 generere seksualiserte bilder.&hellip;\n","protected":false},"author":2,"featured_media":137824,"comment_status":"","ping_status":"","sticky":false,"template":"","format":"standard","meta":{"footnotes":""},"categories":[12],"tags":[20,21,24,25,15,22,23,13,30,28,29,14,16,26,27,42,43,44,45],"class_list":{"0":"post-137823","1":"post","2":"type-post","3":"status-publish","4":"format-standard","5":"has-post-thumbnail","7":"category-verden","8":"tag-breaking-news","9":"tag-breakingnews","10":"tag-featured-news","11":"tag-featurednews","12":"tag-headlines","13":"tag-latest-news","14":"tag-latestnews","15":"tag-news","16":"tag-no","17":"tag-norge","18":"tag-norway","19":"tag-nyheter","20":"tag-overskrifter","21":"tag-top-stories","22":"tag-topstories","23":"tag-verden","24":"tag-world","25":"tag-world-news","26":"tag-worldnews"},"share_on_mastodon":{"url":"https:\/\/pubeurope.com\/@no\/115897518164744546","error":""},"_links":{"self":[{"href":"https:\/\/www.europesays.com\/no\/wp-json\/wp\/v2\/posts\/137823","targetHints":{"allow":["GET"]}}],"collection":[{"href":"https:\/\/www.europesays.com\/no\/wp-json\/wp\/v2\/posts"}],"about":[{"href":"https:\/\/www.europesays.com\/no\/wp-json\/wp\/v2\/types\/post"}],"author":[{"embeddable":true,"href":"https:\/\/www.europesays.com\/no\/wp-json\/wp\/v2\/users\/2"}],"replies":[{"embeddable":true,"href":"https:\/\/www.europesays.com\/no\/wp-json\/wp\/v2\/comments?post=137823"}],"version-history":[{"count":0,"href":"https:\/\/www.europesays.com\/no\/wp-json\/wp\/v2\/posts\/137823\/revisions"}],"wp:featuredmedia":[{"embeddable":true,"href":"https:\/\/www.europesays.com\/no\/wp-json\/wp\/v2\/media\/137824"}],"wp:attachment":[{"href":"https:\/\/www.europesays.com\/no\/wp-json\/wp\/v2\/media?parent=137823"}],"wp:term":[{"taxonomy":"category","embeddable":true,"href":"https:\/\/www.europesays.com\/no\/wp-json\/wp\/v2\/categories?post=137823"},{"taxonomy":"post_tag","embeddable":true,"href":"https:\/\/www.europesays.com\/no\/wp-json\/wp\/v2\/tags?post=137823"}],"curies":[{"name":"wp","href":"https:\/\/api.w.org\/{rel}","templated":true}]}}