{"id":137825,"date":"2026-01-15T05:48:08","date_gmt":"2026-01-15T05:48:08","guid":{"rendered":"https:\/\/www.europesays.com\/no\/137825\/"},"modified":"2026-01-15T05:48:08","modified_gmt":"2026-01-15T05:48:08","slug":"ice-agenter-skudd-ice-agent-skjot-migrant-i-beinet-i-minneapolis","status":"publish","type":"post","link":"https:\/\/www.europesays.com\/no\/137825\/","title":{"rendered":"ICE-agenter, Skudd | Ice-agent skj\u00f8t migrant i beinet i Minneapolis"},"content":{"rendered":"\n<p>If\u00f8lge amerikanske myndigheter skal to menn ha g\u00e5tt til angrep med spader mot agenter fra innvandringsmyndigheten som gikk til aksjon i Minneapolis. En av mennene ble skutt i beinet og f\u00f8rt til sykehus.<\/p>\n<p>Tjenestemenn i sikkerhetsdepartementet bekrefter skytingen p\u00e5 X og beskriver mannen som \u00aben ulovlig innvandrer fra Venezuela\u00bb. De sier han motsatte seg arrest etter \u00e5 ha blitt stanset for en trafikkforseelse.<\/p>\n<p>For en uke siden ble 37 \u00e5r gamle Renee Good skutt og drept av en Ice-agent i samme by. Det utl\u00f8ste sterke reaksjoner iver hele USA. I Minneapolis har det v\u00e6rt sammenst\u00f8t mellom demonstranter og politi, og politiet har brukt t\u00e5regass.<\/p>\n<p>Sikkerhetsminister Kristi Noem har varslet at hun vil sende ytterligere flere hundre f\u00f8derale agenter for \u00e5 sikre arbeidet til Ice i delstaten Minnesota, der Minneapolis ligger.<\/p>\n","protected":false},"excerpt":{"rendered":"If\u00f8lge amerikanske myndigheter skal to menn ha g\u00e5tt til angrep med spader mot agenter fra innvandringsmyndigheten som gikk&hellip;\n","protected":false},"author":2,"featured_media":137826,"comment_status":"","ping_status":"","sticky":false,"template":"","format":"standard","meta":{"footnotes":""},"categories":[12],"tags":[20,21,24,25,15,22,23,13,30,28,29,14,16,26,27,42,43,44,45],"class_list":{"0":"post-137825","1":"post","2":"type-post","3":"status-publish","4":"format-standard","5":"has-post-thumbnail","7":"category-verden","8":"tag-breaking-news","9":"tag-breakingnews","10":"tag-featured-news","11":"tag-featurednews","12":"tag-headlines","13":"tag-latest-news","14":"tag-latestnews","15":"tag-news","16":"tag-no","17":"tag-norge","18":"tag-norway","19":"tag-nyheter","20":"tag-overskrifter","21":"tag-top-stories","22":"tag-topstories","23":"tag-verden","24":"tag-world","25":"tag-world-news","26":"tag-worldnews"},"share_on_mastodon":{"url":"https:\/\/pubeurope.com\/@no\/115897545992819712","error":""},"_links":{"self":[{"href":"https:\/\/www.europesays.com\/no\/wp-json\/wp\/v2\/posts\/137825","targetHints":{"allow":["GET"]}}],"collection":[{"href":"https:\/\/www.europesays.com\/no\/wp-json\/wp\/v2\/posts"}],"about":[{"href":"https:\/\/www.europesays.com\/no\/wp-json\/wp\/v2\/types\/post"}],"author":[{"embeddable":true,"href":"https:\/\/www.europesays.com\/no\/wp-json\/wp\/v2\/users\/2"}],"replies":[{"embeddable":true,"href":"https:\/\/www.europesays.com\/no\/wp-json\/wp\/v2\/comments?post=137825"}],"version-history":[{"count":0,"href":"https:\/\/www.europesays.com\/no\/wp-json\/wp\/v2\/posts\/137825\/revisions"}],"wp:featuredmedia":[{"embeddable":true,"href":"https:\/\/www.europesays.com\/no\/wp-json\/wp\/v2\/media\/137826"}],"wp:attachment":[{"href":"https:\/\/www.europesays.com\/no\/wp-json\/wp\/v2\/media?parent=137825"}],"wp:term":[{"taxonomy":"category","embeddable":true,"href":"https:\/\/www.europesays.com\/no\/wp-json\/wp\/v2\/categories?post=137825"},{"taxonomy":"post_tag","embeddable":true,"href":"https:\/\/www.europesays.com\/no\/wp-json\/wp\/v2\/tags?post=137825"}],"curies":[{"name":"wp","href":"https:\/\/api.w.org\/{rel}","templated":true}]}}