{"id":137827,"date":"2026-01-15T05:49:13","date_gmt":"2026-01-15T05:49:13","guid":{"rendered":"https:\/\/www.europesays.com\/no\/137827\/"},"modified":"2026-01-15T05:49:13","modified_gmt":"2026-01-15T05:49:13","slug":"skatteetaten-om-ny-boligverdi-kan-endre-skattekortet","status":"publish","type":"post","link":"https:\/\/www.europesays.com\/no\/137827\/","title":{"rendered":"Skatteetaten om ny boligverdi: \u2013 Kan endre skattekortet"},"content":{"rendered":"\n<p class=\"_lead_snl99_2 _lead_1fmmc_55 layout-component layout-normal body-large layout-component layout-wide layout-padded _wide_17hqh_1 layout-padded\">Skatteetaten oppfordrer dem som har f\u00e5tt for h\u00f8y boligverdi til \u00e5 endre skattekortet. Dokumentasjonen kan du vente med.<\/p>\n<p><img alt=\"Illustrasjonsfoto. Boliger over 10 millioner kroner har f\u00e5tt et betydelig l\u00f8ft i formuesverdi av Skatteetatens reviderte modell. Det rammer dem med nedbetalte boliger eller lite gjeld hardt. Her fra Grefsen, Oslo. \" class=\"_image_c08te_90 layout-component layout-wide\" data-fullscreen- data-track-element-type=\"Article image fullscreen\" data-track-name=\"ImageFullscreen\" fetchpriority=\"high\" decoding=\"sync\" loading=\"eager\" height=\"4000\" itemprop=\"image\"  src=\"https:\/\/www.europesays.com\/no\/wp-content\/uploads\/2026\/01\/d1bf11c7-b975-4e53-a62f-7d6a7a92d76a.png\"  style=\"object-position:53.7% 52.5375%\" width=\"6000\"\/>Illustrasjonsfoto. Boliger over 10 millioner kroner har f\u00e5tt et betydelig l\u00f8ft i formuesverdi av Skatteetatens reviderte modell. Det rammer dem med nedbetalte boliger eller lite gjeld hardt. Her fra Grefsen, Oslo. Vis mer<\/p>\n<p> Foto: H\u00e5kon Mosvold Larsen \/ NTB<\/p>\n<p><a class=\"_link_14r7a_110\" href=\"https:\/\/e24.no\/forfatter\/fredrick-chr-ekeseth\" title=\"Fredrick Chr. Ekeseth\" rel=\"nofollow noopener\" target=\"_blank\"><img alt=\"Bilde av Fredrick Chr. Ekeseth\" class=\"_image_14r7a_87\" fetchpriority=\"low\" decoding=\"async\" itemprop=\"image\" loading=\"lazy\"  src=\"https:\/\/www.europesays.com\/no\/wp-content\/uploads\/2026\/01\/604340f4-1966-4579-8220-2a5375982d4e.jpeg\"  width=\"480\"\/><\/a>     <\/p>\n<p>Oppsummeringen er laget med kunstig intelligens og kvalitetssikret av E24s journalister.<\/p>\n<ul class=\"_list_snl99_3 _list_16a6p_108 _unordered_snl99_109 _textTheme_1yhmn_1 body-small\">\n<li class=\"_item_snl99_34\">Skatteetaten oppfordrer boligeiere med for h\u00f8y boligverdi til \u00e5 endre skattekortet sitt n\u00e5.<\/li>\n<li class=\"_item_snl99_34\">En ny beregningsmodell gir skattesjokk for prim\u00e6rboliger over 10 millioner kroner, og rammer spesielt eldre boligeiere med lite eller ingen gjeld.<\/li>\n<li class=\"_item_snl99_34\">Flere melder at den reviderte markedsverdien er flergangen tidligere verdsettelse.<\/li>\n<li class=\"_item_snl99_34\">F\u00f8rst n\u00e5r skattemeldingen kommer neste \u00e5r m\u00e5 du kunne dokumentere verdinedsettelsen, ellers risikerer du restskatt.<\/li>\n<\/ul>\n<p>Vis mer <\/p>\n<p class=\"_paragraph_snl99_4 _paragraph_1fmmc_7 layout-component layout-normal body-medium layout-padded\">En ny takseringsmodell skal fra i \u00e5r gi mer treffsikre anslag p\u00e5 markedsverdi av boligen man bor i, s\u00e5kalt prim\u00e6rbolig, i skatteoppgj\u00f8ret.<\/p>\n<p class=\"_paragraph_snl99_4 _paragraph_1fmmc_7 layout-component layout-normal body-medium layout-padded\">Mange har i vinter f\u00e5tt boligverdien kraftig oppjustert i skattekortet for 2026, og i enkelte tilfeller, langt mer enn det boligeierne anser som oppn\u00e5elig salgspris. <\/p>\n<p><a class=\"_link_1hyue_61\" data-track-id=\"teaser:16nLqQ\" data-track-impression=\"true\" data-track-name=\"Uenige om oljeutsiktene: \u2013 \u00c5 g\u00e5 long energi, det begynner n\u00e5\" data-track-element-size=\"small\" data-track-element-type=\"Teaser\" data-track-image-url=\"https:\/\/www.europesays.com\/no\/wp-content\/uploads\/2026\/01\/1768456149_380_015b369a-2b98-4305-b509-3cf66fde9089.jpeg\" data-track-layout-name=\"image:right\" data-track-position-source=\"related-article\" href=\"https:\/\/e24.no\/boers-og-finans\/i\/16nLqQ\/uenige-om-oljeutsiktene-aa-gaa-long-energi-det-begynner-naa\" rel=\"nofollow noopener\" target=\"_blank\"><\/p>\n<p class=\"label-small _kicker_1hyue_27\">Les ogs\u00e5<\/p>\n<p>Uenige om oljeutsiktene: \u2013 \u00c5 g\u00e5 long energi, det begynner n\u00e5<img decoding=\"async\" alt=\"\" class=\"_image_1hyue_16\" height=\"5228\" loading=\"lazy\"  src=\"https:\/\/www.europesays.com\/no\/wp-content\/uploads\/2026\/01\/1768456149_380_015b369a-2b98-4305-b509-3cf66fde9089.jpeg\"  width=\"7843\"\/><\/a>\u2013 Kan endre<\/p>\n<p class=\"_paragraph_snl99_4 _paragraph_1fmmc_7 layout-component layout-normal body-medium layout-padded\">Skatteetaten p\u00e5peker at det i skattekortet er gjort et anslag p\u00e5 inntekt, formue og andre tall som kan p\u00e5virke hva du skal betale i skatt i 2026.<\/p>\n<p class=\"_paragraph_snl99_4 _paragraph_1fmmc_7 layout-component layout-normal body-medium layout-padded\">Etaten understreker ogs\u00e5 at det er viktig at den enkelte sjekker sitt skattekort og at opplysningene stemmer.<\/p>\n<p>    <img decoding=\"async\" alt=\"Bilde av Ove Nyland\" class=\"_image_1mgnw_46\" height=\"53\" itemprop=\"image\" loading=\"lazy\"  src=\"https:\/\/www.europesays.com\/no\/wp-content\/uploads\/2026\/01\/ed0a0932-e007-43ce-91ac-e60cf52f1dbb.jpeg\"  width=\"40\"\/>   <strong class=\"_name_1mgnw_55 title-small\"> Ove Nyland <\/strong> <\/p>\n<p class=\"_paragraph_snl99_4 body-small _description_1mgnw_60\">Avdelingsdirekt\u00f8r i Skatteetaten.<\/p>\n<p class=\"_paragraph_snl99_4 _paragraph_1fmmc_7 layout-component layout-normal body-medium layout-padded\">\u2013 Hvis du mener at den beregnede markedsverdien er feil, kan du endre skattekortet ditt. I skattekortet m\u00e5 du oppgi den markedsverdien du mener er riktig ved utgangen av 2026, sier avdelingsdirekt\u00f8r Ove Nyland i Skatteetaten til E24.<\/p>\n<p>Dette er saken<\/p>\n<p class=\"_paragraph_snl99_4 _paragraph_1fmmc_7 _paragraph_jno8j_20 layout-component layout-normal body-small layout-padded\">En ny beregningsmodell for markedsverdi av prim\u00e6rbolig gir betydelig h\u00f8yere ligningverdi for eiendom over 10 millioner kroner og medf\u00f8rer en <a href=\"https:\/\/e24.no\/privatoekonomi\/i\/aJwRe4\/skattebombe-for-boliger-over-10-millioner-kroner\" class=\"_link_snl99_43\" rel=\"nofollow noopener\" target=\"_blank\">kraftig skatte\u00f8kning<\/a> for en rekke skattebetalere.<\/p>\n<p class=\"_paragraph_snl99_4 _paragraph_1fmmc_7 _paragraph_jno8j_20 layout-component layout-normal body-small layout-padded\">Endringen rammer i f\u00f8rste rekke boligeiere i storbyene uten s\u00e6rlig gjeld, inkludert eldre boligeiere i nedbetalte boliger som de kj\u00f8pte for flere ti\u00e5r siden. <\/p>\n<p class=\"_paragraph_snl99_4 _paragraph_1fmmc_7 _paragraph_jno8j_20 layout-component layout-normal body-small layout-padded\">En rekke <a href=\"https:\/\/e24.no\/privatoekonomi\/i\/lnEApo\/pensjonister-fortviler-etter-skattesjokk-paa-bolig-rett-og-slett-et-ran\" class=\"_link_snl99_43\" rel=\"nofollow noopener\" target=\"_blank\">pensjonister melder om kraftig innhugg i pensjonsutbetalingene<\/a> for 2026, og enslige pensjonister er i enda st\u00f8rre grad rammet.<\/p>\n<p class=\"_paragraph_snl99_4 _paragraph_1fmmc_7 _paragraph_jno8j_20 layout-component layout-normal body-small layout-padded\">De siste \u00e5rene har det kommet kraftige skjerpelser i verdsettelsen av prim\u00e6rboliger ved beregning av formuesskatt.<\/p>\n<p class=\"_paragraph_snl99_4 _paragraph_1fmmc_7 _paragraph_jno8j_20 layout-component layout-normal body-small layout-padded\">Frem til 2022 var skattegrunnlaget 25 prosent av markedsverdien flatt. <\/p>\n<p class=\"_paragraph_snl99_4 _paragraph_1fmmc_7 _paragraph_jno8j_20 layout-component layout-normal body-small layout-padded\">For skatte\u00e5ret 2022 ble grunnlaget oppjustert til 50 prosent for verdier over 10 millioner kroner, mens dette ble jekket opp til 70 prosent fra skatte\u00e5ret 2023. <\/p>\n<p class=\"_paragraph_snl99_4 _paragraph_1fmmc_7 _paragraph_jno8j_20 layout-component layout-normal body-small layout-padded\">Formuesverdien av sekund\u00e6rboliger, det vil si annen boligeiendom enn prim\u00e6rbolig og fritidsbolig, har siden 2023 blitt satt til 100 prosent av beregnet eller dokumentert omsetningsverdi.<\/p>\n<p class=\"_paragraph_snl99_4 _paragraph_1fmmc_7 _paragraph_jno8j_20 layout-component layout-normal body-small layout-padded\">Den enkelte skattebetaler kan endre p\u00e5 markedsverdien i skattekortet, hvis man mener den er feil. <\/p>\n<p class=\"_paragraph_snl99_4 _paragraph_1fmmc_7 _paragraph_jno8j_20 layout-component layout-normal body-small layout-padded\">Mener man formuesverdien er feil n\u00e5r skattemeldingen for inntekts\u00e5ret 2026 sendes ut neste \u00e5r, m\u00e5 endringen dokumenteres.  Dokumentasjonen m\u00e5 v\u00e6re fra etter 1. juli i det inntekts\u00e5ret du krever nedsettelse for.<\/p>\n<p>Vis merDokumenteringsfri justering <\/p>\n<p class=\"_paragraph_snl99_4 _paragraph_1fmmc_7 layout-component layout-normal body-medium layout-padded\">Endringene gj\u00f8res direkte i skattekortet p\u00e5 <a href=\"https:\/\/www.skatteetaten.no\/person\/skatt\/hjelp-til-riktig-skatt\/bolig-og-eiendeler\/bolig-eiendom-tomt\/formuesverdi\/formuesverdi-bolig\/#hvis-markedsverdi-og-formuesverdi-er-for-hoy\" class=\"_link_snl99_43\" rel=\"nofollow noopener\" target=\"_blank\">skatteetatens sider<\/a>, og etter disse er gjort lager Skatteetaten et nytt skattekort.<\/p>\n<p class=\"_paragraph_snl99_4 _paragraph_1fmmc_7 layout-component layout-normal body-medium layout-padded\">Det oppdaterte skattekortet hentes av arbeidsgiveren, Nav eller andre direkte fra Skatteetaten.<\/p>\n<p class=\"_paragraph_snl99_4 _paragraph_1fmmc_7 layout-component layout-normal body-medium layout-padded\">\u2013 Det er ingen dokumentasjonskrav knyttet til justeringen i skattekortet, og en oppdatert formuesverdi beregnes automatisk. Endringer du gj\u00f8r i skattekortet har betydning for skattetrekket ditt. Hvis du for eksempel justerer en formuesverdi ned, vil det isolert sett f\u00f8re til at skattetrekket ditt blir lavere, sier Nyland.<\/p>\n<p><a class=\"_link_1hyue_61\" data-track-id=\"teaser:V6bbrp\" data-track-impression=\"true\" data-track-name=\"NHO h\u00e5per skattekommisjon foresl\u00e5r skattekutt\" data-track-element-size=\"small\" data-track-element-type=\"Teaser\" data-track-layout-name=\"image:right\" data-track-position-source=\"related-article\" href=\"https:\/\/e24.no\/auto-publisert-innhold\/i\/V6bbrp\/nho-haaper-skattekommisjon-foreslaar-skattekutt\" rel=\"nofollow noopener\" target=\"_blank\"><\/p>\n<p class=\"label-small _kicker_1hyue_27\">Les ogs\u00e5<\/p>\n<p>NHO h\u00e5per skattekommisjon foresl\u00e5r skattekutt<\/a>Ser til grunnkrets<\/p>\n<p class=\"_paragraph_snl99_4 _paragraph_1fmmc_7 layout-component layout-normal body-medium layout-padded\">Han legger til at Skatteetaten bruker en modell fra Statistisk sentralbyr\u00e5 (SSB) med en forventet verdi\u00f8kning i l\u00f8pet av \u00e5ret for \u00e5 komme frem til formuesverdien for boliger som brukes i skattekortet. <\/p>\n<p class=\"_paragraph_snl99_4 _paragraph_1fmmc_7 layout-component layout-normal body-medium layout-padded\">Modellen henter informasjon om omsatte boliger fra grunnkretser i stedet for kommuner og skal benyttes fra inntekts\u00e5ret 2026. <\/p>\n<p class=\"_paragraph_snl99_4 _paragraph_1fmmc_7 layout-component layout-normal body-medium layout-padded\">\u2013 Modellen tar hensyn til boligens beliggenhet, areal, bygge\u00e5r og hvilken type bolig det er. Dette kan f\u00f8re til endringer i formuesverdien p\u00e5 boligen din, sier skattedirekt\u00f8ren.<\/p>\n<p><a class=\"_link_1hyue_61\" data-track-id=\"teaser:Pd95n0\" data-track-impression=\"true\" data-track-name=\"Nye lovendringer: Slik p\u00e5virkes lommeboken din\" data-track-element-size=\"small\" data-track-element-type=\"Teaser\" data-track-image-url=\"https:\/\/www.europesays.com\/no\/wp-content\/uploads\/2026\/01\/e785b71e-630f-4128-929c-208b47570d19.jpeg\" data-track-layout-name=\"image:right\" data-track-position-source=\"related-article\" href=\"https:\/\/e24.no\/privatoekonomi\/i\/Pd95n0\/nye-lovendringer-slik-paavirkes-lommeboken-din\" rel=\"nofollow noopener\" target=\"_blank\"><\/p>\n<p class=\"label-small _kicker_1hyue_27\">Les ogs\u00e5<\/p>\n<p>Nye lovendringer: Slik p\u00e5virkes lommeboken din<img decoding=\"async\" alt=\"\" class=\"_image_1hyue_16\" height=\"2103\" loading=\"lazy\"  src=\"https:\/\/www.europesays.com\/no\/wp-content\/uploads\/2026\/01\/e785b71e-630f-4128-929c-208b47570d19.jpeg\"  width=\"3238\"\/><\/a>\u00d8ker over 10 mill. <\/p>\n<p class=\"_paragraph_snl99_4 _paragraph_1fmmc_7 layout-component layout-normal body-medium layout-padded\">Formuesverdien er en prosentandel av denne boligverdien. <\/p>\n<p class=\"_paragraph_snl99_4 _paragraph_1fmmc_7 layout-component layout-normal body-medium layout-padded\">For prim\u00e6rbolig er formuesverdien er 25 prosent av markedsverdi opp til 10 millioner kroner, og deretter 70 prosent av det som overstiger 10 millioner kroner.<\/p>\n<p class=\"_paragraph_snl99_4 _paragraph_1fmmc_7 layout-component layout-normal body-medium layout-padded\">For sekund\u00e6rboliger er formuesverdien 100 prosent av markedsverdien.<\/p>\n<p><a class=\"_link_1hyue_61\" data-track-id=\"teaser:Gxary4\" data-track-impression=\"true\" data-track-name=\"Reagerer p\u00e5 ny boligverdimodell: \u2013 En forkledd skattebombe\" data-track-element-size=\"small\" data-track-element-type=\"Teaser\" data-track-image-url=\"https:\/\/www.europesays.com\/no\/wp-content\/uploads\/2026\/01\/9c773785-e53d-4b47-810c-d16b6e97cae5.png\" data-track-layout-name=\"image:right\" data-track-position-source=\"related-article\" href=\"https:\/\/e24.no\/privatoekonomi\/i\/Gxary4\/reagerer-paa-ny-boligverdimodell-en-forkledd-skattebombe\" rel=\"nofollow noopener\" target=\"_blank\"><\/p>\n<p class=\"label-small _kicker_1hyue_27\">Les ogs\u00e5<\/p>\n<p>Reagerer p\u00e5 ny boligverdimodell: \u2013 En forkledd skattebombe<img decoding=\"async\" alt=\"\" class=\"_image_1hyue_16\" height=\"2333\" loading=\"lazy\"  src=\"https:\/\/www.europesays.com\/no\/wp-content\/uploads\/2026\/01\/9c773785-e53d-4b47-810c-d16b6e97cae5.png\"  width=\"4150\"\/><\/a>Ny verdi i skattemelding<\/p>\n<p class=\"_paragraph_snl99_4 _paragraph_1fmmc_7 layout-component layout-normal body-medium layout-padded\">N\u00e5r skattemeldingen for inntekts\u00e5ret 2026 sendes ut neste \u00e5r, vil Skatteetaten bruke den reviderte modellen for \u00e5 komme frem til riktig formuesverdi.<\/p>\n<p class=\"_paragraph_snl99_4 _paragraph_1fmmc_7 layout-component layout-normal body-medium layout-padded\">\u2013 Dersom du da mener at formuesverdien er feil, m\u00e5 du kunne dokumentere dette. Hvis du har justert formuesverdien ned i skattekortet, men ikke kan dokumentere det i skattemeldingen, risikerer du restskatt, sier Nyland.<\/p>\n<p class=\"_paragraph_snl99_4 _paragraph_1fmmc_7 layout-component layout-normal body-medium layout-padded\">Gyldig dokumentasjon er takst som er gitt av kvalifisert takstmann eller verdivurdering av eiendomsmegler, eller observerbar markedsverdi tiln\u00e6rmet lik boligMed tiln\u00e6rmet lik bolig menes en bolig med samme planl\u00f8sning, st\u00f8rrelse, standard, utsikt, lyd- og lysforhold, if\u00f8lge Skatteetaten. i samme omr\u00e5de som kan v\u00e6re kj\u00f8pekontrakt eller lignende der salgssummen fremg\u00e5r, if\u00f8lge Skatteetatens <a href=\"https:\/\/www.skatteetaten.no\/person\/skatt\/hjelp-til-riktig-skatt\/bolig-og-eiendeler\/bolig-eiendom-tomt\/formuesverdi\/formuesverdi-bolig\/#hvis-markedsverdi-og-formuesverdi-er-for-hoy\" class=\"_link_snl99_43\" rel=\"nofollow noopener\" target=\"_blank\">nettsider<\/a>.<\/p>\n<p class=\"_paragraph_snl99_4 _paragraph_1fmmc_7 layout-component layout-normal body-medium layout-padded\">\u00abDen som har taksert eller gitt en verdivurdering av boligen din, skal ha sett boligen b\u00e5de innvendig og utvendig\u00bb, heter det.<\/p>\n<p class=\"_paragraph_snl99_4 _paragraph_1fmmc_7 layout-component layout-normal body-medium layout-padded\">Der fremg\u00e5r det ogs at dokumentasjonen m\u00e5 v\u00e6re fra etter 1. juli i det inntekts\u00e5ret du krever nedsettelse for.<\/p>\n<p><a class=\"_link_1hyue_61\" data-track-id=\"teaser:lnEApo\" data-track-impression=\"true\" data-track-name=\"Pensjonister fortviler etter skattesjokk p\u00e5 bolig: \u2013 Rett og slett et ran\" data-track-element-size=\"small\" data-track-element-type=\"Teaser\" data-track-image-url=\"https:\/\/www.europesays.com\/no\/wp-content\/uploads\/2026\/01\/1768456151_52_e225b306-abe4-481d-b203-f6ce07dd4d3c.jpeg\" data-track-layout-name=\"image:right\" data-track-position-source=\"related-article\" href=\"https:\/\/e24.no\/privatoekonomi\/i\/lnEApo\/pensjonister-fortviler-etter-skattesjokk-paa-bolig-rett-og-slett-et-ran\" rel=\"nofollow noopener\" target=\"_blank\"><\/p>\n<p class=\"label-small _kicker_1hyue_27\">Les ogs\u00e5<\/p>\n<p>Pensjonister fortviler etter skattesjokk p\u00e5 bolig: \u2013 Rett og slett et ran<img decoding=\"async\" alt=\"\" class=\"_image_1hyue_16\" height=\"2632\" loading=\"lazy\"  src=\"https:\/\/www.europesays.com\/no\/wp-content\/uploads\/2026\/01\/1768456151_52_e225b306-abe4-481d-b203-f6ce07dd4d3c.jpeg\"  width=\"3936\"\/><\/a>   <a class=\"_link_1hyue_61\" data-track-id=\"teaser:aJwRe4\" data-track-impression=\"true\" data-track-name=\"\u00abSkattebombe\u00bb for boliger over 10 millioner kroner\" data-track-element-size=\"small\" data-track-element-type=\"Teaser\" data-track-image-url=\"https:\/\/www.europesays.com\/no\/wp-content\/uploads\/2026\/01\/c00d6750-a3ac-4d46-8643-e55f6617289f.png\" data-track-layout-name=\"image:right\" data-track-position-source=\"related-article\" href=\"https:\/\/e24.no\/privatoekonomi\/i\/aJwRe4\/skattebombe-for-boliger-over-10-millioner-kroner\" rel=\"nofollow noopener\" target=\"_blank\"><\/p>\n<p class=\"label-small _kicker_1hyue_27\">Les ogs\u00e5<\/p>\n<p>\u00abSkattebombe\u00bb for boliger over 10 millioner kroner<img decoding=\"async\" alt=\"\" class=\"_image_1hyue_16\" height=\"3109\" loading=\"lazy\"  src=\"https:\/\/www.europesays.com\/no\/wp-content\/uploads\/2026\/01\/c00d6750-a3ac-4d46-8643-e55f6617289f.png\"  width=\"4663\"\/><\/a>   <a class=\"_link_1hyue_61\" data-track-id=\"teaser:rrAGG8\" data-track-impression=\"true\" data-track-name=\"Ciao, Norvegia! Disse flyttet til Sveits i 2025\" data-track-element-size=\"small\" data-track-element-type=\"Teaser\" data-track-image-url=\"https:\/\/www.europesays.com\/no\/wp-content\/uploads\/2026\/01\/1768456152_87_7559eb5a-269e-45c8-9136-206d103cbc6a.jpeg\" data-track-layout-name=\"image:right\" data-track-position-source=\"related-article\" href=\"https:\/\/e24.no\/naeringsliv\/i\/rrAGG8\/ciao-norvegia-disse-flyttet-til-sveits-i-2025\" rel=\"nofollow noopener\" target=\"_blank\"><\/p>\n<p class=\"label-small _kicker_1hyue_27\">Les ogs\u00e5<\/p>\n<p>Ciao, Norvegia! Disse flyttet til Sveits i 2025<img decoding=\"async\" alt=\"\" class=\"_image_1hyue_16\" height=\"3014\" loading=\"lazy\"  src=\"https:\/\/www.europesays.com\/no\/wp-content\/uploads\/2026\/01\/1768456152_87_7559eb5a-269e-45c8-9136-206d103cbc6a.jpeg\"  width=\"4232\"\/><\/a>   <a class=\"_link_1hyue_61\" data-track-id=\"teaser:63plEr\" data-track-impression=\"true\" data-track-name=\"Flyttet virksomheten til Monaco: \u2013 En langsiktig og strategisk beslutning\" data-track-element-size=\"small\" data-track-element-type=\"Teaser\" data-track-image-url=\"https:\/\/www.europesays.com\/no\/wp-content\/uploads\/2026\/01\/286f7132-435f-4c8b-ba8e-5b6e7bd2f287.png\" data-track-layout-name=\"image:right\" data-track-position-source=\"related-article\" href=\"https:\/\/e24.no\/naeringsliv\/i\/63plEr\/flyttet-virksomheten-til-monaco-en-langsiktig-og-strategisk-beslutning\" rel=\"nofollow noopener\" target=\"_blank\"><\/p>\n<p class=\"label-small _kicker_1hyue_27\">Les ogs\u00e5<\/p>\n<p>Flyttet virksomheten til Monaco: \u2013 En langsiktig og strategisk beslutning<img decoding=\"async\" alt=\"\" class=\"_image_1hyue_16\" height=\"1066\" loading=\"lazy\"  src=\"https:\/\/www.europesays.com\/no\/wp-content\/uploads\/2026\/01\/286f7132-435f-4c8b-ba8e-5b6e7bd2f287.png\"  width=\"1600\"\/><\/a><a class=\"_link_1hyue_61\" data-track-id=\"teaser:gkPlOJ\" data-track-impression=\"true\" data-track-name=\"Skatteregler kan gj\u00f8re det for dyrt for Bente \u00e5 bli i Norge\" data-track-element-size=\"small\" data-track-element-type=\"Teaser\" data-track-image-url=\"https:\/\/www.europesays.com\/no\/wp-content\/uploads\/2026\/01\/657fb384-882a-483c-b7cd-bb10f5023861.jpeg\" data-track-layout-name=\"image:right\" data-track-position-source=\"related-article\" href=\"https:\/\/e24.no\/norsk-oekonomi\/i\/gkPlOJ\/skatteregler-kan-gjoere-det-for-dyrt-for-bente-aa-bli-i-norge\" rel=\"nofollow noopener\" target=\"_blank\"><\/p>\n<p class=\"label-small _kicker_1hyue_27\">Les ogs\u00e5<\/p>\n<p>Skatteregler kan gj\u00f8re det for dyrt for Bente \u00e5 bli i Norge<img decoding=\"async\" alt=\"\" class=\"_image_1hyue_16\" height=\"4000\" loading=\"lazy\"  src=\"https:\/\/www.europesays.com\/no\/wp-content\/uploads\/2026\/01\/657fb384-882a-483c-b7cd-bb10f5023861.jpeg\"  width=\"6000\"\/><\/a><a class=\"_link_1hyue_61\" data-track-id=\"teaser:Wvb44Q\" data-track-impression=\"true\" data-track-name=\"Stenger stjernerestaurant: \u2013 Ikke \u00abnok\u00bb med Michelin\" data-track-element-size=\"small\" data-track-element-type=\"Teaser\" data-track-image-url=\"https:\/\/www.europesays.com\/no\/wp-content\/uploads\/2026\/01\/1768456153_998_ba2dbb3d-1913-45f9-9b0d-1f886c1c2648.jpeg\" data-track-layout-name=\"image:right\" data-track-position-source=\"related-article\" href=\"https:\/\/e24.no\/naeringsliv\/i\/Wvb44Q\/stenger-stjernerestaurant-ikke-nok-med-michelin\" rel=\"nofollow noopener\" target=\"_blank\"><\/p>\n<p class=\"label-small _kicker_1hyue_27\">Les ogs\u00e5<\/p>\n<p>Stenger stjernerestaurant: \u2013 Ikke \u00abnok\u00bb med Michelin<img decoding=\"async\" alt=\"\" class=\"_image_1hyue_16\" height=\"3661\" loading=\"lazy\"  src=\"https:\/\/www.europesays.com\/no\/wp-content\/uploads\/2026\/01\/1768456153_998_ba2dbb3d-1913-45f9-9b0d-1f886c1c2648.jpeg\"  width=\"5492\"\/><\/a>    <\/p>\n","protected":false},"excerpt":{"rendered":"Skatteetaten oppfordrer dem som har f\u00e5tt for h\u00f8y boligverdi til \u00e5 endre skattekortet. Dokumentasjonen kan du vente med.&hellip;\n","protected":false},"author":2,"featured_media":137828,"comment_status":"","ping_status":"","sticky":false,"template":"","format":"standard","meta":{"footnotes":""},"categories":[10],"tags":[15756,20,21,2334,24,25,7396,1734,15,22,23,13,30,28,29,14,16,1166,3166,1289,1316,8948,4505,333,26,27],"class_list":{"0":"post-137827","1":"post","2":"type-post","3":"status-publish","4":"format-standard","5":"has-post-thumbnail","7":"category-norge","8":"tag-boligskatt","9":"tag-breaking-news","10":"tag-breakingnews","11":"tag-eiendomsskatt","12":"tag-featured-news","13":"tag-featurednews","14":"tag-finansdepartementet","15":"tag-formuesskatt","16":"tag-headlines","17":"tag-latest-news","18":"tag-latestnews","19":"tag-news","20":"tag-no","21":"tag-norge","22":"tag-norway","23":"tag-nyheter","24":"tag-overskrifter","25":"tag-pensjonister","26":"tag-regjeringen","27":"tag-skatt","28":"tag-skatteetaten","29":"tag-skattekort","30":"tag-skattepolitikk","31":"tag-stortinget","32":"tag-top-stories","33":"tag-topstories"},"share_on_mastodon":{"url":"https:\/\/pubeurope.com\/@no\/115897549996785942","error":""},"_links":{"self":[{"href":"https:\/\/www.europesays.com\/no\/wp-json\/wp\/v2\/posts\/137827","targetHints":{"allow":["GET"]}}],"collection":[{"href":"https:\/\/www.europesays.com\/no\/wp-json\/wp\/v2\/posts"}],"about":[{"href":"https:\/\/www.europesays.com\/no\/wp-json\/wp\/v2\/types\/post"}],"author":[{"embeddable":true,"href":"https:\/\/www.europesays.com\/no\/wp-json\/wp\/v2\/users\/2"}],"replies":[{"embeddable":true,"href":"https:\/\/www.europesays.com\/no\/wp-json\/wp\/v2\/comments?post=137827"}],"version-history":[{"count":0,"href":"https:\/\/www.europesays.com\/no\/wp-json\/wp\/v2\/posts\/137827\/revisions"}],"wp:featuredmedia":[{"embeddable":true,"href":"https:\/\/www.europesays.com\/no\/wp-json\/wp\/v2\/media\/137828"}],"wp:attachment":[{"href":"https:\/\/www.europesays.com\/no\/wp-json\/wp\/v2\/media?parent=137827"}],"wp:term":[{"taxonomy":"category","embeddable":true,"href":"https:\/\/www.europesays.com\/no\/wp-json\/wp\/v2\/categories?post=137827"},{"taxonomy":"post_tag","embeddable":true,"href":"https:\/\/www.europesays.com\/no\/wp-json\/wp\/v2\/tags?post=137827"}],"curies":[{"name":"wp","href":"https:\/\/api.w.org\/{rel}","templated":true}]}}