{"id":137829,"date":"2026-01-15T05:50:10","date_gmt":"2026-01-15T05:50:10","guid":{"rendered":"https:\/\/www.europesays.com\/no\/137829\/"},"modified":"2026-01-15T05:50:10","modified_gmt":"2026-01-15T05:50:10","slug":"landslagsstjerne-simen-lyse-tok-et-brutalt-valg","status":"publish","type":"post","link":"https:\/\/www.europesays.com\/no\/137829\/","title":{"rendered":"Landslagsstjerne Simen Lyse tok et brutalt valg:"},"content":{"rendered":"<p class=\"bold m-bold\" data-lab-font_weight=\"bold\">\u2013\u00a0Det er t\u00f8ft \u00e5 st\u00e5 her n\u00e5.\u00a0<\/p>\n<p>Det forteller en noe lettet, men preget, Simen Lyse.<\/p>\n<p>Nyheten om at han <a href=\"https:\/\/www.tv2.no\/sport\/forlater-kolstad-na\/18459446\/\" target=\"_blank\" rel=\"nofollow noopener\">forlater Kolstad <\/a>har akkurat blitt offentliggjort n\u00e5r TV 2 snakker med ham onsdag ettermiddag.\u00a0<\/p>\n<p>\u2013 Det jeg h\u00e5pet p\u00e5 var \u00e5 v\u00e6re i Kolstad og avslutte en relativt lang karriere der p\u00e5 en ordentlig m\u00e5te. Men n\u00e5, etter alt som har skjedd, s\u00e5 var det for mye risiko, sier Norge-stjernen.<\/p>\n<p>        <img class=\"image__img lazyload\" itemprop=\"image\" title=\"Foto: Stian Lysberg Solum \/ NTB\" alt=\"KLAR: Simen Lyse og de norske h\u00e5ndballgutta trente i Nadderud Arena dagen f\u00f8r \u00e5pningskampen i EM. Foto: Stian Lysberg Solum \/ NTB\" width=\"675\" height=\"480\" bad-src=\"https:\/\/www.europesays.com\/no\/wp-content\/uploads\/2026\/01\/18463871.webp.jpeg\" fetchpriority=\"auto\" \/><\/p>\n<p>      KLAR: Simen Lyse og de norske h\u00e5ndballgutta trente i Nadderud Arena dagen f\u00f8r \u00e5pningskampen i EM.<br \/>\n         Foto: Stian Lysberg Solum \/ NTB<\/p>\n<p>\u00d8nsket avklaring f\u00f8r EM<\/p>\n<p> Opprinnelig skulle 25-\u00e5ringen v\u00e6rt i Trondheim frem til sommeren f\u00f8r han dro videre til PSG. <\/p>\n<p>Men i h\u00f8st ble det kjent at Kolstad st\u00e5r i en <a href=\"https:\/\/www.tv2.no\/sport\/ny-dyster-kolstad-beskjed\/18382875\/\" target=\"_blank\" rel=\"nofollow noopener\">ny, alvorlig \u00f8konomisk krise.<\/a> Flere spillere, deriblant Lyse, har blitt bedt om \u00e5 ta et l\u00f8nnskutt.\u00a0<\/p>\n<p> \u2013 Det er ikke s\u00e5nn det skal v\u00e6re. Det er ikke en situasjon man har satt seg selv i, men n\u00e5r det blir s\u00e5nn s\u00e5 m\u00e5 man handle deretter, medgir Lyse.<\/p>\n<p>        <img class=\"image__img lazyload\" itemprop=\"image\" title=\"Foto: Christoffer Andersen \/ NTB\" alt=\"SISTE KAMP: Cupfinalen i romjulen mot Runar i fjor ble Simen Lyses siste kamp som Kolstad-spiller. Foto: Christoffer Andersen \/ NTB\" width=\"978\" height=\"656\" bad-src=\"https:\/\/www.europesays.com\/no\/wp-content\/uploads\/2026\/01\/18459474.webp.jpeg\" fetchpriority=\"auto\" \/><\/p>\n<p>      SISTE KAMP: Cupfinalen i romjulen mot Runar i fjor ble Simen Lyses siste kamp som Kolstad-spiller.<br \/>\n         Foto: Christoffer Andersen \/ NTB<\/p>\n<p>Etter travle dager og m\u00f8tevirksomhet med sine n\u00e6rmeste, ble det bestemt at landslagsstjernen drar til Paris rett etter EM. <\/p>\n<p>\u2013 For min del var det viktig \u00e5 f\u00e5 gjort unna dette valget f\u00f8r mesterskapet startet og at jeg ikke stod midt i kampkj\u00f8ret med mange andre tanker. For det har v\u00e6rt en del netter der man ligger og tenker mye p\u00e5 hva man skal gj\u00f8re, erkjenner Lyse.<\/p>\n<p> \u2013 Det har v\u00e6rt t\u00f8ft \u00e5 prestere de siste m\u00e5nedene. Det er det ingen tvil om. <\/p>\n<p> Siden Kolstad startet storsatsingen sin h\u00f8sten 2022 har Lyse hatt en ekstrem utvikling.\u00a0<\/p>\n<p>\u2013 Jeg har veldig mye fint \u00e5 si om Kolstad. Det er de som har f\u00e5tt meg dit jeg er i dag. De har gjort en del feil, men det er ikke noe jeg kommer til \u00e5 kommentere p\u00e5.\u00a0Jeg er utrolig glad i alle i Kolstad og de betyr utrolig mye for meg.<\/p>\n<p>        <img class=\"image__img lazyload\" itemprop=\"image\" title=\"Foto: Ole Martin Wold \/ NTB\" alt=\"TAKKNEMLIG: Simen Lyse takker Kolstad for utviklingen han har hatt som h\u00e5ndballspiller. Foto: Ole Martin Wold \/ NTB\" width=\"675\" height=\"500\" bad-src=\"https:\/\/www.europesays.com\/no\/wp-content\/uploads\/2026\/01\/17759427.webp.jpeg\" fetchpriority=\"auto\" \/><\/p>\n<p>      TAKKNEMLIG: Simen Lyse takker Kolstad for utviklingen han har hatt som h\u00e5ndballspiller.<br \/>\n         Foto: Ole Martin Wold \/ NTB<\/p>\n<p>F\u00e5r st\u00f8tte fra Sagosen<\/p>\n<p>Lyse har brukt sine n\u00e6rmeste til \u00e5 diskutere veien videre.\u00a0<\/p>\n<p>Der har samboeren Mari Brands\u00f8 v\u00e6rt en viktig st\u00f8ttespiller.\u00a0<\/p>\n<p>        <img class=\"image__img lazyload\" itemprop=\"image\" title=\"Foto: Per-Atle Karlsen \/ TV 2\" alt=\"FORELDRE: Simen Lyse og samboeren Mari Brands\u00f8 ble foreldre for f\u00f8rste gang i mai i fjor. Foto: Per-Atle Karlsen \/ TV 2\" width=\"675\" height=\"473\" bad-src=\"https:\/\/www.europesays.com\/no\/wp-content\/uploads\/2026\/01\/18463873.webp.jpeg\" fetchpriority=\"auto\" \/><\/p>\n<p>      FORELDRE: Simen Lyse og samboeren Mari Brands\u00f8 ble foreldre for f\u00f8rste gang i mai i fjor.<br \/>\n         Foto: Per-Atle Karlsen \/ TV 2<\/p>\n<p>\u2013 Jeg og min familie f\u00f8lte at det var rett \u00e5 dra tidligere. Dessverre kan man si. Det er et veldig t\u00f8ft valg og jeg kommer til \u00e5 savne alle p\u00e5 laget.<\/p>\n<p>Sammen med s\u00f8nnen Luka flytter familien til Paris kun dager etter at mesterskapet er over.\u00a0<\/p>\n<p> \u2013 Familien skal med, s\u00e5 det er jeg veldig glad for. De har st\u00f8ttet meg mye og respekterer valget jeg har gjort. Jeg har jo ikke tatt valget alene, men snakket mye med min partner. Vi f\u00f8lte at det var rett.\u00a0<\/p>\n<p>Lyse er den femte\u00a0landslagsspilleren p\u00e5 bakspillerposisjonen som forlater Trondheim etter at storsatsingen startet. <\/p>\n<p>Blant dem er Sander Sagosen.\u00a0<\/p>\n<p>        <img class=\"image__img lazyload\" itemprop=\"image\" title=\"Foto: Frederik Ringnes \/ NTB\" alt=\"KOLLEGAER: Sander Sagosen og Simen Lyse spilte sammen i Kolstad. N\u00e5 har begge forlatt klubben. Foto: Frederik Ringnes \/ NTB\" width=\"675\" height=\"507\" bad-src=\"https:\/\/www.europesays.com\/no\/wp-content\/uploads\/2026\/01\/18463875.webp.jpeg\" fetchpriority=\"auto\" \/><\/p>\n<p>      KOLLEGAER: Sander Sagosen og Simen Lyse spilte sammen i Kolstad. N\u00e5 har begge forlatt klubben.<br \/>\n         Foto: Frederik Ringnes \/ NTB<\/p>\n<p>Landslagskollegaen og den tidligere Kolstad-spilleren f\u00f8ler med Lyse.\u00a0<\/p>\n<p>\u2013 Man pr\u00f8ver \u00e5 legge det fra seg i kamp og trening, men det vil alltid fylle hodet p\u00e5 en eller annen m\u00e5te. Det suger energi, forteller Sagosen.\u00a0<\/p>\n<p>\u2013 Det er tungt for klubb og spiller \u00e5 st\u00e5 i en s\u00e5nn situasjon. Jeg er glad jeg ikke st\u00e5r i det selv. N\u00e5 er ikke Simen ung og fri lenger \u2013 han har Mari og en s\u00f8nn. Det er noen som skal v\u00e6re med p\u00e5 lasset og det er en t\u00f8ff beslutning, men det er viktig \u00e5 tenke p\u00e5 seg selv, legger han til.\u00a0<\/p>\n<p>Torsdag kveld EM-\u00e5pner Lyse og Norge mot Ukraina p\u00e5 hjemmebane.\u00a0<\/p>\n<p>        <img class=\"image__img lazyload\" itemprop=\"image\" title=\"Foto: Stian Lysberg Solum \/ NTB\" alt=\"EM: Simen Lyse og de norske h\u00e5ndballgutta m\u00f8ter Ukraina torsdag kveld. Foto: Stian Lysberg Solum \/ NTB\" width=\"675\" height=\"486\" bad-src=\"https:\/\/www.europesays.com\/no\/wp-content\/uploads\/2026\/01\/18463877.webp.jpeg\" fetchpriority=\"auto\" \/><\/p>\n<p>      EM: Simen Lyse og de norske h\u00e5ndballgutta m\u00f8ter Ukraina torsdag kveld.<br \/>\n         Foto: Stian Lysberg Solum \/ NTB<\/p>\n<p>Bakspilleren \u00f8nsker n\u00e5 \u00e5 ha fullt fokus p\u00e5 mesterskapet og er glad for at klubbfremtiden er l\u00f8st.\u00a0<\/p>\n<p>\u2013 Det har nok ikke g\u00e5tt opp for meg helt enda, for n\u00e5 er jeg p\u00e5 samling og skal prestere under et mesterskap. Men jeg tror jeg kommer til \u00e5 kjenne p\u00e5 det n\u00e5r vi skal reise til Paris. Og der skal vi forh\u00e5pentligvis v\u00e6re de neste \u00e5rene, sier Lyse.\u00a0<\/p>\n","protected":false},"excerpt":{"rendered":"\u2013\u00a0Det er t\u00f8ft \u00e5 st\u00e5 her n\u00e5.\u00a0 Det forteller en noe lettet, men preget, Simen Lyse. Nyheten om&hellip;\n","protected":false},"author":2,"featured_media":137830,"comment_status":"","ping_status":"","sticky":false,"template":"","format":"standard","meta":{"footnotes":""},"categories":[5],"tags":[20,21,24,25,15,19,22,23,17,18,13,30,28,29,14,16,26,27],"class_list":{"0":"post-137829","1":"post","2":"type-post","3":"status-publish","4":"format-standard","5":"has-post-thumbnail","7":"category-overskrifter","8":"tag-breaking-news","9":"tag-breakingnews","10":"tag-featured-news","11":"tag-featurednews","12":"tag-headlines","13":"tag-hovedoppslag","14":"tag-latest-news","15":"tag-latestnews","16":"tag-main-news","17":"tag-mainnews","18":"tag-news","19":"tag-no","20":"tag-norge","21":"tag-norway","22":"tag-nyheter","23":"tag-overskrifter","24":"tag-top-stories","25":"tag-topstories"},"share_on_mastodon":{"url":"https:\/\/pubeurope.com\/@no\/115897553558114687","error":""},"_links":{"self":[{"href":"https:\/\/www.europesays.com\/no\/wp-json\/wp\/v2\/posts\/137829","targetHints":{"allow":["GET"]}}],"collection":[{"href":"https:\/\/www.europesays.com\/no\/wp-json\/wp\/v2\/posts"}],"about":[{"href":"https:\/\/www.europesays.com\/no\/wp-json\/wp\/v2\/types\/post"}],"author":[{"embeddable":true,"href":"https:\/\/www.europesays.com\/no\/wp-json\/wp\/v2\/users\/2"}],"replies":[{"embeddable":true,"href":"https:\/\/www.europesays.com\/no\/wp-json\/wp\/v2\/comments?post=137829"}],"version-history":[{"count":0,"href":"https:\/\/www.europesays.com\/no\/wp-json\/wp\/v2\/posts\/137829\/revisions"}],"wp:featuredmedia":[{"embeddable":true,"href":"https:\/\/www.europesays.com\/no\/wp-json\/wp\/v2\/media\/137830"}],"wp:attachment":[{"href":"https:\/\/www.europesays.com\/no\/wp-json\/wp\/v2\/media?parent=137829"}],"wp:term":[{"taxonomy":"category","embeddable":true,"href":"https:\/\/www.europesays.com\/no\/wp-json\/wp\/v2\/categories?post=137829"},{"taxonomy":"post_tag","embeddable":true,"href":"https:\/\/www.europesays.com\/no\/wp-json\/wp\/v2\/tags?post=137829"}],"curies":[{"name":"wp","href":"https:\/\/api.w.org\/{rel}","templated":true}]}}