{"id":137833,"date":"2026-01-15T05:57:06","date_gmt":"2026-01-15T05:57:06","guid":{"rendered":"https:\/\/www.europesays.com\/no\/137833\/"},"modified":"2026-01-15T05:57:06","modified_gmt":"2026-01-15T05:57:06","slug":"barn-fra-konservative-kristne-hjem-vokser-opp-med-f-nrk-norge-oversikt-over-nyheter-fra-ulike-deler-av-landet","status":"publish","type":"post","link":"https:\/\/www.europesays.com\/no\/137833\/","title":{"rendered":"Barn fra konservative kristne hjem vokser opp med f \u2013 NRK Norge \u2013 Oversikt over nyheter fra ulike deler av landet"},"content":{"rendered":"<p>Hvordan er det for barn \u00e5 vokse opp i strenge kristne milj\u00f8er, ofte kalt lukkede trossamfunn? Hvordan er hverdagen og familielivet for disse barna? Og er m\u00e5ten de vokser opp p\u00e5, i strid med barns rettigheter?<\/p>\n<p>Disse sp\u00f8rsm\u00e5lene var sentrale da forskerne Anja Bredal og Ingrid Smette ved NOVA p\u00e5 Oslo Met startet arbeidet. NOVA st\u00e5r for Norsk instiutt for forskning om oppvekst, velferd og aldring.<\/p>\n<p>Dette er den f\u00f8rste studien i sitt slag i Norge.<\/p>\n<p>Forskerne har intervjuet 28 voksne personer, de fleste mellom 20 og 35 \u00e5r. Trossamfunnene de har vokst opp i har en bokstavtro tolkning av Bibelen og andre religi\u00f8se skrifter. De forkynner konservative familie- og kj\u00f8nnsidealer. De som er intervjuet har enten forlatt menighetene, eller er p\u00e5 vei ut. <\/p>\n<p>Mange av disse hadde positive minner fra tidlig barndom, og fra familien sin, men hadde i \u00f8kende grad opplevd at det ble for vanskelig \u00e5 leve etter menighetens regler, sier Bredal. <\/p>\n<p>\u2013 De har vokst opp i trossamfunn som mener at de er de eneste som har forst\u00e5tt hva som er \u00ab\u00e5 leve rett\u00bb. Dette handler om \u00e5 leve etter Guds vilje, og at hele hensikten med livet her er \u00e5 oppn\u00e5 frelse og komme til Gud. Foreldres rolle er \u00e5 s\u00f8rge for at barna lever rett, sier Anja Bredal til NRK.<\/p>\n<p>Studien er laget p\u00e5 oppdrag fra Barne-, ungdoms- og familiedirektoratet (Bufdir). Bakgrunnen er en bekymring for barn og unges oppvekstvilk\u00e5r i disse milj\u00f8ene, skriver forskerne. <\/p>\n<p>Et liv styrt av menigheten<\/p>\n<p>For disse barna er familien og menigheten nesten det samme. Troen styrer mye av det som skjer hjemme, og mye av fritiden g\u00e5r med til aktiviteter i menigheten. Det er vanskelig \u00e5 skille mellom familieliv og menighetsliv, g\u00e5r det fram av rapporten.<\/p>\n<p><img decoding=\"async\"   src=\"data:image\/gif;base64,R0lGODlhAQABAIAAAAAAAP\/\/\/yH5BAEAAAAALAAAAAABAAEAAAIBRAA7\" loading=\"eager\" alt=\"En person st\u00e5r i en kald utend\u00f8rs setting med sn\u00f8 i bakgrunnen. Vedkommende har p\u00e5 seg en tykk, gr\u00e5 skjerf og en brun frakk. Omgivelsene er preget av vinterlandskap med sn\u00f8dekte busker. Lyset er dempet, noe som gir en stille og rolig atmosf\u00e6re.\" title=\"Foto: Lars Thomas Nordby \/ NRK\"\/><\/p>\n<p class=\"\">Anja Bredal, forsker ved NOVA. <\/p>\n<p>Foto: Lars Thomas Nordby \/ NRK<\/p>\n<p>Verden er delt i to, skriver de<strong>.<\/strong> Barna l\u00e6rer at det er et skarpt skille mellom \u00aboss\u00bb (som er innenfor og trygge) og \u00abdem\u00bb (resten av verden som er syndig og farlig). Dette gj\u00f8r at barna ofte f\u00f8ler seg annerledes og ensomme i offentlig skole, if\u00f8lge forskerne.<\/p>\n<p>De fikk ikke v\u00e6re like mye sammen med andre barn, forteller de intervjuede. De l\u00e6rte \u00e5 tenke at verden utenfor er negativ. M\u00e5let med oppdragelsen var at barna skulle bli v\u00e6rende i menigheten og bli frelst, heller enn \u00e5 bli selvstendige voksne som tok egne valg.<\/p>\n<p>Bredal forteller at de som er intervjuet i studien sier det onde ofte var til stede i barndommen, som en fare, ofte i form av Satan.<\/p>\n<p>\u2013 Det kan variere hva man kaller det, men etter hvert f\u00e5r barna innl\u00e6rt en forestilling om det onde. De fleste har nok kjent p\u00e5 at det er noe skummelt og farlig som man risikerer, ogs\u00e5 tidlig i barndommen.<\/p>\n<p>\u2013 P\u00e5 hvilken m\u00e5te kan dette verdensbildet v\u00e6re skadelig?<\/p>\n<p>\u2013 Det er en psykisk belastning \u00e5 leve med frykt for \u00e5 gj\u00f8re noe feil som f\u00e5r fatale konsekvenser, ikke bare for deg selv, men ogs\u00e5 for de du er glad i. Det kan v\u00e6re vondt \u00e5 leve med frykten for at venner p\u00e5 skolen, som tilh\u00f8rer verden utenfor, skal komme til helvete hvis du ikke klarer \u00e5 omvende dem. Barna f\u00e5r restriksjoner p\u00e5 hvem de f\u00e5r lov til \u00e5 bli venner med og hva de f\u00e5r v\u00e6re med p\u00e5, noe som kan f\u00f8re til at de blir ensomme, f\u00f8ler seg annerledes eller blir mobbet, sier Bredal.<\/p>\n<p>Navnet p\u00e5 rapporten er \u00abEn segregert barndom\u00bb Det er en barndom der du er holdt adskilt fra andre, forklarer Bredal.<\/p>\n<p>\u2013 Dels handler det om \u00e5 ikke omg\u00e5s personer utenfor, for eksempel gutter som faller ut av fotballaget fordi de ikke kan spille kamp p\u00e5 s\u00f8ndag. Men det handler ogs\u00e5 om at menighetene har et veldig gjennomorganisert aktivitetstilbud som gj\u00f8r at barnas tid i stor grad er beslaglagt, forklarer Bredal. Selv om mange hadde gode minner fra slike aktiviteter, var de kritiske til den sterke kontrollen av tiden deres.  <\/p>\n<p><a href=\"http:\/\/\u2013 Hvorfor skal religionsfrihet trumfe alle andre rettigheter?\" rel=\"nofollow\">Les ogs\u00e5: \u2013 Hvorfor skal religionsfrihet trumfe alle andre rettigheter? <\/a><\/p>\n<p>Risiko for at barns rettigheter brytes<\/p>\n<p>Forskerne mener det er stor fare for at disse barna ikke f\u00e5r oppfylt rettighetene sine p\u00e5 to omr\u00e5der.<\/p>\n<ul>\n<li>Frykten for helvete og utenforskap, samt ensomheten, kan v\u00e6re skadelig for barnas psykiske helse. Dette kan regnes som psykisk vold.<\/li>\n<li>Mangel p\u00e5 frihet: Barna f\u00e5r ikke lov til \u00e5 utvikle sine egne meninger eller tenke fritt, slik norsk lov og Barnekonvensjonen sier at de har rett til.<\/li>\n<\/ul>\n<p>Anja Bredal understreker at de som er intervjuet i sv\u00e6rt liten grad har nevnt fysisk vold som ledd i oppdragelsen. Men n\u00e5r vi snakker om vold i utvidet betydning, som psykisk vold og skade, er det mer aktuelt, sier hun.<\/p>\n<p>\u2013 Det handler om \u00e5 m\u00e5tte fornekte sin egen kropp, f\u00f8le seg ensom og leve med trusselen om helvete, som noen har rent traumatiske minner om.<\/p>\n<p>Studien viser en mangel p\u00e5 frihet som er viktig for barn, sier Bredal.<\/p>\n<p>\u2013 Barns rett til medbestemmelse bygger p\u00e5 at jo eldre barnet blir, jo st\u00f8rre evne skal det f\u00e5 til \u00e5 danne egne synspunkter. Vi er bekymret for en oppvekst der man ikke f\u00e5r lov til \u00e5 l\u00e6re og danne egne synspunkter fordi fasiten allerede er gitt, sier Bredal.<\/p>\n<p>\u2013 Man l\u00e6rer at det \u00e5 kjenne etter egne interesser kan v\u00e6re egoisme i strid med Guds vilje. Hvis valgfrihet kun er \u00e5 velge mellom rett og feil, der det ene valget f\u00f8rer til fortapelse, er det vanskelig \u00e5 se p\u00e5 det som et reelt valg, sier hun.<\/p>\n<p>Forskerne skriver at motsetningen mellom ren og syndig kommer tydelig til uttrykk i sp\u00f8rsm\u00e5l om seksualitet.<\/p>\n<p>\u2013: Det handler ikke bare om at sex f\u00f8r ekteskapet er synd, men i bredere forstand at alt som handler om kroppslige f\u00f8lelser, dr\u00f8mmer og tiltrekning er skittent og farlig. Alle vi har intervjuet har en opplevelse av \u00e5 ha kjent p\u00e5 ting de vet er forbudt og syndig, og som de trodde de var alene om.<\/p>\n<p>\u2013 Hva sier de som er intervjuet om hva dette har gjort med dem?<\/p>\n<p>\u2013 At det har v\u00e6rt vondt \u00e5 kjenne p\u00e5 at det som skjer i kroppen er feil, at man m\u00e5 undertrykke det og ha d\u00e5rlig samvittighet for det. Ganske mange har erfaring med \u00e5 m\u00e5tte g\u00e5 til en religi\u00f8s leder og tilst\u00e5, eller bli spurt ut av mannlige ledere om hva som har skjedd. Man l\u00e6rer generelt at man skal undertrykke egne behov, sier Bredal.<\/p>\n<p>\u2013 Et eksempel er at mange forteller om onani som et sentralt problem. Vi har eksempler p\u00e5 b\u00e5de gutter og jenter som har m\u00e5ttet fortelle til en religi\u00f8s leder i ganske stor detalj at de har onanert, fordi det er syndig og m\u00e5 gj\u00f8res opp for.<\/p>\n<p>\u2013 Hva tenker du dette gj\u00f8r med utviklingen til barn?<\/p>\n<p>\u2013 Vi vet at seksualitet er en grunnleggende og dypt personlig f\u00f8lelse ogs\u00e5 for barn, og her l\u00e6rer man barn \u00e5 ford\u00f8mme sin egen naturlige seksualitet.<\/p>\n<p>\u2013 Jeg var mye redd<\/p>\n<p>NRK har snakket med en mann tidlig i 40-\u00e5rene som har vokst opp i Jehovas vitner. Han \u00f8nsker \u00e5 v\u00e6re anonym, av hensyn til familien sin. Han har lest deler av rapporten, og sier han kjenner seg igjen.<\/p>\n<p><img decoding=\"async\"   src=\"data:image\/gif;base64,R0lGODlhAQABAIAAAAAAAP\/\/\/yH5BAEAAAAALAAAAAABAAEAAAIBRAA7\" loading=\"eager\" alt=\"To personer st\u00e5r i silhuett ved et vindu, der sn\u00f8 dekker bakken utenfor. Utenfor kan man se tr\u00e6r og bygninger, opplyst av kveldslys. En lampe lyser opp rommet inne, og gardinen skaper en myk kontrast til m\u00f8rket. Bildet formidler en rolig, vinterlig atmosf\u00e6re.\" title=\"Foto: Lars Thomas Nordby \/ NRK\"\/><\/p>\n<p class=\"\">Mannen NRK har snakket med sier han kjenner seg igjen i rapporten fra forskerne. <\/p>\n<p>Foto: Lars Thomas Nordby \/ NRK<\/p>\n<p>Han understreker at han har hatt snille foreldre, men sier at det \u00e5 vokse opp i menigheten har gitt han d\u00e5rligere psykisk helse.<\/p>\n<p>\u2013 Jeg var mye redd, og tenkte mye p\u00e5 hva Satan og hans demoner kunne finne p\u00e5 \u00e5 gj\u00f8re. Denne frykten holdt jeg for meg selv, uten \u00e5 snakke med noen. Det er vanskelige tanker for et lite barn \u00e5 h\u00e5ndtere. Dette gjorde meg engstelig og redd, sier mannen i dag.<\/p>\n<p>\u2013 Jeg var ogs\u00e5 redd for \u00e5 gj\u00f8re feil. Jeg ble en selvutslettende gutt som var lydig og gjorde som jeg skulle. I ungdommen var jeg livredd for at jeg kanskje var homofil. Det ville v\u00e6re helt forferdelig. S\u00e5 endte det jo dessverre slik, sier mannen til NRK:<\/p>\n<p>Han ha lest deler av rapporten, og er enig i analysen av funnene.<\/p>\n<p>\u2013 Det skarpe skillet mellom \u00e5 v\u00e6re innenfor eller utenfor, det gode mot det onde som i rapporten heter et dualistisk verdensbilde kjenner jeg meg igjen i. Det var et skarpt skille mellom Jehovas vitner, som skulle overleve Harmageddon og komme inn i paradiset, og de verdslige mennesker som tilh\u00f8rte falsk religion.<\/p>\n<p>\u2013 Siden d\u00e5rlig omgang \u00f8delegger gode vaner, var det viktig \u00e5 begrense kontakten med alle andre som ikke var et Jehovas vitne, sier han.<\/p>\n<p>\u2013 Det var ni \u00e5r med mye skam<\/p>\n<p>Han kjenner seg ogs\u00e5 igjen i rapporten, om det \u00e5 f\u00e5 tenke fritt som barn og ungdom.<\/p>\n<p>\u2013 Vi l\u00e6rte at tvil og kritiske sp\u00f8rsm\u00e5l er en uting: Fokus er p\u00e5 lydighet og at man godtar den bibelske forst\u00e5elsen som er utarbeidet av det styrende r\u00e5d. At akademisk utdannelse er en uting, fordi det tok fokus bort fra Jehova og sannheten.<\/p>\n<p><img decoding=\"async\"   src=\"data:image\/gif;base64,R0lGODlhAQABAIAAAAAAAP\/\/\/yH5BAEAAAAALAAAAAABAAEAAAIBRAA7\" loading=\"eager\" alt=\"Jehovas vitner sitt hovedkvarter i staten New York \" title=\"Foto: Privat\"\/><\/p>\n<p class=\"\">Jehovas vitner sitt hovedkvarter i staten New York<\/p>\n<p>Foto: Privat<\/p>\n<p>Han kaller det en autorit\u00e6r og lydighetsorientert oppdragelse, med religi\u00f8s indoktrinering.<\/p>\n<p>Selv har han fra rundt 14 \u00e5rs alder kjent p\u00e5 homofile f\u00f8lelser. I dag lever han \u00e5pent som homofil. Det har ikke alltid v\u00e6rt lett.<\/p>\n<p>\u2013 \u00c5 leve ut sin homofile legning er en sv\u00e6rt alvorlig synd. Gjennom oppveksten opplevde jeg mye motstand mot homofili. Det var til dels stygge holdninger, og det var ikke uvanlig \u00e5 vise avsky.<\/p>\n<p>Han sier han gikk i ni \u00e5r alene, og pr\u00f8vde \u00e5 holde sin legning skjult.<\/p>\n<p>\u2013 Det var ni \u00e5r med mye skam og vanskelige f\u00f8lelser. Det var egentlig helt forferdelig.<\/p>\n<p>\u2013 Det er barn som g\u00e5r under radaren<\/p>\n<p>Studien er basert s\u00e5kalt kvalitativ metode, ikke p\u00e5 intervjuer med sv\u00e6rt mange mennesker. Bredal mener likevel den gir et godt bilde p\u00e5 situasjonen for barn og unge i disse milj\u00f8ene.<\/p>\n<p>\u2013 Vi kjenner igjen det de unge voksne forteller fra utallige medieoppslag, dokumentarer og b\u00f8ker. Det er sl\u00e5ende mange fellestrekk p\u00e5 tvers av ulike trossamfunn. Jeg tror det er representativt fordi begrunnelsen for oppdragelsen ligger i trosforestillingene, og de er jo der fortsatt, sier Bredal.<\/p>\n<p>\u2013 Er dette barn som g\u00e5r under radaren?<\/p>\n<p>\u2013 Ja, det er barn som g\u00e5r under radaren. Det er mye vanligere \u00e5 problematisere innvandreres barneoppdragelse, og da s\u00e6rlig knyttet til islam.Dette er grupper som regnes som etnisk norske og yre sett velintegrerte; de har jobb og bidrar til samfunnet. En viktig grunn til at de g\u00e5r under radaren er at trosfriheten st\u00e5r sterkt i Norge, og temaet havner lett i debatten om religion og trosfrihet.<\/p>\n<p>\u2013 Risikerer man ikke \u00e5 gripe inn i foreldres religionsfrihet hvis man pr\u00f8ver \u00e5 gj\u00f8re noe med dette?<\/p>\n<p>\u2013 Jo, det gj\u00f8r man, og her er det flere rettigheter som st\u00e5r i motsetning til hverandre. Foreldre har rett til \u00e5 oppdra barna sine som de vil, men ikke uten grenser. Etter norsk lov er foreldreansvaret todelt: man har rett til \u00e5 bestemme over barna, men ogs\u00e5 en plikt til \u00e5 beskytte dem mot skade. Barns rettigheter kan noen ganger komme i konflikt med foreldres, sier Bredal.<\/p>\n<p>Mannen med bakgrunn i Jehovas vitner sier han er glad for at det endelig fokuseres p\u00e5 barns rettigheter i disse lukkede milj\u00f8ene.<\/p>\n<p>\u2013 Frykten for Satan er skadelig for barn. Og barn skal ha rett til b\u00e5de religions- og tankefrihet: Men oppdragelsen innen Jehovas vitner fremmer ofte det motsatte, sier han til NRK.<\/p>\n<p>NRK har v\u00e6rt i kontakt med Jehovas vitner. De mener framstillingen av deres religion er feil. De viser ogs\u00e5 til en dom i lagmannsretten om statstilskudd der det heter at trossamfunnets regler eller praksis ikke utgj\u00f8r psykisk vold og negativ sosial kontroll eller krenker barns rettigheter. De sier l\u00e6ren deres legger vekt p\u00e5 kj\u00e6rlighet, ikke p\u00e5 frykt eller skam i oppdragelsen. De skriver at de legger vekt p\u00e5 at den enkelte skal ha selvbestemmelse og kunne ta egne,frivillige valg om tro og livsstil.<\/p>\n<p>Staten har anket dommen fra Lagmannsretten inn for H\u00f8yesterett.<\/p>\n<p>Les hele svaret til Jehovas vitner <\/p>\n<p><strong>Et liv styrt av menigheten<\/strong><\/p>\n<p>Jehovas vitner tar tilbedelsen av Gud p\u00e5 alvor, men de lever ikke i et isolert milj\u00f8 som er frakoblet det sekul\u00e6re samfunnet. De lever produktive og allsidige liv, p\u00e5 lik linje med sine naboer og samfunnet ellers. De fleste Jehovas vitner tilbringer faktisk bare noen f\u00e5 timer i uken sammen i organiserte religi\u00f8se aktiviteter. For det meste bruker de tiden sin som andre innbyggere i Norge, p\u00e5 jobb eller skole, pendling, med \u00e5 ta vare p\u00e5 familie og hjem, og p\u00e5 ulike hobbyer, underholdning og idrettsaktiviteter. Dette har gjentatte ganger blitt bekreftet av anerkjente forskere og omfattende akademiske studier verden over. For eksempel fant en sosiologisk studie av 1 025 Jehovas vitner at de har \u00abet h\u00f8yt niv\u00e5 av sosial integrasjon.\u00bb Nylig kom en sosiologisk studie fra 2025 med et utvalg p\u00e5 rundt 7 200 Jehovas vitner til lignende konklusjoner.<\/p>\n<p><strong>Risiko for at barns rettigheter brytes<\/strong> <strong>(p\u00e5stand om \u00abpsykologisk vold\u00bb)<\/strong><\/p>\n<p>Lignende p\u00e5stander har blitt avvist av Den europeiske menneskerettighetsdomstolen og ble ogs\u00e5 enstemmig avvist av Borgarting lagmannsrett i mars 2025.<\/p>\n<p>Professor Jean Zermatten, tidligere leder for FNs barnekomit\u00e9, uttalte i sin faglige vurdering av vedtaket fra Statsforvalteren i Oslo og Viken: \u00abDet foreligger ingen klare bevis for noen umiddelbar fare for psykisk vold eller negativ kontroll i denne gruppen. Uten solid dokumentasjon p\u00e5 at disse ungdommene er utsatt, fremst\u00e5r avgj\u00f8relsen som overdrevet og un\u00f8dvendig, og bidrar til \u00e5 stigmatisere et trossamfunn p\u00e5 urettferdig vis \u2013 uten saklig grunnlag.\u00bb<\/p>\n<p>Retten kom til en konklusjon som samsvarer med flere internasjonale akademiske studier. Disse viser at Jehovas vitner \u00abviser stor respekt for livet og menneskets verdighet\u00bb bidrar p\u00e5 mange forskjellige m\u00e5ter til veksten, samholdet og velferden i samfunnet\u00bb og at deres l\u00e6re er \u00abkjennetegnet av stor valgfrihet og retten til \u00e5 treffe personlige avgj\u00f8relser.\u00bb<\/p>\n<p><strong>\u00abJeg var mye redd\u00bb<\/strong><\/p>\n<p>Selvsagt er det ikke mulig for oss \u00e5 kommentere en ukjent persons erfaringer.<\/p>\n<p>Jehovas vitner er optimistiske med tanke p\u00e5 framtiden. Som forklart i artikkelen <a href=\"https:\/\/www.jw.org\/no\/bibliotek\/artikkelserier\/flere-emner\/solid-hap-bedre-framtid-bibelens-lofter\/\" target=\"_blank\" ec-id=\"https:\/\/www.jw.org\/no\/bibliotek\/artikkelserier\/flere-emner\/solid-hap-bedre-framtid-bibelens-lofter\/\" ec-name=\"Et solid h\u00e5p om en bedre framtid \u2013 hva Bibelen sier om framtiden\" rel=\"nofollow noopener\">Et solid h\u00e5p om en bedre framtid \u2013 hva Bibelen sier om framtiden<\/a> tror vi at \u00abBibelens solide h\u00e5p for framtiden [kan] hjelpe oss til \u00e5 beholde fotfestet n\u00e5r det stormer i livet v\u00e5rt. H\u00e5pet v\u00e5rt kan hjelpe oss til \u00e5 bevare v\u00e5r f\u00f8lelsesmessige og mentale balanse og kan til og med v\u00e6re bra for oss fysisk sett.\u00bb<\/p>\n<p>Det positive synet p\u00e5 framtiden som Jehovas vitner har, er ogs\u00e5 bekreftet av en rekke faglige studier internasjonalt.<\/p>\n<p>Jehovas vitner legger stor vekt p\u00e5 familielivet og p\u00e5 \u00e5 gi barna sine en kj\u00e6rlig og omsorgsfull oppvekst. De har derfor utgitt flere publikasjoner som oppmuntrer foreldre til \u00e5 vise kj\u00e6rlighet, forst\u00e5else og omtanke i oppdragelsen. Deres l\u00e6re hjelper familier med \u00e5 anvende Bibelens prinsipper p\u00e5 en positiv og alderstilpasset m\u00e5te, og legger vekt p\u00e5 kj\u00e6rlighet, fred og h\u00e5p, ikke p\u00e5 frykt eller skam.<\/p>\n<p><strong>\u201cDet var ni \u00e5r med mye skam\u00bb<\/strong><\/p>\n<p>Foreldre oppmuntres til \u00e5 resonnere med barna sine og hjelpe dem til \u00e5 bli modne, ansvarlige voksne som kan ta gode beslutninger p\u00e5 egen h\u00e5nd, og til \u00e5 behandle alle med respekt uavhengig av seksuell orientering.<\/p>\n<p>De l\u00e6rer ogs\u00e5 barna at det er helt normalt med tvil, og de oppmuntrer dem til \u00e5 stille sp\u00f8rsm\u00e5l om tro og gj\u00f8re egne unders\u00f8kelser. N\u00e5r de blir modne, bestemmer barna selv om de vil slutte seg til foreldrenes tro og leve etter Bibelens moralske standarder.<\/p>\n<p><strong>\u00abDette er barn som g\u00e5r under radaren\u00bb<\/strong><\/p>\n<p>Jehovas vitner er et samfunn som setter sikkerheten og velv\u00e6ret til v\u00e5re barn sv\u00e6rt h\u00f8yt. V\u00e5r religi\u00f8se praksis styres av en dyp respekt for personlig autonomi og beslutningstaking. Hvert medlem av trossamfunnet v\u00e5rt oppfordres til \u00e5 ta informerte og frivillige valg om sin tro og livsstil. Denne respekten for individuelle valg er en hj\u00f8rnestein i v\u00e5r tro og gjenspeiles i m\u00e5ten vi behandler andre p\u00e5 og hvordan vi oppdrar v\u00e5re barn.<\/p>\n<p>N\u00e5r barna blir modne, bestemmer de selv om de vil slutte seg til foreldrenes tro. Foreldre som er Jehovas vitner, opprettholder kj\u00e6rlige b\u00e5nd ogs\u00e5 n\u00e5r et barn velger \u00e5 ikke bli et vitne.<\/p>\n<p>Publisert<\/p>\n<p>15.01.2026, kl. 06.31<\/p>\n","protected":false},"excerpt":{"rendered":"Hvordan er det for barn \u00e5 vokse opp i strenge kristne milj\u00f8er, ofte kalt lukkede trossamfunn? Hvordan er&hellip;\n","protected":false},"author":2,"featured_media":137834,"comment_status":"","ping_status":"","sticky":false,"template":"","format":"standard","meta":{"footnotes":""},"categories":[5],"tags":[20,21,24,25,15,19,22,23,17,18,13,30,28,29,14,16,26,27],"class_list":{"0":"post-137833","1":"post","2":"type-post","3":"status-publish","4":"format-standard","5":"has-post-thumbnail","7":"category-overskrifter","8":"tag-breaking-news","9":"tag-breakingnews","10":"tag-featured-news","11":"tag-featurednews","12":"tag-headlines","13":"tag-hovedoppslag","14":"tag-latest-news","15":"tag-latestnews","16":"tag-main-news","17":"tag-mainnews","18":"tag-news","19":"tag-no","20":"tag-norge","21":"tag-norway","22":"tag-nyheter","23":"tag-overskrifter","24":"tag-top-stories","25":"tag-topstories"},"share_on_mastodon":{"url":"https:\/\/pubeurope.com\/@no\/115897581077380387","error":""},"_links":{"self":[{"href":"https:\/\/www.europesays.com\/no\/wp-json\/wp\/v2\/posts\/137833","targetHints":{"allow":["GET"]}}],"collection":[{"href":"https:\/\/www.europesays.com\/no\/wp-json\/wp\/v2\/posts"}],"about":[{"href":"https:\/\/www.europesays.com\/no\/wp-json\/wp\/v2\/types\/post"}],"author":[{"embeddable":true,"href":"https:\/\/www.europesays.com\/no\/wp-json\/wp\/v2\/users\/2"}],"replies":[{"embeddable":true,"href":"https:\/\/www.europesays.com\/no\/wp-json\/wp\/v2\/comments?post=137833"}],"version-history":[{"count":0,"href":"https:\/\/www.europesays.com\/no\/wp-json\/wp\/v2\/posts\/137833\/revisions"}],"wp:featuredmedia":[{"embeddable":true,"href":"https:\/\/www.europesays.com\/no\/wp-json\/wp\/v2\/media\/137834"}],"wp:attachment":[{"href":"https:\/\/www.europesays.com\/no\/wp-json\/wp\/v2\/media?parent=137833"}],"wp:term":[{"taxonomy":"category","embeddable":true,"href":"https:\/\/www.europesays.com\/no\/wp-json\/wp\/v2\/categories?post=137833"},{"taxonomy":"post_tag","embeddable":true,"href":"https:\/\/www.europesays.com\/no\/wp-json\/wp\/v2\/tags?post=137833"}],"curies":[{"name":"wp","href":"https:\/\/api.w.org\/{rel}","templated":true}]}}