{"id":137835,"date":"2026-01-15T06:02:15","date_gmt":"2026-01-15T06:02:15","guid":{"rendered":"https:\/\/www.europesays.com\/no\/137835\/"},"modified":"2026-01-15T06:02:15","modified_gmt":"2026-01-15T06:02:15","slug":"kara-tointon-fjernet-begge-brystene-kommer-med-oppdatering","status":"publish","type":"post","link":"https:\/\/www.europesays.com\/no\/137835\/","title":{"rendered":"Kara Tointon fjernet begge brystene: Kommer med oppdatering"},"content":{"rendered":"<p>    Kort fortalt<\/p>\n<ul lang=\"nb-NO\">\n<li>Den danske utenriksministeren Lars L\u00f8kke Rasmussen og Gr\u00f8nlands utenriksminister Vivian Motzfeldt m\u00f8tte onsdag USAs visepresident J.D. Vance og utenriksminister Marco Rubio for \u00e5 diskutere Gr\u00f8nland.<\/li>\n<li>President Trump \u00f8nsker at USA skal overta Gr\u00f8nland av hensyn til nasjonal sikkerhet, men m\u00f8ter liten st\u00f8tte b\u00e5de hjemme og internasjonalt.<\/li>\n<li>En meningsm\u00e5ling viser at kun 9 prosent av amerikanerne st\u00f8tter milit\u00e6r overtakelse av Gr\u00f8nland, mens 37 prosent foretrekker \u00f8konomiske midler.<\/li>\n<li>Eksperter mener b\u00e5de at amerikanere flest ikke bryr seg om Gr\u00f8nland, og at Trumps planer kan skade NATO-alliansen.<\/li>\n<\/ul>\n<p class=\"italic ai-disclaimer\" data-lab-italic=\"italic\">Sammendraget er laget av ChatGPT og godkjent av Dagbladet.<\/p>\n<p>      Vis mer<br \/>\n      Vis mindre<\/p>\n<p>NEW YORK (Dagbladet): Onsdag bes\u00f8kte den danske utenriksministeren, Lars L\u00f8kke Rasmussen og Gr\u00f8nlands utenriksminister, Vivian Motzfeldt, USAs visepresident, J.D. Vance, og utenriksminister Marco Rubio for \u00e5 diskutere Gr\u00f8nland.\u00a0<\/p>\n<p>        \u00abSTORT PROBLEM\u00bb: &#8211; Vi velger kongeriket Danmark, sa Gr\u00f8nlands regjeringssjef Jens-Frederik Nielsen, p\u00e5 en felles pressekonferanse med Mette Frederiksen tirsdag. Budskapet ble ikke godt mottatt av Donald Trump. Reporter: Jostein Sletten \/ Dagbladet<\/p>\n<p>Trump hevder selv at USA\u00a0\u00abm\u00e5 ha\u00bb verdens st\u00f8rste \u00f8y av hensyn til nasjonal sikkerhet, men ser ikke ut til \u00e5 ha stor st\u00f8tte.\u00a0<\/p>\n<p class=\"font-weight-bold m-font-weight-bold\" data-lab-font_weight=\"font-weight-bold\">&#8211; Dette er \u00e9n av f\u00e5 politiske saker som ser ut til \u00e5 komme utelukkende fra presidenten. Mange andre ting Trump gj\u00f8r, som \u00e5 stanse ulovlig innvandring og skattekutt for rike amerikanere, har betydelig st\u00f8tte. Jeg har ikke h\u00f8rt ideen om \u00e5 ta Gr\u00f8nland fra noen annen politiker, og som ofte ellers med Trump, er begrunnelsen hans veldig tynn, sier Jeremy Paul, jusprofessor og tidligere dekan ved Northeastern University School of Law,\u00a0til Dagbladet etter m\u00f8tet.\u00a0<\/p>\n<p>    <a itemprop=\"url\" href=\"https:\/\/www.dagbladet.no\/nyheter\/et-mislykket-mote\/84100298\" rel=\"nofollow noopener\" target=\"_blank\"><\/p>\n<p>        <img loading=\"lazy\" decoding=\"async\" src=\"https:\/\/www.europesays.com\/no\/wp-content\/uploads\/2026\/01\/84100317.webp.webp\" width=\"980\" height=\"441\" title=\"- Et mislykket m\u00f8te\" alt=\"\" class=\"lazyload\" style=\"--aspect-ratio-image: 2.22; \"\/><\/p>\n<p>        &#8211; Et mislykket m\u00f8te<\/p>\n<p>    <\/a><\/p>\n<p>R\u00f8ykepause  <\/p>\n<p>S\u00e5 fort Rasmussen og Motzfeldt kom ut fra m\u00f8tet, tente de hver sin sigarett, som n\u00e6rmest for \u00e5 understreke hvor nerv\u00f8s stemningen var.\u00a0<\/p>\n<p>&#8211; Vi er enige om \u00e5 v\u00e6re uenige. Selv om v\u00e5rt syn p\u00e5 situasjonen rundt Gr\u00f8nland akkurat n\u00e5 er ulik de offentlige uttalelsene fra USA, deler vi bekymringen p\u00e5 lang sikt, sier Rasmussen p\u00e5 en pressekonferanse.<\/p>\n<p>Partene har n\u00e5 blitt enige om \u00e5 sette en arbeidsgruppe for \u00e5 diskutere situasjonen videre.\u00a0<\/p>\n<p>        <img loading=\"lazy\" decoding=\"async\" src=\"https:\/\/www.europesays.com\/no\/wp-content\/uploads\/2026\/01\/84100041.webp.webp\" width=\"980\" height=\"559\" title=\"I USA: Danmarks utenriksminister, Lars L\u00f8kke Rasmussen, og Gr\u00f8nlands utenriksminister, Vivian Motzfeldt, m\u00f8tte onsdag USAs visepresident J.D. Vance og utenriksminister Marco Rubio i Washington D.C. for \u00e5 diskutere Gr\u00f8nlands framtid. Foto: AP Photo\/John McDonnell\" alt=\"\" class=\"\" style=\"--aspect-ratio-image: 1.75; \"\/><\/p>\n<p>\n        I USA: Danmarks utenriksminister, Lars L\u00f8kke Rasmussen, og Gr\u00f8nlands utenriksminister, Vivian Motzfeldt, m\u00f8tte onsdag USAs visepresident J.D. Vance og utenriksminister Marco Rubio i Washington D.C. for \u00e5 diskutere Gr\u00f8nlands framtid. Foto: AP Photo\/John McDonnell\n    <\/p>\n<p>Trump ser imidlertid ut til \u00e5 ha lite st\u00f8tte for prosjektet p\u00e5 hjemmebane. Republikanske senatorer som Mitch McConnell og Susan Collins har g\u00e5tt hardt ut offentlig ut mot planene om \u00e5 overta Gr\u00f8nland. En av de f\u00e5 som har v\u00e6rt sv\u00e6rt positive til Trumps id\u00e9 er den republikanske kongressrepresentanten Randy Fine. Han leverte nylig et lovforslag som skal gi Trump mandat til \u00e5 annektere Gr\u00f8nland. Det har s\u00e6rdeles sm\u00e5 sjanser til \u00e5 bli vedtatt.<\/p>\n<p>    <a itemprop=\"url\" href=\"https:\/\/www.dagbladet.no\/nyheter\/ber-trump-ta-gronland\/84090494\" rel=\"nofollow noopener\" target=\"_blank\"><\/p>\n<p>        <img loading=\"lazy\" decoding=\"async\" src=\"https:\/\/www.europesays.com\/no\/wp-content\/uploads\/2026\/01\/1768456931_604_84090504.webp.webp\" width=\"980\" height=\"441\" title=\"Ber Trump ta Gr\u00f8nland\" alt=\"\" class=\"lazyload\" style=\"--aspect-ratio-image: 2.22; \"\/><\/p>\n<p>        Ber Trump ta Gr\u00f8nland<\/p>\n<p>    <\/a><\/p>\n<p class=\"font-weight-bold m-font-weight-bold\" data-lab-font_weight=\"font-weight-bold\">En fersk meningsm\u00e5ling fra\u00a0<a href=\"https:\/\/poll.qu.edu\/poll-release?releaseid=3945\" target=\"_blank\" rel=\"nofollow noopener\">Quinnipiac University<\/a>\u00a0viser ogs\u00e5 at bare ni prosent av amerikanerne st\u00f8tter ideen om \u00e5 bruke milit\u00e6ret til \u00e5 ta Gr\u00f8nland. 37 prosent st\u00f8tter en l\u00f8sning hvor USA overtar Gr\u00f8nland gjennom \u00f8konomiske midler.\u00a0<\/p>\n<p>&#8211; Bryr seg ikke<\/p>\n<p>Ekspertene tror dessuten f\u00e5 amerikanere virkelig tenker noe s\u00e6rlig p\u00e5 Gr\u00f8nland.<\/p>\n<p>&#8211; P\u00e5 de fleste omr\u00e5der har folk en veldig kort oppmerksomhet. Akkurat n\u00e5 er Gr\u00f8nland i nyhetene. Men det er ogs\u00e5 millioner av amerikanere som ikke bryr seg mye om nyhetene. Du kan bruke hele dagen p\u00e5 \u00e5 ramse opp temaer amerikanere bryr seg mer om enn Gr\u00f8nland, sier Paul og fortsetter:\u00a0<\/p>\n<p>    <a itemprop=\"url\" href=\"https:\/\/www.dagbladet.no\/nyheter\/dansk-fotograf-kastet-ut-av-det-hvite-hus\/84099561\" rel=\"nofollow noopener\" target=\"_blank\"><\/p>\n<p>        <img loading=\"lazy\" decoding=\"async\" src=\"https:\/\/www.europesays.com\/no\/wp-content\/uploads\/2026\/01\/1768456932_626_84099590.webp.webp\" width=\"980\" height=\"441\" title=\"Dansk fotograf kastet ut av Det hvite hus\" alt=\"\" class=\"lazyload\" style=\"--aspect-ratio-image: 2.22; \"\/><\/p>\n<p>        Dansk fotograf kastet ut av Det hvite hus<\/p>\n<p>    <\/a><\/p>\n<p class=\"font-weight-bold m-font-weight-bold\" data-lab-font_weight=\"font-weight-bold\">&#8211; Han kan f\u00e5 folk til \u00e5 f\u00f8lge med p\u00e5 Gr\u00f8nland n\u00e5r han snakker om det, men han kan ikke virkelig f\u00e5 folk til \u00e5 bry seg om det. Hva kommer til \u00e5 forandre seg i vanlige folks liv dersom vi har Gr\u00f8nland? Svaret er: Ikke s\u00e5 mye. Derfor bryr ikke folk seg.<\/p>\n<p>Han f\u00e5r st\u00f8tte fra\u00a0professor i nasjonal sikkerhet og internasjonal politikk ved University of New Haven, Matthew Schmidt.<\/p>\n<p>        <img loading=\"lazy\" decoding=\"async\" src=\"https:\/\/www.europesays.com\/no\/wp-content\/uploads\/2026\/01\/84100542.webp.webp\" width=\"980\" height=\"559\" title=\"PROFESSOR: Matthew Schmidt ved University of New Haven.\" alt=\"\" class=\"\" style=\"--aspect-ratio-image: 1.75; \"\/><\/p>\n<p>\n        PROFESSOR: Matthew Schmidt ved University of New Haven.\n    <\/p>\n<p>&#8211; Forvirret<\/p>\n<p>&#8211; Gr\u00f8nland er ganske langt ned p\u00e5 lista over det amerikanere bryr seg om. N\u00e5r du ser p\u00e5 hva som oftest er viktigst i amerikanske valg, er det nesten alltid innenriks\u00f8konomien, sier Schmidt til Dagbladet.<\/p>\n<p class=\"font-weight-normal m-font-weight-normal\" data-lab-font_weight=\"font-weight-normal\">Han p\u00e5peker hvordan amerikanere flest ser ut til \u00e5 v\u00e6re mest opptatt av priser og inflasjon for \u00f8yeblikket.\u00a0<\/p>\n<p class=\"font-weight-bold m-font-weight-bold\" data-lab-font_weight=\"font-weight-bold\">&#8211; Gr\u00f8nland er rett og slett ikke p\u00e5 radaren. Fordelen ved \u00e5 v\u00e6re et kontinentalt land med en stor innenriks\u00f8konomi, er at du ikke trenger \u00e5 bry deg om resten av verden p\u00e5 samme m\u00e5te som resten av verden m\u00e5 bry seg om deg, forklarer Schmidt.<\/p>\n<p>    <a itemprop=\"url\" href=\"https:\/\/www.dagbladet.no\/nyheter\/ingen-kan-forutse-hva-som-skjer\/84099346\" rel=\"nofollow noopener\" target=\"_blank\"><\/p>\n<p>        <img loading=\"lazy\" decoding=\"async\" src=\"https:\/\/www.europesays.com\/no\/wp-content\/uploads\/2026\/01\/84099371.webp.webp\" width=\"980\" height=\"441\" title=\"- Ingen kan forutse hva som skjer\" alt=\"\" class=\"lazyload\" style=\"--aspect-ratio-image: 2.22; \"\/><\/p>\n<p>        &#8211; Ingen kan forutse hva som skjer<\/p>\n<p>    <\/a><\/p>\n<p>&#8211; Jeg tror de fleste amerikanere enten er forvirret eller synes det er en d\u00e5rlig id\u00e9 \u00e5 ta Gr\u00f8nland. De fleste vet ingenting om Gr\u00f8nland, og jeg tror ikke de skj\u00f8nner hvorfor USA vil ha det. N\u00e5r det snakkes i geopolitiske termer, tror jeg dessuten det g\u00e5r over hodet p\u00e5 de fleste, sier professor i statsvitenskap ved Rutgers University, Ross Baker, til Dagbladet.\u00a0<\/p>\n<p>Kan ende med slutten<\/p>\n<p>Professor Paul tror ogs\u00e5 milit\u00e6r intervensjon p\u00e5 Gr\u00f8nland kan v\u00e6re et steg for langt selv for en del lojale tilhengere.<\/p>\n<p>&#8211; Selv blant Republikanerne i Senatet tror jeg ikke det er noen som mener vi b\u00f8r gj\u00f8re dette. Dette er ikke en republikansk agenda. Det er en Trump-agenda.<\/p>\n<p>Paul p\u00e5peker dessuten hvordan dette kan ende med slutten p\u00e5 Nato dersom Trump bestemmer seg for \u00e5 g\u00e5 inn og ta Gr\u00f8nland.<\/p>\n<p>        <img loading=\"lazy\" decoding=\"async\" src=\"https:\/\/www.europesays.com\/no\/wp-content\/uploads\/2026\/01\/84100544.webp.webp\" width=\"980\" height=\"559\" title=\"KOMMENTERER: Jusprofessor og tidligere dekan ved Northeastern University School of Law, Jeremy R. Paul. Foto: Northeastern University\" alt=\"\" class=\"\" style=\"--aspect-ratio-image: 1.75; \"\/><\/p>\n<p>\n        KOMMENTERER: Jusprofessor og tidligere dekan ved Northeastern University School of Law, Jeremy R. Paul. Foto: Northeastern University\n    <\/p>\n<p class=\"no_italic m-no_italic font-weight-bold m-font-weight-bold\" data-lab-italic=\"\" data-lab-font_weight=\"font-weight-bold\">&#8211; Det ville \u00f8delegge Nato. Jeg kan ikke se hvordan Nato kunne overleve noe s\u00e5nt, sier Paul.<\/p>\n<p class=\"italic m-italic\" data-lab-italic=\"italic\">&#8211; Tror du til syvende og sist at Nato vil overleve Trump-administrasjonen?<\/p>\n<p>&#8211; Jeg tror Nato vil overleve denne administrasjonen. Men jeg tror ikke alliansen kan overleve enda en administrasjon med liknende politisk perspektiv.<\/p>\n<p>Schmidt mener det som skjer allerede har f\u00e5tt langvarig skade.<\/p>\n<p>&#8211; Det er en virkelig mulighet for at europeiske allierte m\u00e5 ta innover seg at de ikke kan stole p\u00e5 USA. Den skaden er vanskelig \u00e5 reparere, sier professoren.\u00a0<\/p>\n<p>&#8211; F\u00e5r se<\/p>\n<p>Baker er enig. Han tror ogs\u00e5 det blir vanskelig \u00e5 forestille seg et Nato i framtida dersom danske soldater motsetter seg et milit\u00e6rt angrep fra USA.\u00a0<\/p>\n<p>&#8211; Det vil v\u00e6re et Nato-land mot et annet Nato-land. Da forsvinner hele logikken bak Nato, sier professoren.<\/p>\n<p>F\u00e5 timer etter m\u00f8tet mellom danskene, Vance og Rubio, uttalte ogs\u00e5 Trump seg om Gr\u00f8nland p\u00e5 nytt.<\/p>\n<p class=\"font-weight-bold m-font-weight-bold\" data-lab-font_weight=\"font-weight-bold\">&#8211; Vi trenger det. Vi f\u00e5r se hva som skjer, sier USAs president p\u00e5 en pressekonferanse.<\/p>\n","protected":false},"excerpt":{"rendered":"Kort fortalt Den danske utenriksministeren Lars L\u00f8kke Rasmussen og Gr\u00f8nlands utenriksminister Vivian Motzfeldt m\u00f8tte onsdag USAs visepresident J.D.&hellip;\n","protected":false},"author":2,"featured_media":137836,"comment_status":"","ping_status":"","sticky":false,"template":"","format":"standard","meta":{"footnotes":""},"categories":[12],"tags":[20,21,24,25,15,15757,479,22,23,13,30,28,29,14,16,26,27,42,43,44,45],"class_list":{"0":"post-137835","1":"post","2":"type-post","3":"status-publish","4":"format-standard","5":"has-post-thumbnail","7":"category-verden","8":"tag-breaking-news","9":"tag-breakingnews","10":"tag-featured-news","11":"tag-featurednews","12":"tag-headlines","13":"tag-kara-tointon","14":"tag-kjendis","15":"tag-latest-news","16":"tag-latestnews","17":"tag-news","18":"tag-no","19":"tag-norge","20":"tag-norway","21":"tag-nyheter","22":"tag-overskrifter","23":"tag-top-stories","24":"tag-topstories","25":"tag-verden","26":"tag-world","27":"tag-world-news","28":"tag-worldnews"},"share_on_mastodon":{"url":"https:\/\/pubeurope.com\/@no\/115897600790975141","error":""},"_links":{"self":[{"href":"https:\/\/www.europesays.com\/no\/wp-json\/wp\/v2\/posts\/137835","targetHints":{"allow":["GET"]}}],"collection":[{"href":"https:\/\/www.europesays.com\/no\/wp-json\/wp\/v2\/posts"}],"about":[{"href":"https:\/\/www.europesays.com\/no\/wp-json\/wp\/v2\/types\/post"}],"author":[{"embeddable":true,"href":"https:\/\/www.europesays.com\/no\/wp-json\/wp\/v2\/users\/2"}],"replies":[{"embeddable":true,"href":"https:\/\/www.europesays.com\/no\/wp-json\/wp\/v2\/comments?post=137835"}],"version-history":[{"count":0,"href":"https:\/\/www.europesays.com\/no\/wp-json\/wp\/v2\/posts\/137835\/revisions"}],"wp:featuredmedia":[{"embeddable":true,"href":"https:\/\/www.europesays.com\/no\/wp-json\/wp\/v2\/media\/137836"}],"wp:attachment":[{"href":"https:\/\/www.europesays.com\/no\/wp-json\/wp\/v2\/media?parent=137835"}],"wp:term":[{"taxonomy":"category","embeddable":true,"href":"https:\/\/www.europesays.com\/no\/wp-json\/wp\/v2\/categories?post=137835"},{"taxonomy":"post_tag","embeddable":true,"href":"https:\/\/www.europesays.com\/no\/wp-json\/wp\/v2\/tags?post=137835"}],"curies":[{"name":"wp","href":"https:\/\/api.w.org\/{rel}","templated":true}]}}