{"id":137837,"date":"2026-01-15T06:04:07","date_gmt":"2026-01-15T06:04:07","guid":{"rendered":"https:\/\/www.europesays.com\/no\/137837\/"},"modified":"2026-01-15T06:04:07","modified_gmt":"2026-01-15T06:04:07","slug":"full-overtenning-i-trebygg-i-ullensvang-fleire-personar-evakuerte-nrk-vestland","status":"publish","type":"post","link":"https:\/\/www.europesays.com\/no\/137837\/","title":{"rendered":"Full overtenning i trebygg i Ullensvang \u2013 fleire personar evakuerte \u2013 NRK Vestland"},"content":{"rendered":"<p>Fire personar og ein hund er evakuerte fr\u00e5 tre hus i samband med brannen i eit trebygg i Ullensvang.<\/p>\n<p>Dei evakuerte bur i n\u00e6rleiken av staden der det brenn.<\/p>\n<p>Det er eit sagbruk eller verkstadbygg som brenn.<\/p>\n<p>Naudetatane fekk melding om hendinga klokka 01.13 i natt. Brannmannskap fr\u00e5 Odda og R\u00f8ldal rykte ut.<\/p>\n<p>Heile bygget var d\u00e5 overtent.<\/p>\n<p>\u2013 Heile bygget \u00f8ydelagt<\/p>\n<p>Det var ikkje meldt om spreiingsfare.<\/p>\n<p>Det er om lag 15 meter til nabobygget.<\/p>\n<p>\u2013 Det brenn godt i bygget, store flammar og mykje r\u00f8yk, melde politiet f\u00f8rst.<\/p>\n<p><strong>Like etter 05.30 brenn det framleis godt i bygget, men at dei har kontroll, opplyser 110 Vest til NRK. <\/strong><\/p>\n<p>\u2013 Heile bygget er \u00f8ydelagt i brannen, seier B\u00f8rre Brekkvassmo i 110 Vest.<\/p>\n<p>Han fortel at det er mykje ved lagra i bygget, noko som gjer til at det brenn framleis.<\/p>\n<p>\u2013 Vi har brukt gravemaskiner til \u00e5 fjerne veggar i bygget slik at vi kjem til all veden som brenn, fortel han.<\/p>\n<p>Oppdaga eksplosiv \u2013 m\u00e5tte evakuere<\/p>\n<p>Det blei ogs\u00e5 oppdaga at det var lagra svartkrut i bygget. Sidan dette er eksplosiv, blei det bestemt at personar i omr\u00e5det rundt m\u00e5tte evakuerast.<\/p>\n<p><img decoding=\"async\"   src=\"data:image\/gif;base64,R0lGODlhAQABAIAAAAAAAP\/\/\/yH5BAEAAAAALAAAAAABAAEAAAIBRAA7\" loading=\"eager\" alt=\"En bygning i brann\" title=\"Foto: Sigbj\u00f8rn S. Kleppe \/ Brannvesenet Ullensvang\"\/><\/p>\n<p>Foto: Sigbj\u00f8rn S. Kleppe \/ Brannvesenet Ullensvang<\/p>\n<p>\u2013 Vi hadde ikkje kontroll p\u00e5 kor det var lagra. Sidan svartkrut kan brenne opp av seg sj\u00f8lv av ingenting, bestemte vi oss for \u00e5 ta ekstra forholdsreglar og evakuere folk, seier Brekkvassmo.<\/p>\n<p>Knut Dahl-Michelsen, operasjonsleiar i Vest politidistrikt, seier svartkruten blei ein \u00abliten x-faktor i brannen\u00bb, men at dei har kontroll.<\/p>\n<p>\u2013 Det er ikkje noko eksplosjonsfare, seier han.<\/p>\n<p>Det er ukjent n\u00e5r dei evakuerte f\u00e5r flytte heim.<\/p>\n<p><strong>Klokka 05.13 skriv politiet at bygget er s\u00e5 \u00e5 seie heilt nedbrent og at det no g\u00e5r f\u00f8re seg sl\u00f8kking.<\/strong><\/p>\n<p>\u2013 Ein del hus i omr\u00e5det er straumlause som f\u00f8lge av brannen, opplyser Dahl-Michelsen i politiet.<\/p>\n<p>Brann\u00e5rsaka er ukjent.<\/p>\n<p>Publisert<\/p>\n<p>15.01.2026, kl. 05.49<\/p>\n<p>Oppdatert<\/p>\n<p>15.01.2026, kl. 06.42<\/p>\n","protected":false},"excerpt":{"rendered":"Fire personar og ein hund er evakuerte fr\u00e5 tre hus i samband med brannen i eit trebygg i&hellip;\n","protected":false},"author":2,"featured_media":137838,"comment_status":"","ping_status":"","sticky":false,"template":"","format":"standard","meta":{"footnotes":""},"categories":[5],"tags":[20,21,24,25,15,19,22,23,17,18,13,30,28,29,14,16,26,27],"class_list":{"0":"post-137837","1":"post","2":"type-post","3":"status-publish","4":"format-standard","5":"has-post-thumbnail","7":"category-overskrifter","8":"tag-breaking-news","9":"tag-breakingnews","10":"tag-featured-news","11":"tag-featurednews","12":"tag-headlines","13":"tag-hovedoppslag","14":"tag-latest-news","15":"tag-latestnews","16":"tag-main-news","17":"tag-mainnews","18":"tag-news","19":"tag-no","20":"tag-norge","21":"tag-norway","22":"tag-nyheter","23":"tag-overskrifter","24":"tag-top-stories","25":"tag-topstories"},"share_on_mastodon":{"url":"https:\/\/pubeurope.com\/@no\/115897608708018229","error":""},"_links":{"self":[{"href":"https:\/\/www.europesays.com\/no\/wp-json\/wp\/v2\/posts\/137837","targetHints":{"allow":["GET"]}}],"collection":[{"href":"https:\/\/www.europesays.com\/no\/wp-json\/wp\/v2\/posts"}],"about":[{"href":"https:\/\/www.europesays.com\/no\/wp-json\/wp\/v2\/types\/post"}],"author":[{"embeddable":true,"href":"https:\/\/www.europesays.com\/no\/wp-json\/wp\/v2\/users\/2"}],"replies":[{"embeddable":true,"href":"https:\/\/www.europesays.com\/no\/wp-json\/wp\/v2\/comments?post=137837"}],"version-history":[{"count":0,"href":"https:\/\/www.europesays.com\/no\/wp-json\/wp\/v2\/posts\/137837\/revisions"}],"wp:featuredmedia":[{"embeddable":true,"href":"https:\/\/www.europesays.com\/no\/wp-json\/wp\/v2\/media\/137838"}],"wp:attachment":[{"href":"https:\/\/www.europesays.com\/no\/wp-json\/wp\/v2\/media?parent=137837"}],"wp:term":[{"taxonomy":"category","embeddable":true,"href":"https:\/\/www.europesays.com\/no\/wp-json\/wp\/v2\/categories?post=137837"},{"taxonomy":"post_tag","embeddable":true,"href":"https:\/\/www.europesays.com\/no\/wp-json\/wp\/v2\/tags?post=137837"}],"curies":[{"name":"wp","href":"https:\/\/api.w.org\/{rel}","templated":true}]}}