{"id":137841,"date":"2026-01-15T06:09:08","date_gmt":"2026-01-15T06:09:08","guid":{"rendered":"https:\/\/www.europesays.com\/no\/137841\/"},"modified":"2026-01-15T06:09:08","modified_gmt":"2026-01-15T06:09:08","slug":"usa-setter-visumbehandling-pa-vent-for-75-land","status":"publish","type":"post","link":"https:\/\/www.europesays.com\/no\/137841\/","title":{"rendered":"USA setter visumbehandling p\u00e5 vent for 75 land"},"content":{"rendered":"<p>    USAs utenriksdepartement varsler midlertidig stans i behandling av innvandringsvisum for s\u00f8kere fra 75 land.<\/p>\n<p>\n        Colombia, der dette bildet ble tatt utenfor USAs ambassade under en visumpause i fjor, er ett av landene som omfattes av den midlertidige stansen i behandling av innvandringsvisum til USA. Arkivfoto: Fernando Vergara \/ AP \/ NTB<br \/>\n        NTB\n    <\/p>\n<p>Pausen er en del av Trump-administrasjonens hardere linje i innvandringspolitikken og starter 21. januar. Den omfatter blant annet Brasil, Colombia og Uruguay, land p\u00e5 Balkan som Bosnia-Hercegovina og en rekke land i Afrika og Asia, inkludert Pakistan og Bangladesh.<\/p>\n<p>\u2013 Behandlingen av innvandringsvisum fra disse landene blir satt p\u00e5 vent mens vi revurderer behandlingsprosessen for innvandring for \u00e5 hindre at utlendinger som vil motta sosialhjelp og offentlige velferdsgoder, kommer inn, sier talsperson Tommy Piggott i utenriksdepartementet.<\/p>\n<p>Han sier departement vil bruke sin myndighet til \u00e5 avvise s\u00f8kere som vil ligge USA til last og \u00abutnytte det amerikanske folkets sjener\u00f8sitet\u00bb.<\/p>\n<p>Beslutningen p\u00e5virker ikke bes\u00f8ksvisum, som har f\u00e5tt ekstra oppmerksomhet i forbindelse med at USA er vertsland for fotball-VM senere i \u00e5r og OL i 2028. <\/p>\n","protected":false},"excerpt":{"rendered":"USAs utenriksdepartement varsler midlertidig stans i behandling av innvandringsvisum for s\u00f8kere fra 75 land. Colombia, der dette bildet&hellip;\n","protected":false},"author":2,"featured_media":137842,"comment_status":"","ping_status":"","sticky":false,"template":"","format":"standard","meta":{"footnotes":""},"categories":[12],"tags":[20,21,24,25,15,22,23,13,30,28,29,14,16,26,27,42,43,44,45],"class_list":{"0":"post-137841","1":"post","2":"type-post","3":"status-publish","4":"format-standard","5":"has-post-thumbnail","7":"category-verden","8":"tag-breaking-news","9":"tag-breakingnews","10":"tag-featured-news","11":"tag-featurednews","12":"tag-headlines","13":"tag-latest-news","14":"tag-latestnews","15":"tag-news","16":"tag-no","17":"tag-norge","18":"tag-norway","19":"tag-nyheter","20":"tag-overskrifter","21":"tag-top-stories","22":"tag-topstories","23":"tag-verden","24":"tag-world","25":"tag-world-news","26":"tag-worldnews"},"share_on_mastodon":{"url":"https:\/\/pubeurope.com\/@no\/115897628265741321","error":""},"_links":{"self":[{"href":"https:\/\/www.europesays.com\/no\/wp-json\/wp\/v2\/posts\/137841","targetHints":{"allow":["GET"]}}],"collection":[{"href":"https:\/\/www.europesays.com\/no\/wp-json\/wp\/v2\/posts"}],"about":[{"href":"https:\/\/www.europesays.com\/no\/wp-json\/wp\/v2\/types\/post"}],"author":[{"embeddable":true,"href":"https:\/\/www.europesays.com\/no\/wp-json\/wp\/v2\/users\/2"}],"replies":[{"embeddable":true,"href":"https:\/\/www.europesays.com\/no\/wp-json\/wp\/v2\/comments?post=137841"}],"version-history":[{"count":0,"href":"https:\/\/www.europesays.com\/no\/wp-json\/wp\/v2\/posts\/137841\/revisions"}],"wp:featuredmedia":[{"embeddable":true,"href":"https:\/\/www.europesays.com\/no\/wp-json\/wp\/v2\/media\/137842"}],"wp:attachment":[{"href":"https:\/\/www.europesays.com\/no\/wp-json\/wp\/v2\/media?parent=137841"}],"wp:term":[{"taxonomy":"category","embeddable":true,"href":"https:\/\/www.europesays.com\/no\/wp-json\/wp\/v2\/categories?post=137841"},{"taxonomy":"post_tag","embeddable":true,"href":"https:\/\/www.europesays.com\/no\/wp-json\/wp\/v2\/tags?post=137841"}],"curies":[{"name":"wp","href":"https:\/\/api.w.org\/{rel}","templated":true}]}}