{"id":137843,"date":"2026-01-15T06:12:10","date_gmt":"2026-01-15T06:12:10","guid":{"rendered":"https:\/\/www.europesays.com\/no\/137843\/"},"modified":"2026-01-15T06:12:10","modified_gmt":"2026-01-15T06:12:10","slug":"trekker-seg-fra-vokteren-foler-meg-som-en-sviker","status":"publish","type":"post","link":"https:\/\/www.europesays.com\/no\/137843\/","title":{"rendered":"Trekker seg fra \u00abVokteren\u00bb: &#8211; F\u00f8ler meg som en sviker"},"content":{"rendered":"<p class=\"italic m-italic\" data-lab-italic=\"italic\"> NB! Artikkelen r\u00f8per hvem som velger \u00e5 trekke seg i torsdagens \u00abVokteren\u00bb. Ikke les videre om du ikke \u00f8nsker \u00e5 bli \u00abspoilet\u00bb. <\/p>\n<p>Deltakerne har kastet seg ut i fjell, regn og beinhardt<br \/>\nterreng, med \u00e9n million kroner som venter p\u00e5 toppen av Kol\u00e5stinden<br \/>\n(1432 meter over havet), kjent som \u00abkongen av Sunnm\u00f8rsalpene\u00bb.<\/p>\n<p> Men f\u00f8r de rekker \u00e5 komme seg videre, innser \u00e9n av deltakerne i torsdagens episode at det ikke g\u00e5r lenger. <\/p>\n<p>        <img class=\"image__img lazyload\" itemprop=\"image\" title=\"Foto: Haakon Lundkvist.\" alt=\"LAG: I torsdagens episode av \u00abVokteren\u00bb ble deltakerne delt inn lag ut ifra hvilket dyr de fikk utdelt. Foto: Haakon Lundkvist.\" width=\"978\" height=\"551\" bad-src=\"https:\/\/www.europesays.com\/no\/wp-content\/uploads\/2026\/01\/18461748.webp.jpeg\" fetchpriority=\"auto\" \/><\/p>\n<p>      LAG: I torsdagens episode av \u00abVokteren\u00bb ble deltakerne delt inn lag ut ifra hvilket dyr de fikk utdelt.<br \/>\n         Foto: Haakon Lundkvist.<\/p>\n<p class=\"bold m-bold\" data-lab-font_weight=\"bold\">For modell og tidligere Miss Universe, Mona Grudt (54), blir smertene rett og slett for store og veien mot m\u00e5let for lang.<\/p>\n<p>Hard avgj\u00f8relse<\/p>\n<p>\u2013 Jeg kjenner det er vondt for hvert skritt jeg tar, sier Grudt<br \/>\ni episoden.<\/p>\n<p>Det hele skjer idet deltakerne skal videre oppover bratt terreng, og 54-\u00e5ringen ser p\u00e5 bakken foran seg.<\/p>\n<p>\u2013 Jeg s\u00e5 at det kom til<br \/>\n\u00e5 bli en t\u00f8ff dag, og jeg m\u00e5 v\u00e6re realistisk.<\/p>\n<p>        <img class=\"image__img lazyload\" itemprop=\"image\" title=\"Foto: Haakon Lundkvist\" alt=\"SMERTER: Modell og tidligere Miss Universe Mona Grudt m\u00e5tte bruke stav for \u00e5 komme seg rundt i terrenget p\u00e5 \u00abVokteren\u00bb. Foto: Haakon Lundkvist\" width=\"675\" height=\"453\" bad-src=\"https:\/\/www.europesays.com\/no\/wp-content\/uploads\/2026\/01\/18462089.webp.jpeg\" fetchpriority=\"auto\" \/><\/p>\n<p>      SMERTER: Modell og tidligere Miss Universe Mona Grudt m\u00e5tte bruke stav for \u00e5 komme seg rundt i terrenget p\u00e5 \u00abVokteren\u00bb.<br \/>\n         Foto: Haakon Lundkvist<\/p>\n<p> Avgj\u00f8relsen sitter langt inne. Mona Grudt har nemlig ikke v\u00e6rt med p\u00e5 mye reality f\u00f8r, og dette er ikke et program hun har lyst til \u00e5 gi slipp p\u00e5. <\/p>\n<p>\u2013 Det er vanskelig \u00e5 kaste inn h\u00e5ndkleet, sier hun i<br \/>\nepisoden, f\u00f8r hun legger til:<\/p>\n<p class=\"bold m-bold\" data-lab-font_weight=\"bold\">\u2013 Jeg f\u00f8ler meg som en sviker.<\/p>\n<p>Skadet f\u00f8r innspilling<\/p>\n<p>Kneet \u00f8dela alt for 54-\u00e5ringen og\u00a0til slutt var det ingen vei utenom:<\/p>\n<p>\u2013 N\u00e5r kroppen sier stopp, og jeg har pushet det jeg kan, s\u00e5<br \/>\nm\u00e5 man v\u00e6re litt realistisk, sier hun.<\/p>\n<p class=\"bold m-bold\" data-lab-font_weight=\"bold\">Til TV 2 forteller Grudt at skaden egentlig startet allerede<br \/>\nf\u00f8r hun dro p\u00e5 innspillingen.<\/p>\n<p>\u2013 Den senebetennelsen hadde satt seg, dessverre. Og det gj\u00f8r at<br \/>\ndet blir vanskelig \u00e5 komme seg frem i s\u00e5nn ulendt terreng, sier<br \/>\nhun.<\/p>\n<p>        <img class=\"image__img lazyload\" itemprop=\"image\" title=\"Foto: Sveinung Kyte \/ TV 2\" alt=\"SKUFFET: Mona Grudt hadde gledet seg stort til \u00e5 v\u00e6re med p\u00e5 \u00abVokteren\u00bb. Foto: Sveinung Kyte \/ TV 2\" width=\"675\" height=\"446\" bad-src=\"https:\/\/www.europesays.com\/no\/wp-content\/uploads\/2026\/01\/18462162.webp.jpeg\" fetchpriority=\"auto\" \/><\/p>\n<p>      SKUFFET: Mona Grudt hadde gledet seg stort til \u00e5 v\u00e6re med p\u00e5 \u00abVokteren\u00bb.<br \/>\n         Foto: Sveinung Kyte \/ TV 2<\/p>\n<p>Hun peker spesielt p\u00e5 \u00e9n del av \u00abVokteren\u00bb-hverdagen som var<br \/>\nbrutalt med et betent kne.<\/p>\n<p>\u2013\u00a0Det verste er egentlig n\u00e5r du har sekken p\u00e5 og du skal g\u00e5<br \/>\ni nedoverbakke, sier hun, og beskriver det hele slik:<\/p>\n<p>\u2013 Det var noe forbaska dritt. <\/p>\n<p data-lab-font_weight=\"\">Men den endelige avgj\u00f8relsen ble tatt av en lege.<\/p>\n<p data-lab-font_weight=\"\">\u2013 Jeg fikk beskjed om at her m\u00e5 jeg avslutte, sier Grudt.<\/p>\n<p>Den tidligere Miss Universe-vinneren var i 2007 med p\u00e5 \u00abSkal vi danse\u00bb, som hun snakker varmt om. \u00abVokteren\u00bb var ogs\u00e5 et program hun hadde gledet seg til \u00e5 v\u00e6re med p\u00e5.\u00a0<\/p>\n<p data-lab-font_weight=\"\">\u2013 Det er utrolig skuffende \u00e5 m\u00e5tte dra. Kjempekjipt!\u00a0Jeg har v\u00e6rt veldig selektiv og takka nei til de fleste TV-konseptene. <\/p>\n<p>        <img class=\"image__img lazyload\" itemprop=\"image\" title=\"Foto: Bj\u00f8rn Sigurds\u00f8n\" alt=\"SKAL VI DANSE: Mona Grudt og dansepartneren Glenn J\u00f8rgen Sandaker. Foto: Bj\u00f8rn Sigurds\u00f8n\" width=\"978\" height=\"551\" bad-src=\"https:\/\/www.europesays.com\/no\/wp-content\/uploads\/2026\/01\/18462195.webp.jpeg\" fetchpriority=\"auto\" \/><\/p>\n<p>      SKAL VI DANSE: Mona Grudt og dansepartneren Glenn J\u00f8rgen Sandaker.<br \/>\n         Foto: Bj\u00f8rn Sigurds\u00f8n<\/p>\n<p data-lab-font_weight=\"\">Hun hadde sett f\u00f8rste sesong av \u00abVokteren\u00bb og bestemt seg for at dette var noe hun ville gj\u00f8re. Og n\u00e5r hun f\u00f8rst sier ja til en fysisk konkurranse, var det langt unna planen \u00e5 gi seg f\u00f8r man har kommet halvveis.<\/p>\n<p>\u2013 Du innstiller deg mentalt p\u00e5 at du skal gj\u00f8re det her, og<br \/>\nkanskje forh\u00e5pentligvis n\u00e5 et stykke ogs\u00e5, sier hun. <\/p>\n<p>Gruet seg til det sosiale<\/p>\n<p>Selv om oppholdet endte tidligere enn hun hadde h\u00e5pet, sitter Mona<br \/>\nigjen med flere gode opplevelser.<\/p>\n<p>Blant annet ble hun overrasket over hvor fint hun fikk det<br \/>\nmed de andre deltakerne.<\/p>\n<p>\u2013 En utrolig fin gjeng. Mange forskjellige personligheter. Virkelig en bra<br \/>\nmiks med folk. <\/p>\n<p>        <img class=\"image__img lazyload\" itemprop=\"image\" title=\"Foto: Haakon Lundkvist\" alt=\"DELTAKERE: Mona Grudt skryter av deltakerne i \u00abVokteren\u00bb sesong to. Foto: Haakon Lundkvist\" width=\"978\" height=\"551\" bad-src=\"https:\/\/www.europesays.com\/no\/wp-content\/uploads\/2026\/01\/18462225.webp.jpeg\" fetchpriority=\"auto\" \/><\/p>\n<p>      DELTAKERE: Mona Grudt skryter av deltakerne i \u00abVokteren\u00bb sesong to.<br \/>\n         Foto: Haakon Lundkvist<\/p>\n<p>Grudt innr\u00f8mmer at det sosiale aspektet var noe hun var<br \/>\nspent p\u00e5, og fryktet litt.<\/p>\n<p>Hun beskriver seg selv som en som ikke n\u00f8dvendigvis sklir<br \/>\nrett inn i store grupper.<\/p>\n<p>\u2013 Jeg er ikke den mest sosiale som er flink til \u00e5 bli kjent<br \/>\nmed alle, sier hun. <\/p>\n","protected":false},"excerpt":{"rendered":"NB! Artikkelen r\u00f8per hvem som velger \u00e5 trekke seg i torsdagens \u00abVokteren\u00bb. Ikke les videre om du ikke&hellip;\n","protected":false},"author":2,"featured_media":137844,"comment_status":"","ping_status":"","sticky":false,"template":"","format":"standard","meta":{"footnotes":""},"categories":[59],"tags":[30,28,29,83,82],"class_list":{"0":"post-137843","1":"post","2":"type-post","3":"status-publish","4":"format-standard","5":"has-post-thumbnail","7":"category-sport","8":"tag-no","9":"tag-norge","10":"tag-norway","11":"tag-sport","12":"tag-sports"},"share_on_mastodon":{"url":"https:\/\/pubeurope.com\/@no\/115897640045111785","error":""},"_links":{"self":[{"href":"https:\/\/www.europesays.com\/no\/wp-json\/wp\/v2\/posts\/137843","targetHints":{"allow":["GET"]}}],"collection":[{"href":"https:\/\/www.europesays.com\/no\/wp-json\/wp\/v2\/posts"}],"about":[{"href":"https:\/\/www.europesays.com\/no\/wp-json\/wp\/v2\/types\/post"}],"author":[{"embeddable":true,"href":"https:\/\/www.europesays.com\/no\/wp-json\/wp\/v2\/users\/2"}],"replies":[{"embeddable":true,"href":"https:\/\/www.europesays.com\/no\/wp-json\/wp\/v2\/comments?post=137843"}],"version-history":[{"count":0,"href":"https:\/\/www.europesays.com\/no\/wp-json\/wp\/v2\/posts\/137843\/revisions"}],"wp:featuredmedia":[{"embeddable":true,"href":"https:\/\/www.europesays.com\/no\/wp-json\/wp\/v2\/media\/137844"}],"wp:attachment":[{"href":"https:\/\/www.europesays.com\/no\/wp-json\/wp\/v2\/media?parent=137843"}],"wp:term":[{"taxonomy":"category","embeddable":true,"href":"https:\/\/www.europesays.com\/no\/wp-json\/wp\/v2\/categories?post=137843"},{"taxonomy":"post_tag","embeddable":true,"href":"https:\/\/www.europesays.com\/no\/wp-json\/wp\/v2\/tags?post=137843"}],"curies":[{"name":"wp","href":"https:\/\/api.w.org\/{rel}","templated":true}]}}