{"id":137845,"date":"2026-01-15T06:16:10","date_gmt":"2026-01-15T06:16:10","guid":{"rendered":"https:\/\/www.europesays.com\/no\/137845\/"},"modified":"2026-01-15T06:16:10","modified_gmt":"2026-01-15T06:16:10","slug":"migrant-skutt-i-benet-av-foderal-agent-i-minneapolis","status":"publish","type":"post","link":"https:\/\/www.europesays.com\/no\/137845\/","title":{"rendered":"Migrant skutt i benet av f\u00f8deral agent i Minneapolis"},"content":{"rendered":"<p> Flere amerikanske medier, deriblant <a href=\"https:\/\/www.nytimes.com\/2026\/01\/14\/us\/minneapolis-federal-agent-shooting-immigration.html\" rel=\"nofollow noopener\" target=\"_blank\">New York Times<\/a> og <a href=\"https:\/\/apnews.com\/article\/immigration-crackdown-minnesota-renee-good-337c778dc7667e765697ea2173220fe1?utm_source=onesignal&amp;utm_medium=push&amp;utm_campaign=2026-01-14-Immigration+crackdown\" rel=\"nofollow noopener\" target=\"_blank\">AP<\/a>, melder at en immigrant fra Venezuela onsdag kveld lokal tid skal ha blitt skutt i benet av en f\u00f8deral agent i Minneapolis i USA.<\/p>\n<p>Talsperson for departementet for innenlands sikkerhet, Tricia McLaughlin, sier i en uttalelse at f\u00f8derale agenter fors\u00f8kte \u00e5 arrestere en mann fra Venezuela som var i landet ulovlig. Hun hevder at mannen flyktet fra agentene, f\u00f8r han senere ble innhentet. Han skal da, if\u00f8lge McLaughlin, v\u00e6rt voldelig mot en f\u00f8deral agent. To personer til skal ogs\u00e5 ha ut\u00f8vd vold mot agenten, som skal ha blitt angrepet med spader.<\/p>\n<p>Bilder fra byen viser blant annet at det skal ha blitt skutt fyrverkeri mot ICE-agentene.<\/p>\n<p>    <a class=\"article__link\" data-ga-active-label=\"\" data-ga-active-label-animation=\"\" href=\"https:\/\/www.tv2.no\/video\/asset\/20321950\" rel=\"nofollow noopener\" target=\"_blank\"><\/p>\n<p>    <img class=\"image__img lazyload\" itemprop=\"image\" title=\"\" alt=\"\" width=\"587\" height=\"300\" bad-src=\"https:\/\/www.europesays.com\/no\/wp-content\/uploads\/2026\/01\/18445429.webp.webp\" fetchpriority=\"auto\" \/><\/p>\n<p>\n            Nye videoer skaper debatt i USA\n        <\/p>\n<p>    <\/a><\/p>\n<p>Hendelsen skjer bare en uke etter at Renee Nicole Good (37) ble skutt og drept av en ICE-agent i samme by.<\/p>\n<p>Sikkerhetsminister Kristi Noem har varslet at hun vil sende ytterligere flere hundre f\u00f8derale agenter for \u00e5 sikre arbeidet til Ice i delstaten Minnesota, der Minneapolis ligger.<\/p>\n<p>        <img class=\"image__img lazyload\" itemprop=\"image\" title=\"Foto: Leah Millis \/ Reuters \/ NTB\" alt=\"Det skal ha v\u00e6rt sammenst\u00f8t mellom demonstranter og politi etter at en mann skal ha blitt skutt i beinet av en f\u00f8deral agent i Minneappolis. Foto: Leah Millis \/ Reuters \/ NTB\" width=\"978\" height=\"551\" bad-src=\"https:\/\/www.europesays.com\/no\/wp-content\/uploads\/2026\/01\/18464540.webp.jpeg\" fetchpriority=\"auto\" \/><\/p>\n<p>      Det skal ha v\u00e6rt sammenst\u00f8t mellom demonstranter og politi etter at en mann skal ha blitt skutt i beinet av en f\u00f8deral agent i Minneappolis.<br \/>\n         Foto: Leah Millis \/ Reuters \/ NTB<\/p>\n","protected":false},"excerpt":{"rendered":"Flere amerikanske medier, deriblant New York Times og AP, melder at en immigrant fra Venezuela onsdag kveld lokal&hellip;\n","protected":false},"author":2,"featured_media":137846,"comment_status":"","ping_status":"","sticky":false,"template":"","format":"standard","meta":{"footnotes":""},"categories":[12],"tags":[20,21,24,25,15,22,23,13,30,28,29,14,16,26,27,42,43,44,45],"class_list":{"0":"post-137845","1":"post","2":"type-post","3":"status-publish","4":"format-standard","5":"has-post-thumbnail","7":"category-verden","8":"tag-breaking-news","9":"tag-breakingnews","10":"tag-featured-news","11":"tag-featurednews","12":"tag-headlines","13":"tag-latest-news","14":"tag-latestnews","15":"tag-news","16":"tag-no","17":"tag-norge","18":"tag-norway","19":"tag-nyheter","20":"tag-overskrifter","21":"tag-top-stories","22":"tag-topstories","23":"tag-verden","24":"tag-world","25":"tag-world-news","26":"tag-worldnews"},"share_on_mastodon":{"url":"https:\/\/pubeurope.com\/@no\/115897655896072775","error":""},"_links":{"self":[{"href":"https:\/\/www.europesays.com\/no\/wp-json\/wp\/v2\/posts\/137845","targetHints":{"allow":["GET"]}}],"collection":[{"href":"https:\/\/www.europesays.com\/no\/wp-json\/wp\/v2\/posts"}],"about":[{"href":"https:\/\/www.europesays.com\/no\/wp-json\/wp\/v2\/types\/post"}],"author":[{"embeddable":true,"href":"https:\/\/www.europesays.com\/no\/wp-json\/wp\/v2\/users\/2"}],"replies":[{"embeddable":true,"href":"https:\/\/www.europesays.com\/no\/wp-json\/wp\/v2\/comments?post=137845"}],"version-history":[{"count":0,"href":"https:\/\/www.europesays.com\/no\/wp-json\/wp\/v2\/posts\/137845\/revisions"}],"wp:featuredmedia":[{"embeddable":true,"href":"https:\/\/www.europesays.com\/no\/wp-json\/wp\/v2\/media\/137846"}],"wp:attachment":[{"href":"https:\/\/www.europesays.com\/no\/wp-json\/wp\/v2\/media?parent=137845"}],"wp:term":[{"taxonomy":"category","embeddable":true,"href":"https:\/\/www.europesays.com\/no\/wp-json\/wp\/v2\/categories?post=137845"},{"taxonomy":"post_tag","embeddable":true,"href":"https:\/\/www.europesays.com\/no\/wp-json\/wp\/v2\/tags?post=137845"}],"curies":[{"name":"wp","href":"https:\/\/api.w.org\/{rel}","templated":true}]}}