{"id":13785,"date":"2025-08-21T04:57:35","date_gmt":"2025-08-21T04:57:35","guid":{"rendered":"https:\/\/www.europesays.com\/no\/13785\/"},"modified":"2025-08-21T04:57:35","modified_gmt":"2025-08-21T04:57:35","slug":"den-amerikanske-staten-varsler-oppkjop-i-intel","status":"publish","type":"post","link":"https:\/\/www.europesays.com\/no\/13785\/","title":{"rendered":"Den amerikanske staten varsler oppkj\u00f8p i Intel"},"content":{"rendered":"<p class=\"txt-ind\">I et intervju med CNBC sier Lutnick at president Donald Trump mener et slikt oppkj\u00f8p vil gi \u00abgod avkastning for amerikanske skattebetalere\u00bb. Han antyder videre at det vil dreie seg om aksjer uten stemmerett. Han gikk ikke inn p\u00e5 hvor stor andel av selskapet staten skal eie, ei heller n\u00e5r det skal skje.<\/p>\n<p class=\"txt-ind\">Amerikanske medier har skrevet at Washington \u00f8nsker seg om lag en ti prosents andel i Intel. Selskapet har slitt med \u00e5 holde tritt med teknologiske skifter de siste \u00e5rene og har nedbemannet i flere omganger. Andelen kan sammenlignes med det Intel ble lovet i subsidier av Trumps forgjenger, Joe Biden.<\/p>\n<p class=\"txt-ind\">De fleste avanserte databrikker lages i Asia, s\u00e6rlig Taiwan, og hvordan USA skal klare \u00e5 styrke sin posisjon, har v\u00e6rt et tema i amerikansk politikk i \u00e5revis.<\/p>\n<p class=\"txt-ind\">Statens pensjonsfond utland (SPU), bedre kjent som oljefondet, eier for \u00f8vrig 1,6 prosent av aksjene i Intel, viser NBIMs <a href=\"https:\/\/www.nbim.no\/no\/investeringene\/investeringsoversikt\/#\/2025\/investments\/equities\" target=\"_blank\" rel=\"noopener nofollow\">oversikt<\/a>.<\/p>\n<p><a class=\"group clear-both w-full !no-underline my-8 sm:my-12 bg-stone-50 dark:bg-brandStone-700 dark:text-brandNeutral-100 flex items-stretch flex-nowrap\" href=\"https:\/\/www.digi.no\/artikler\/palantir-inngar-kontrakt-pa-10-milliarder-dollar-med-det-amerikanske-forsvaret\/561064\" rel=\"nofollow noopener\" target=\"_blank\"><img decoding=\"async\" class=\" object-cover h-full w-full transition-transform duration-700 ease-in-out group-hover:scale-[1.05] will-change-transform\" src=\"https:\/\/www.europesays.com\/no\/wp-content\/uploads\/2025\/08\/1755752255_519_original.jpg\"  alt=\"Data- og KI-selskapet Palantir inng\u00e5r kontrakt med det amerikanske forsvaret verdt 10 milliarder dollar over ti \u00e5r. Selskapet er grunnlagt av Peter Thiel, en av de mest framtredende konservative stemmene i Silicon Valley. Han sitter fortsatt i styret.\" loading=\"lazy\"\/><\/p>\n<p>Les ogs\u00e5:<\/p>\n<p class=\"group-hover:underline text-brandNeutral-900 dark:text-brandNeutral-100 mt-2 text-base sm:text-xl leading-5 sm:leading-6 font-bold\">Palantir inng\u00e5r kjempekontrakt med det amerikanske forsvaret<\/p>\n<p><\/a><\/p>\n","protected":false},"excerpt":{"rendered":"I et intervju med CNBC sier Lutnick at president Donald Trump mener et slikt oppkj\u00f8p vil gi \u00abgod&hellip;\n","protected":false},"author":2,"featured_media":13786,"comment_status":"","ping_status":"","sticky":false,"template":"","format":"standard","meta":{"footnotes":""},"categories":[56],"tags":[60,61,2699,1215,62,30,28,29],"class_list":{"0":"post-13785","1":"post","2":"type-post","3":"status-publish","4":"format-standard","5":"has-post-thumbnail","7":"category-naeringsliv","8":"tag-business","9":"tag-economy","10":"tag-intel","11":"tag-it-bransjen","12":"tag-naeringsliv","13":"tag-no","14":"tag-norge","15":"tag-norway"},"share_on_mastodon":{"url":"","error":""},"_links":{"self":[{"href":"https:\/\/www.europesays.com\/no\/wp-json\/wp\/v2\/posts\/13785","targetHints":{"allow":["GET"]}}],"collection":[{"href":"https:\/\/www.europesays.com\/no\/wp-json\/wp\/v2\/posts"}],"about":[{"href":"https:\/\/www.europesays.com\/no\/wp-json\/wp\/v2\/types\/post"}],"author":[{"embeddable":true,"href":"https:\/\/www.europesays.com\/no\/wp-json\/wp\/v2\/users\/2"}],"replies":[{"embeddable":true,"href":"https:\/\/www.europesays.com\/no\/wp-json\/wp\/v2\/comments?post=13785"}],"version-history":[{"count":0,"href":"https:\/\/www.europesays.com\/no\/wp-json\/wp\/v2\/posts\/13785\/revisions"}],"wp:featuredmedia":[{"embeddable":true,"href":"https:\/\/www.europesays.com\/no\/wp-json\/wp\/v2\/media\/13786"}],"wp:attachment":[{"href":"https:\/\/www.europesays.com\/no\/wp-json\/wp\/v2\/media?parent=13785"}],"wp:term":[{"taxonomy":"category","embeddable":true,"href":"https:\/\/www.europesays.com\/no\/wp-json\/wp\/v2\/categories?post=13785"},{"taxonomy":"post_tag","embeddable":true,"href":"https:\/\/www.europesays.com\/no\/wp-json\/wp\/v2\/tags?post=13785"}],"curies":[{"name":"wp","href":"https:\/\/api.w.org\/{rel}","templated":true}]}}