{"id":137853,"date":"2026-01-15T06:23:09","date_gmt":"2026-01-15T06:23:09","guid":{"rendered":"https:\/\/www.europesays.com\/no\/137853\/"},"modified":"2026-01-15T06:23:09","modified_gmt":"2026-01-15T06:23:09","slug":"gronland-nyhetsvarsel-lars-lokke-rasmussen-et-forsok-pa-overtakelse-av-gronland-er-sannsynlig","status":"publish","type":"post","link":"https:\/\/www.europesays.com\/no\/137853\/","title":{"rendered":"Gr\u00f8nland, Nyhetsvarsel | Lars L\u00f8kke Rasmussen: \u2013 Et fors\u00f8k p\u00e5 overtakelse av Gr\u00f8nland er sannsynlig"},"content":{"rendered":"\n<p><a href=\"https:\/\/nyheder.tv2.dk\/live\/2025-01-06-kampen-om-groenlands-fremtid\/forsoeg-paa-overtagelse-er-sandsynlig-siger-loekke?entry=990cce84-9a3d-4112-9241-a9a2cd1dc759\" rel=\"Follow nofollow noopener\" target=\"_blank\">Danske TV 2 skriver<\/a> at Rasmussen har latt seg intervjue av den amerikanske TV-kanalen i natt norsk tid.<\/p>\n<p>Utenriksministeren sa at det er sannsynlig at USA enten vil fors\u00f8ke \u00e5 kj\u00f8pe eller annektere Gr\u00f8nland, men han gjentok budskapet om at gr\u00f8nlenderne ikke har lyst til \u00e5 bli styrt av Donald Trump.<\/p>\n<p>    Vil du se neste video?<\/p>\n<p>    <a href=\"https:\/\/www.nettavisen.no\/nyheter\/pete-hegseth-avbryter-plutselig-marco-rubio-klikker-pa-direkten\/v\/5-95-2813524\" class=\"recommend-poster\" data-adp-clicklabel=\"video-recommend\" data-adp-clickvalue=\"poster\" rel=\"nofollow noopener\" target=\"_blank\"><br \/>\n      <img decoding=\"async\" width=\"200\" height=\"200\" loading=\"lazy\" src=\"https:\/\/www.europesays.com\/no\/wp-content\/uploads\/2026\/01\/Hegseth+til+cue.jpg\" alt=\"\" class=\"brick-c-cFOWSL\" style=\"--brick-image-ratio: 200 \/ 200;\"\/><\/p>\n<p>Avbryter plutselig: Klikker p\u00e5 direkten1:05<\/p>\n<p>    <\/a><\/p>\n<p>        Danmarks utenriksminister, Lars L\u00f8kke Rasmussen, gikk ut mot Trump-administrasjonen stadige trusler om \u00e5 ta over Gr\u00f8nland.<\/p>\n<p>\u2013 Alts\u00e5, if\u00f8lge den siste meningsm\u00e5lingen i Gr\u00f8nland \u00f8nsker kun seks prosent av den gr\u00f8nlandske befolkningen \u00e5 v\u00e6re amerikanere, sa L\u00f8kke.<\/p>\n<p>Han understreket at Trump-administrasjonen m\u00e5 forst\u00e5 at amerikanerne ikke bare \u00abkan kj\u00f8pe mennesker\u00bb.<\/p>\n<p>\u2013 Du handler med mennesker, du handler ikke mennesker, fortalte utenriksministeren.<\/p>\n<p>\u2013 Slutten p\u00e5 Nato<\/p>\n<p>Den rutinerte utenriksministeren som har hatt flere topptunge poster i dansk politikk, var ogs\u00e5 helt krystallklar p\u00e5 hva som vil skje om Trump overtar Gr\u00f8nland med milit\u00e6r makt.<\/p>\n<p>\u2013 Da er det slutten p\u00e5 Nato, var budskapet til amerikanske TV-seere.<\/p>\n<p>Trump har ved gjentatte anledninger sagt at Danmark kun har \u00ablevert to hundesleder\u00bb til Gr\u00f8nland som forsvar. Fox News ville gjerne vite hav Rasmussen hadde \u00e5 si til de uttalelsene.<\/p>\n<p><b>Les ogs\u00e5:<\/b> <a href=\"https:\/\/www.nettavisen.no\/nyheter\/gronland-vraker-usa-velger-europa-og-danmark-fremfor-trump\/s\/5-95-2822955\" rel=\"Follow nofollow noopener\" target=\"_blank\">Trump-press mot Gr\u00f8nland: \u2013 Det er vondt for oss<\/a><\/p>\n<p>\u2013 Danmark har investert flere milliarder i Gr\u00f8nland, ogs\u00e5 for det siste \u00e5ret. Og en ting til, det er absolutt ingen kinesiske fotavtrykk p\u00e5 Gr\u00f8nland, understreket dansken.<\/p>\n<p>Sistnevnte var et svar p\u00e5 Trumps kontante uttalelser om at Russland og Kina er klare for \u00e5 overta Gr\u00f8nland.<\/p>\n<p>M\u00f8tte Rubio og Vance<\/p>\n<p>Det var en travel dag for Rasmussen i Washington f\u00f8r intervjuet med Fox News, siden han startet dagen med \u00e5 m\u00f8te USAs utenriksminister Marco Rubio og USAs visepresident J.D. Vance.<\/p>\n<p><b>Les ogs\u00e5:<\/b> <a href=\"https:\/\/www.nettavisen.no\/nyheter\/fryktet-et-zelenskyj-oyeblikk\/s\/5-95-2825768\" rel=\"Follow nofollow noopener\" target=\"_blank\">Fryktet et \u00abZelenskyj-\u00f8yeblikk\u00bb<\/a><\/p>\n<p>Gr\u00f8nlands utenriksminister Vivian Motzfeldt var ogs\u00e5 med p\u00e5 m\u00f8tet, og det er usikkert hvor godt m\u00f8tet egentlig gikk, men Rasmussen har likevel delt et bilde hvor stemningen ser tilsynelatende god ut.<\/p>\n<p>   <img decoding=\"async\" width=\"1440\" height=\"1298\" fetchpriority=\"low\"  loading=\"lazy\"  src=\"https:\/\/www.europesays.com\/no\/wp-content\/uploads\/2026\/01\/Gr%C3%B8nlands+gjengen.jpg\" alt=\"\" class=\"brick-c-cFOWSL\" style=\"--brick-image-ratio: 1440 \/ 1298;\"\/><\/p>\n<p>      VIKTIG M\u00d8TE: Gr\u00f8nlands fremtid st\u00e5r p\u00e5 spill, og her ser vi Gr\u00f8nlands utenriksminister Vivian Motzfeldt, Danmarks utenriksminister Lars L\u00f8kke Rasmussen, USAs visepresident J.D. Vance og USAs utenriksminister Marco Rubio.<br \/>\n      Foto: Lars L\u00f8kke Rasmussen (Facebook)\n    <\/p>\n<p>USAs president, som ikke var med p\u00e5 m\u00f8tet, kom selv med en uttalelse noen f\u00e5 timer etter m\u00f8tet.<\/p>\n<p>\u2013 Vi trenger det. Vi f\u00e5r se hva som skjer, sa Trump.<\/p>\n","protected":false},"excerpt":{"rendered":"Danske TV 2 skriver at Rasmussen har latt seg intervjue av den amerikanske TV-kanalen i natt norsk tid.&hellip;\n","protected":false},"author":2,"featured_media":137854,"comment_status":"","ping_status":"","sticky":false,"template":"","format":"standard","meta":{"footnotes":""},"categories":[12],"tags":[20,21,24,25,15,22,23,13,30,28,29,14,16,26,27,42,43,44,45],"class_list":{"0":"post-137853","1":"post","2":"type-post","3":"status-publish","4":"format-standard","5":"has-post-thumbnail","7":"category-verden","8":"tag-breaking-news","9":"tag-breakingnews","10":"tag-featured-news","11":"tag-featurednews","12":"tag-headlines","13":"tag-latest-news","14":"tag-latestnews","15":"tag-news","16":"tag-no","17":"tag-norge","18":"tag-norway","19":"tag-nyheter","20":"tag-overskrifter","21":"tag-top-stories","22":"tag-topstories","23":"tag-verden","24":"tag-world","25":"tag-world-news","26":"tag-worldnews"},"share_on_mastodon":{"url":"https:\/\/pubeurope.com\/@no\/115897683380135185","error":""},"_links":{"self":[{"href":"https:\/\/www.europesays.com\/no\/wp-json\/wp\/v2\/posts\/137853","targetHints":{"allow":["GET"]}}],"collection":[{"href":"https:\/\/www.europesays.com\/no\/wp-json\/wp\/v2\/posts"}],"about":[{"href":"https:\/\/www.europesays.com\/no\/wp-json\/wp\/v2\/types\/post"}],"author":[{"embeddable":true,"href":"https:\/\/www.europesays.com\/no\/wp-json\/wp\/v2\/users\/2"}],"replies":[{"embeddable":true,"href":"https:\/\/www.europesays.com\/no\/wp-json\/wp\/v2\/comments?post=137853"}],"version-history":[{"count":0,"href":"https:\/\/www.europesays.com\/no\/wp-json\/wp\/v2\/posts\/137853\/revisions"}],"wp:featuredmedia":[{"embeddable":true,"href":"https:\/\/www.europesays.com\/no\/wp-json\/wp\/v2\/media\/137854"}],"wp:attachment":[{"href":"https:\/\/www.europesays.com\/no\/wp-json\/wp\/v2\/media?parent=137853"}],"wp:term":[{"taxonomy":"category","embeddable":true,"href":"https:\/\/www.europesays.com\/no\/wp-json\/wp\/v2\/categories?post=137853"},{"taxonomy":"post_tag","embeddable":true,"href":"https:\/\/www.europesays.com\/no\/wp-json\/wp\/v2\/tags?post=137853"}],"curies":[{"name":"wp","href":"https:\/\/api.w.org\/{rel}","templated":true}]}}