{"id":137857,"date":"2026-01-15T06:25:10","date_gmt":"2026-01-15T06:25:10","guid":{"rendered":"https:\/\/www.europesays.com\/no\/137857\/"},"modified":"2026-01-15T06:25:10","modified_gmt":"2026-01-15T06:25:10","slug":"store-protester-i-minneapolis-etter-ice-agent-skjot-mann","status":"publish","type":"post","link":"https:\/\/www.europesays.com\/no\/137857\/","title":{"rendered":"Store protester i Minneapolis etter Ice-agent skj\u00f8t mann:"},"content":{"rendered":"\n<p class=\"_lead_o9xde_2 _lead_xtcu6_50 layout-component text-serif-m layout-normal text-serif-l layout-component layout-wide layout-padded _wide_17hqh_1 layout-padded\">Det hersker kaos i gatene i Minneapolis etter at en migrant ble skutt i beinet av en Ice-agent i natt. For en uke siden ble Renee Good skutt og drept i samme by. <\/p>\n<p>Foto: Ryan Murphy \/ Reuters \/ NTB<\/p>\n<p> Oppdatert torsdag 15. januar kl. 07:25     <\/p>\n<p class=\"_paragraph_o9xde_4 _paragraph_xtcu6_10 layout-component text-serif-m layout-normal text-serif-m layout-padded\">If\u00f8lge amerikanske myndigheter skal to menn ha g\u00e5tt til angrep med spader mot agenter fra innvandringsmyndigheten som gikk til aksjon i Minneapolis, i delstaten Minnesota. En av mennene ble skutt i beinet og f\u00f8rt til sykehus.<\/p>\n<p class=\"_paragraph_o9xde_4 _paragraph_xtcu6_10 layout-component text-serif-m layout-normal text-serif-m layout-padded\">Tjenestemenn i sikkerhetsdepartementet bekrefter skytingen p\u00e5 X og beskriver mannen som \u00aben ulovlig innvandrer fra Venezuela\u00bb. De sier han motsatte seg arrest etter \u00e5 ha blitt stanset for en trafikkforseelse.<\/p>\n<p class=\"_paragraph_o9xde_4 _paragraph_xtcu6_10 layout-component text-serif-m layout-normal text-serif-m layout-padded\"><strong class=\"_strong_o9xde_25\">I skrivende stund har flere tatt til gatene i byen for \u00e5 protestere mot ICEICEICE st\u00e5r for &laquo;Immigration and Customs Enforcement&raquo;, som er en amerikansk f\u00f8deral etat som h\u00e5ndhever lover knyttet til innvandring og toll.-agentenes inntreden i byen. Bilder viser at demonstranter blitt m\u00f8tt av t\u00e5regass og bluss i byen. <\/strong><\/p>\n<p><img alt=\"Minneapolis-ordf\u00f8rer Jacob Frey under pressekonferansen tidlig torsdag morgen norsk tid.   Foto: Tim Evans \/ Reuters \/ NTB\" class=\"_image_qp4xg_65 layout-component layout-normal\" data-fullscreen- data-track-element-type=\"Article image fullscreen\" data-track-name=\"ImageFullscreen\" decoding=\"async\" loading=\"lazy\" height=\"1679\" itemprop=\"image\"  src=\"https:\/\/www.europesays.com\/no\/wp-content\/uploads\/2026\/01\/444d4e7e-eb00-490d-bb1c-30b53ffe87b5.png\"  style=\"object-position:0% 0%\" width=\"2519\"\/>Minneapolis-ordf\u00f8rer Jacob Frey under pressekonferansen tidlig torsdag morgen norsk tid.   Foto: Tim Evans \/ Reuters \/ NTB<\/p>\n<p class=\"_paragraph_o9xde_4 _paragraph_xtcu6_10 layout-component text-serif-m layout-normal text-serif-m layout-padded\">Torsdag morgen, norsk tid, holdt ordf\u00f8rer Jacob Frey en pressekonferanse hvor han sa at <a href=\"https:\/\/www.vg.no\/tag\/ice-2017?utm_source=vg-article&amp;utm_medium=auto-tagger&amp;utm_campaign=XM8E9W\" class=\"_link_o9xde_39\" rel=\"nofollow noopener\" target=\"_blank\">ICE<\/a> har skapt kaos i byen hans. <\/p>\n<p class=\"_paragraph_o9xde_4 _paragraph_xtcu6_10 layout-component text-serif-m layout-normal text-serif-m layout-padded\">\u2013 Det er cirka 3000 ICE-agenter i omr\u00e5det. 3000, fortalte ordf\u00f8reren under pressekonferansen. <\/p>\n<p class=\"_paragraph_o9xde_4 _paragraph_xtcu6_10 layout-component text-serif-m layout-normal text-serif-m layout-padded\">If\u00f8lge <a href=\"https:\/\/news.sky.com\/story\/minneapolis-latest-officials-giving-news-conference-after-ice-shooting-in-minneapolis-13494455\" class=\"_link_o9xde_39\" rel=\"nofollow noopener\" target=\"_blank\">Sky News<\/a> fortalte han videre at ICE er til stede over hele byen, og delstaten, og at de sammen med grensekontrollene skaper kaos i omr\u00e5det. <\/p>\n<p class=\"_paragraph_o9xde_4 _paragraph_xtcu6_10 layout-component text-serif-m layout-normal text-serif-m layout-padded\">Etter pressekonferansen tok Frey til X,  hvor han blant annet skriver at han har sett oppf\u00f8rsel fra ICE han mener er uutholdelig. <\/p>\n<p class=\"_paragraph_o9xde_4 _paragraph_xtcu6_10 layout-component text-serif-m layout-normal text-serif-m layout-padded\">\u2013 For dere som tar agnet til Trump i natt, stopp. Det hjelper ikke. Vi kan ikke m\u00f8te Donald Trumps kaos med v\u00e5rt eget kaos, skriver han p\u00e5 plattformen. <\/p>\n<p><img alt=\"Foto: John Locher \/ AP \/ NTB\" class=\"_image_qp4xg_65 layout-component layout-fullwidth\" data-fullscreen- data-track-element-type=\"Article image fullscreen\" data-track-name=\"ImageFullscreen\" decoding=\"async\" loading=\"lazy\" height=\"5514\" itemprop=\"image\"  src=\"https:\/\/www.europesays.com\/no\/wp-content\/uploads\/2026\/01\/068ec294-9fd0-4bc1-b0d9-fe12b43147c3.jpeg\"  style=\"object-position:0% 0%\" width=\"8271\"\/>Foto: John Locher \/ AP \/ NTBSkj\u00f8t og drepte Renee <\/p>\n<p class=\"_paragraph_o9xde_4 _paragraph_xtcu6_10 layout-component text-serif-m layout-normal text-serif-m layout-padded\">Frey ber amerikanere over hele USA om \u00e5 forestille seg hvordan de ville f\u00f8lt det dersom stedet de bor ble \u00abinvadert av tusenvis av f\u00f8derale agenter som ikke deler de verdiene dere holder kj\u00e6re\u00bb.<\/p>\n<p class=\"_paragraph_o9xde_4 _paragraph_xtcu6_10 layout-component text-serif-m layout-normal text-serif-m layout-padded\">For en uke siden ble 37 \u00e5r gamle <a href=\"https:\/\/www.vg.no\/nyheter\/i\/V6qqy6\/hennes-kone-ble-drept-av-ice-hun-straalte\" data-track-element-type=\"Link\" data-track-id=\"link:V6qqy6\" class=\"_link_o9xde_39\" rel=\"nofollow noopener\" target=\"_blank\">Renee Good skutt og drept av en Ice-agent<\/a> i samme by. Good og hennes kone Becca var begge i bilen da de ble stoppet etter at de hadde<a href=\"https:\/\/www.vg.no\/nyheter\/i\/Arlzv3\/renee-nicole-good-ble-drept-av-ice-agent-i-minnesota\" data-track-element-type=\"Link\" data-track-id=\"link:Arlzv3\" class=\"_link_o9xde_39\" rel=\"nofollow noopener\" target=\"_blank\">\u00a0levert deres s\u00f8nn p\u00e5 skolen.<\/a><\/p>\n<p class=\"_paragraph_o9xde_4 _paragraph_xtcu6_10 layout-component text-serif-m layout-normal text-serif-m layout-padded\"><a href=\"https:\/\/tv.vg.no\/nyheter\/ny-video-skal-vise-ice-agentens-opptak?id=351915\" class=\"_link_o9xde_39\" rel=\"nofollow noopener\" target=\"_blank\">En video<\/a>\u00a0viser at det er en konfrontasjon mellom Good og ICE-agenten, f\u00f8r Good ble drept.<\/p>\n<p class=\"_paragraph_o9xde_4 _paragraph_xtcu6_10 layout-component text-serif-m layout-normal text-serif-m layout-padded\">Det utl\u00f8ste sterke reaksjoner over hele USA. Ogs\u00e5 da eskalerte demonstrasjoner til sammenst\u00f8t mellom demonstranter og politi.<\/p>\n<p class=\"_paragraph_o9xde_4 _paragraph_xtcu6_10 layout-component text-serif-m layout-normal text-serif-m layout-padded\">Sikkerhetsminister Kristi Noem har varslet at hun vil sende hundrevis av f\u00f8derale agenter for \u00e5 sikre arbeidet til Ice i delstaten Minnesota, der Minneapolis ligger. <\/p>\n<p><img alt=\"En demonstrant g\u00e5r gjennom t\u00e5regassr\u00f8yk etter at politiet tok i bruk t\u00e5regass og ammunisjon mot dem, ettersom spenningen stiger etter at f\u00f8derale politibetjenter var involvert i en skyteepisode, en uke etter at en ICE-agent skj\u00f8t og drepte Renee Nicole Good i Minneapolis.  Foto: Leah Millis \/ Reuters \/ NTB\" class=\"_image_qp4xg_65 layout-component layout-fullwidth\" data-fullscreen- data-track-element-type=\"Article image fullscreen\" data-track-name=\"ImageFullscreen\" decoding=\"async\" loading=\"lazy\" height=\"3667\" itemprop=\"image\"  src=\"https:\/\/www.europesays.com\/no\/wp-content\/uploads\/2026\/01\/3e7a1938-0238-4ee0-8ad2-f6462e126ea7.jpeg\"  style=\"object-position:0% 0%\" width=\"5500\"\/>En demonstrant g\u00e5r gjennom t\u00e5regassr\u00f8yk etter at politiet tok i bruk t\u00e5regass og ammunisjon mot dem, ettersom spenningen stiger etter at f\u00f8derale politibetjenter var involvert i en skyteepisode, en uke etter at en ICE-agent skj\u00f8t og drepte Renee Nicole Good i Minneapolis.  Foto: Leah Millis \/ Reuters \/ NTB    <img decoding=\"async\" alt=\"Tips oss illustrasjon\" src=\"https:\/\/www.europesays.com\/no\/wp-content\/uploads\/2025\/10\/pssst-small.webp.webp\"\/>    <\/p>\n<p class=\"title-serif-s\">Har du tips?<\/p>\n<p class=\"text-sans-m\">Send oss informasjon, bilder eller video.<\/p>\n<p>  <a href=\"https:\/\/www.vg.no\/tips-oss\" rel=\"nofollow noopener\" target=\"_blank\"> Tips oss <\/a>      <\/p>\n","protected":false},"excerpt":{"rendered":"Det hersker kaos i gatene i Minneapolis etter at en migrant ble skutt i beinet av en Ice-agent&hellip;\n","protected":false},"author":2,"featured_media":137858,"comment_status":"","ping_status":"","sticky":false,"template":"","format":"standard","meta":{"footnotes":""},"categories":[5],"tags":[20,21,24,25,15,19,1403,22,23,17,18,2119,13,30,28,29,14,16,26,27,50],"class_list":{"0":"post-137857","1":"post","2":"type-post","3":"status-publish","4":"format-standard","5":"has-post-thumbnail","7":"category-overskrifter","8":"tag-breaking-news","9":"tag-breakingnews","10":"tag-featured-news","11":"tag-featurednews","12":"tag-headlines","13":"tag-hovedoppslag","14":"tag-ice","15":"tag-latest-news","16":"tag-latestnews","17":"tag-main-news","18":"tag-mainnews","19":"tag-minnesota","20":"tag-news","21":"tag-no","22":"tag-norge","23":"tag-norway","24":"tag-nyheter","25":"tag-overskrifter","26":"tag-top-stories","27":"tag-topstories","28":"tag-usa"},"share_on_mastodon":{"url":"https:\/\/pubeurope.com\/@no\/115897691327495607","error":""},"_links":{"self":[{"href":"https:\/\/www.europesays.com\/no\/wp-json\/wp\/v2\/posts\/137857","targetHints":{"allow":["GET"]}}],"collection":[{"href":"https:\/\/www.europesays.com\/no\/wp-json\/wp\/v2\/posts"}],"about":[{"href":"https:\/\/www.europesays.com\/no\/wp-json\/wp\/v2\/types\/post"}],"author":[{"embeddable":true,"href":"https:\/\/www.europesays.com\/no\/wp-json\/wp\/v2\/users\/2"}],"replies":[{"embeddable":true,"href":"https:\/\/www.europesays.com\/no\/wp-json\/wp\/v2\/comments?post=137857"}],"version-history":[{"count":0,"href":"https:\/\/www.europesays.com\/no\/wp-json\/wp\/v2\/posts\/137857\/revisions"}],"wp:featuredmedia":[{"embeddable":true,"href":"https:\/\/www.europesays.com\/no\/wp-json\/wp\/v2\/media\/137858"}],"wp:attachment":[{"href":"https:\/\/www.europesays.com\/no\/wp-json\/wp\/v2\/media?parent=137857"}],"wp:term":[{"taxonomy":"category","embeddable":true,"href":"https:\/\/www.europesays.com\/no\/wp-json\/wp\/v2\/categories?post=137857"},{"taxonomy":"post_tag","embeddable":true,"href":"https:\/\/www.europesays.com\/no\/wp-json\/wp\/v2\/tags?post=137857"}],"curies":[{"name":"wp","href":"https:\/\/api.w.org\/{rel}","templated":true}]}}