{"id":137863,"date":"2026-01-15T06:30:10","date_gmt":"2026-01-15T06:30:10","guid":{"rendered":"https:\/\/www.europesays.com\/no\/137863\/"},"modified":"2026-01-15T06:30:10","modified_gmt":"2026-01-15T06:30:10","slug":"trump-mener-zelenskyj-er-storste-hinder-for-ukraina-avtale","status":"publish","type":"post","link":"https:\/\/www.europesays.com\/no\/137863\/","title":{"rendered":"Trump mener Zelenskyj er st\u00f8rste hinder for Ukraina-avtale"},"content":{"rendered":"<p>    Volodymyr Zelenskyj, ikke Vladimir Putin, er den som holder igjen en mulig fredsavtale for Ukraina, sier USAs president Donald Trump til Reuters.<\/p>\n<p>\n        Donald Trump (t.h.), som m\u00f8tte Volodymyr Zelenskyj (t.v.) senest i romjulen, den ukrainske presidenten er mer til hinder for en fredsavtale for Ukraina enn Russlands Vladimir Putin er. Arkivfoto: Alex Brandon \/ AP \/ NTB<br \/>\n        NTB\n    <\/p>\n<p>Trumps uttalelse st\u00e5r i skarp kontrast til det som er tonen fra USAs allierte i Europa. De har hele tiden argumentert for at det er Russland som ikke er interessert i \u00e5 avslutte krigen i Ukraina.<\/p>\n<p>I et eksklusivt intervju gjort p\u00e5 presidentens kontor i Det hvite hus sier Trump at Russlands president Putin er klar til \u00e5 runde av den nesten fire \u00e5r lange invasjonen av Ukraina. <\/p>\n<p>\u2013 Jeg tror han er klar til \u00e5 gj\u00f8re en avtale. Jeg tror Ukraina er mindre klar til \u00e5 gj\u00f8re en avtale, sier Trump, som mener Zelenskyj er mer tilbakeholden enn hans russiske motpart. <\/p>\n<p>Trump svarer ogs\u00e5 \u00abZelenskyj\u00bb n\u00e5r han blir spurt om hvorfor de USA-ledede forhandlingene ikke har klart \u00e5 f\u00e5 slutt p\u00e5 krigen.<\/p>\n<p>Det har v\u00e6rt store svingninger i forholdet mellom den amerikanske og den ukrainske presidenten, men m\u00f8tene mellom dem ser ut til \u00e5 ha blitt bedre i l\u00f8pet av det \u00e5ret som har g\u00e5tt siden Trump kom tilbake til makten i USA.<\/p>\n<p>P\u00e5 sp\u00f8rsm\u00e5l om han vil m\u00f8te Zelenskyj under Verdens \u00f8konomiske forum i Davos neste uke, sier Trump at han er innstilt p\u00e5 det, dersom Zelenskyj kommer, men antyder at det ikke er lagt noen konkrete planer enn\u00e5. <\/p>\n<p>I perioder har Trump v\u00e6rt mer villig enn europeiske ledere til \u00e5 tro p\u00e5 forsikringer fra Putin, noe som har frustrert ukrainerne, europeiske ledere og mange amerikanske parlamentarikere, inkludert enkelte republikanere. <\/p>\n","protected":false},"excerpt":{"rendered":"Volodymyr Zelenskyj, ikke Vladimir Putin, er den som holder igjen en mulig fredsavtale for Ukraina, sier USAs president&hellip;\n","protected":false},"author":2,"featured_media":137864,"comment_status":"","ping_status":"","sticky":false,"template":"","format":"standard","meta":{"footnotes":""},"categories":[12],"tags":[20,21,24,25,15,22,23,13,30,28,29,14,16,26,27,42,43,44,45],"class_list":{"0":"post-137863","1":"post","2":"type-post","3":"status-publish","4":"format-standard","5":"has-post-thumbnail","7":"category-verden","8":"tag-breaking-news","9":"tag-breakingnews","10":"tag-featured-news","11":"tag-featurednews","12":"tag-headlines","13":"tag-latest-news","14":"tag-latestnews","15":"tag-news","16":"tag-no","17":"tag-norge","18":"tag-norway","19":"tag-nyheter","20":"tag-overskrifter","21":"tag-top-stories","22":"tag-topstories","23":"tag-verden","24":"tag-world","25":"tag-world-news","26":"tag-worldnews"},"share_on_mastodon":{"url":"https:\/\/pubeurope.com\/@no\/115897710940460534","error":""},"_links":{"self":[{"href":"https:\/\/www.europesays.com\/no\/wp-json\/wp\/v2\/posts\/137863","targetHints":{"allow":["GET"]}}],"collection":[{"href":"https:\/\/www.europesays.com\/no\/wp-json\/wp\/v2\/posts"}],"about":[{"href":"https:\/\/www.europesays.com\/no\/wp-json\/wp\/v2\/types\/post"}],"author":[{"embeddable":true,"href":"https:\/\/www.europesays.com\/no\/wp-json\/wp\/v2\/users\/2"}],"replies":[{"embeddable":true,"href":"https:\/\/www.europesays.com\/no\/wp-json\/wp\/v2\/comments?post=137863"}],"version-history":[{"count":0,"href":"https:\/\/www.europesays.com\/no\/wp-json\/wp\/v2\/posts\/137863\/revisions"}],"wp:featuredmedia":[{"embeddable":true,"href":"https:\/\/www.europesays.com\/no\/wp-json\/wp\/v2\/media\/137864"}],"wp:attachment":[{"href":"https:\/\/www.europesays.com\/no\/wp-json\/wp\/v2\/media?parent=137863"}],"wp:term":[{"taxonomy":"category","embeddable":true,"href":"https:\/\/www.europesays.com\/no\/wp-json\/wp\/v2\/categories?post=137863"},{"taxonomy":"post_tag","embeddable":true,"href":"https:\/\/www.europesays.com\/no\/wp-json\/wp\/v2\/tags?post=137863"}],"curies":[{"name":"wp","href":"https:\/\/api.w.org\/{rel}","templated":true}]}}