{"id":137869,"date":"2026-01-15T06:45:06","date_gmt":"2026-01-15T06:45:06","guid":{"rendered":"https:\/\/www.europesays.com\/no\/137869\/"},"modified":"2026-01-15T06:45:06","modified_gmt":"2026-01-15T06:45:06","slug":"lokalt-naeringsliv-industri-na-tar-de-over-de-ledige-freyr-lokalene-ingen-andre-i-verden-som-gjor-akkurat-dette","status":"publish","type":"post","link":"https:\/\/www.europesays.com\/no\/137869\/","title":{"rendered":"Lokalt n\u00e6ringsliv, Industri | N\u00e5 tar de over de ledige Freyr-lokalene: \u2013 Ingen andre i verden som gj\u00f8r akkurat dette"},"content":{"rendered":"<p>      De ansatte i T1 Energy f\u00f8ler seg trygge n\u00e5r de overlater CQP i hendene til Momek Robotics. (f.v) Robotics-ansatte prosjektleder Rolf Skogvold, prosjektingeni\u00f8r G\u00f8ran Borkamo og daglig leder Andre Moen med T1 Energy-ansatte Andreas Bentzen som er teknologidirekt\u00f8r, direkt\u00f8r Katrine Makins Tangen og Hilde R\u00f8nningsen, kommunikasjonsr\u00e5dgiver.<br \/>\n      Foto: Benedicte Steinbakk\n    <\/p>\n","protected":false},"excerpt":{"rendered":"De ansatte i T1 Energy f\u00f8ler seg trygge n\u00e5r de overlater CQP i hendene til Momek Robotics. (f.v)&hellip;\n","protected":false},"author":2,"featured_media":137870,"comment_status":"","ping_status":"","sticky":false,"template":"","format":"standard","meta":{"footnotes":""},"categories":[56],"tags":[60,61,62,30,28,29],"class_list":{"0":"post-137869","1":"post","2":"type-post","3":"status-publish","4":"format-standard","5":"has-post-thumbnail","7":"category-naeringsliv","8":"tag-business","9":"tag-economy","10":"tag-naeringsliv","11":"tag-no","12":"tag-norge","13":"tag-norway"},"share_on_mastodon":{"url":"https:\/\/pubeurope.com\/@no\/115897769828126999","error":""},"_links":{"self":[{"href":"https:\/\/www.europesays.com\/no\/wp-json\/wp\/v2\/posts\/137869","targetHints":{"allow":["GET"]}}],"collection":[{"href":"https:\/\/www.europesays.com\/no\/wp-json\/wp\/v2\/posts"}],"about":[{"href":"https:\/\/www.europesays.com\/no\/wp-json\/wp\/v2\/types\/post"}],"author":[{"embeddable":true,"href":"https:\/\/www.europesays.com\/no\/wp-json\/wp\/v2\/users\/2"}],"replies":[{"embeddable":true,"href":"https:\/\/www.europesays.com\/no\/wp-json\/wp\/v2\/comments?post=137869"}],"version-history":[{"count":0,"href":"https:\/\/www.europesays.com\/no\/wp-json\/wp\/v2\/posts\/137869\/revisions"}],"wp:featuredmedia":[{"embeddable":true,"href":"https:\/\/www.europesays.com\/no\/wp-json\/wp\/v2\/media\/137870"}],"wp:attachment":[{"href":"https:\/\/www.europesays.com\/no\/wp-json\/wp\/v2\/media?parent=137869"}],"wp:term":[{"taxonomy":"category","embeddable":true,"href":"https:\/\/www.europesays.com\/no\/wp-json\/wp\/v2\/categories?post=137869"},{"taxonomy":"post_tag","embeddable":true,"href":"https:\/\/www.europesays.com\/no\/wp-json\/wp\/v2\/tags?post=137869"}],"curies":[{"name":"wp","href":"https:\/\/api.w.org\/{rel}","templated":true}]}}