{"id":137871,"date":"2026-01-15T06:48:30","date_gmt":"2026-01-15T06:48:30","guid":{"rendered":"https:\/\/www.europesays.com\/no\/137871\/"},"modified":"2026-01-15T06:48:30","modified_gmt":"2026-01-15T06:48:30","slug":"marianne-34-fikk-foflekk-kreft-jeg-trodde-aldri-det-kunne-ramme-meg","status":"publish","type":"post","link":"https:\/\/www.europesays.com\/no\/137871\/","title":{"rendered":"Marianne (34) fikk f\u00f8flekk-kreft: &#8211; Jeg trodde aldri det kunne ramme meg"},"content":{"rendered":"<p class=\"kicker \" style=\"\">Kreft:<\/p>\n<p>    En tilfeldig kommentar reddet trolig livet til tobarnsmor Marianne (34).<\/p>\n<p>\n    FRISK OG AKTIV: Marianne var en frisk og aktiv 34-\u00e5ring, og tenkte aldri at noe kunne v\u00e6re alvorlig galt med kroppen hennes. Foto: privat.\n  <\/p>\n<p>\u00abKan du ikke bare f\u00e5 den sjekket?\u00bb<\/p>\n<p>Det begynte med en helt enkel kommentar fra en venninne som la merke til den lille f\u00f8flekken nederst p\u00e5 leggen til 34 \u00e5r gamle Marianne Wagner.\u00a0<\/p>\n<p>&#8211; F\u00f8flekken var irriterende og i veien n\u00e5r jeg barberte leggene, men jeg hadde aldri tenkt at det kunne v\u00e6re noe farlig, forteller Marianne til KK.<\/p>\n<p>Likevel ble kommentaren v\u00e6rende i bakhodet, og Marianne bestemte seg for \u00e5 f\u00e5 f\u00f8flekken fjernet. Det hun var mest opptatt av, var om det kom til \u00e5 bli arr.\u00a0<\/p>\n<p>For henne handlet dette om noe rent kosmetisk, og hun var ikke bekymret for noe alvorlig.<\/p>\n<p>    <a itemprop=\"url\" href=\"https:\/\/www.kk.no\/helse\/det-er-ganske-typisk-at-mannen-min-sier-na-ma-du-ikke-stresse-sa-mye-isabell\/83980071\" rel=\"nofollow noopener\" target=\"_blank\"><\/p>\n<p>        <img loading=\"lazy\" decoding=\"async\" src=\"https:\/\/www.europesays.com\/no\/wp-content\/uploads\/2026\/01\/1768459690_643_83986100.webp.webp\" width=\"980\" height=\"441\" title=\"- Det er ganske typisk at mannen min sier \u00abn\u00e5 m\u00e5 du ikke stresse s\u00e5 mye, Isabell\u00bb\" alt=\"\" class=\"lazyload\" style=\"--aspect-ratio-image: 2.22; \"\/><\/p>\n<p>        &#8211; Det er ganske typisk at mannen min sier \u00abn\u00e5 m\u00e5 du ikke stresse s\u00e5 mye, Isabell\u00bb<\/p>\n<p>    <\/a><\/p>\n<p>        <img loading=\"lazy\" decoding=\"async\" src=\"https:\/\/www.europesays.com\/no\/wp-content\/uploads\/2026\/01\/84068398.webp.webp\" width=\"667\" height=\"381\" title=\"TO BARN: Marianne har et aktivt liv med samboer og to barn. Foto: privat.\" alt=\"\" class=\"\" style=\"--aspect-ratio-image: 1.75; \"\/><\/p>\n<p>\n        TO BARN: Marianne har et aktivt liv med samboer og to barn. Foto: privat.\n    <\/p>\n<p>Raskt henvist videre\t<\/p>\n<p>Hos spesialistene ble f\u00f8flekken hennes unders\u00f8kt mer grundig enn forventet. To leger studerte den n\u00f8ye og mente det var tryggest \u00e5 henvise henne videre.<\/p>\n<p>&#8211; Jeg ble satt ut, for den var bare litt m\u00f8rkere enn de andre, sier hun.<\/p>\n<p>P\u00e5 sykehuset fikk hun h\u00f8re at det mest sannsynlig ikke var noe alvorlig.<\/p>\n<p>&#8211; Alle sa at jeg var ung og at det sikkert ikke var noe. Da slappet jeg helt av, sier 34-\u00e5ringen.<\/p>\n<p>    <a itemprop=\"url\" href=\"https:\/\/www.kk.no\/helse\/stor-studie-denne-maten-overgar-medisiner\/83932339\" rel=\"nofollow noopener\" target=\"_blank\"><\/p>\n<p>        <img loading=\"lazy\" decoding=\"async\" src=\"https:\/\/www.europesays.com\/no\/wp-content\/uploads\/2026\/01\/1768459693_581_83933883.webp.webp\" width=\"980\" height=\"441\" title=\"Stor studie: Denne maten overg\u00e5r medisiner\" alt=\"\" class=\"lazyload\" style=\"--aspect-ratio-image: 2.22; \"\/><\/p>\n<p>        Stor studie: Denne maten overg\u00e5r medisiner<\/p>\n<p>    <\/a><\/p>\n<p>        <img loading=\"lazy\" decoding=\"async\" src=\"https:\/\/www.europesays.com\/no\/wp-content\/uploads\/2026\/01\/84068395.webp.webp\" width=\"667\" height=\"381\" title=\"LITEN F\u00d8FLEKK: Marianne forteller at f\u00f8flekken var irriterende, men ikke vond. Foto: privat.\" alt=\"\" class=\"\" style=\"--aspect-ratio-image: 1.75; \"\/><\/p>\n<p>\n        LITEN F\u00d8FLEKK: Marianne forteller at f\u00f8flekken var irriterende, men ikke vond. Foto: privat.\n    <\/p>\n<p>Pr\u00f8vesvaret som endret alt\t<\/p>\n<p>11. juli ble f\u00f8flekken fjernet, og Marianne trodde saken var ferdig. Hun tenkte ikke mer p\u00e5 det, f\u00f8r hun v\u00e5knet til tre tapte anrop og en talemelding fra overlegen.<\/p>\n<p class=\"font-weight-bold m-font-weight-bold\" data-lab-font_weight=\"font-weight-bold\">Pr\u00f8vesvarene viste f\u00f8flekkreft, og forandringene gikk helt inn til beinet. Omfanget var uklart, og ingen visste om det hadde rukket \u00e5 spre seg.<\/p>\n<p>&#8211; Jeg fikk sjokk og ble selvf\u00f8lgelig veldig redd. Jeg trodde virkelig ikke at dette kunne skje meg, forteller hun.<\/p>\n<p>    <a itemprop=\"url\" href=\"https:\/\/www.kk.no\/helse\/flere-skulle-visst-hvor-raskt-man-kan-bli-kvitt-angst-ved-hjelp-av-denne-metoden\/83925510\" rel=\"nofollow noopener\" target=\"_blank\"><\/p>\n<p>        <img loading=\"lazy\" decoding=\"async\" src=\"https:\/\/www.europesays.com\/no\/wp-content\/uploads\/2026\/01\/1768459695_495_83944397.webp.webp\" width=\"980\" height=\"441\" title=\"- Flere skulle visst hvor raskt man kan bli kvitt angst ved hjelp av denne metoden\" alt=\"\" class=\"lazyload\" style=\"--aspect-ratio-image: 2.22; \"\/><\/p>\n<p>        &#8211; Flere skulle visst hvor raskt man kan bli kvitt angst ved hjelp av denne metoden<\/p>\n<p>    <\/a><\/p>\n<p>        <img loading=\"lazy\" decoding=\"async\" src=\"https:\/\/www.europesays.com\/no\/wp-content\/uploads\/2026\/01\/84068471.webp.webp\" width=\"980\" height=\"559\" title=\"T\u00d8FF TID: Marianne har blitt mye mer bevisst p\u00e5 sin egen kropp etter kreftdiagnosen. Foto: privat.\" alt=\"\" class=\"\" style=\"--aspect-ratio-image: 1.75; \"\/><\/p>\n<p>\n        T\u00d8FF TID: Marianne har blitt mye mer bevisst p\u00e5 sin egen kropp etter kreftdiagnosen. Foto: privat.\n    <\/p>\n<p>&#8211; Jeg var livredd\t<\/p>\n<p>I august ble hun lagt i narkose for \u00e5 fjerne en lymfeknute i lysken, som skulle sjekkes for spredning.\u00a0<\/p>\n<p>Ventetiden etterp\u00e5 f\u00f8ltes lang.<\/p>\n<p>&#8211; Jeg var livredd. Jeg tenkte p\u00e5 barna mine hele tiden, og jeg var redd for at de skulle miste mammaen sin, sier hun.<\/p>\n<p>Hun ble plutselig veldig oppmerksom p\u00e5 kroppen sin, og sm\u00e5 ting som hun aldri hadde lagt merke til tidligere, ble n\u00e5 skremmende.<\/p>\n<p>    <a itemprop=\"url\" href=\"https:\/\/www.kk.no\/helse\/jeg-kjente-at-dette-er-farlig\/83966358\" rel=\"nofollow noopener\" target=\"_blank\"><\/p>\n<p>        <img loading=\"lazy\" decoding=\"async\" src=\"https:\/\/www.europesays.com\/no\/wp-content\/uploads\/2026\/01\/84023074.webp.webp\" width=\"980\" height=\"441\" title=\"\u2013 Jeg kjente at \u00abdette er farlig\u00bb\" alt=\"\" class=\"lazyload\" style=\"--aspect-ratio-image: 2.22; \"\/><\/p>\n<p>        \u2013 Jeg kjente at \u00abdette er farlig\u00bb<\/p>\n<p>    <\/a><\/p>\n<p>        <img loading=\"lazy\" decoding=\"async\" src=\"https:\/\/www.europesays.com\/no\/wp-content\/uploads\/2026\/01\/84068385.webp.webp\" width=\"667\" height=\"381\" title=\"VELDIG REDD: - Jeg var livredd. Jeg tenkte p\u00e5 barna mine hele tiden, og jeg var redd for at de skulle miste mammaen sin, sier hun. Foto: privat.\" alt=\"\" class=\"\" style=\"--aspect-ratio-image: 1.75; \"\/><\/p>\n<p>\n        VELDIG REDD: &#8211; Jeg var livredd. Jeg tenkte p\u00e5 barna mine hele tiden, og jeg var redd for at de skulle miste mammaen sin, sier hun. Foto: privat.\n    <\/p>\n<p>Valget hun tok som mor\t<\/p>\n<p>Midt i usikkerheten tok Marianne et valg.<\/p>\n<p>&#8211; Jeg fortalte ikke barna mine at jeg hadde kreft, forteller hun.<\/p>\n<p>Barna var 10 og 14 \u00e5r, og Marianne \u00f8nsket \u00e5 skjerme dem s\u00e5 lenge hun kunne.<\/p>\n<p>&#8211; Jeg ville ikke at de skulle g\u00e5 rundt og v\u00e6re redde. Jeg ville ha svar f\u00f8r jeg ga dem bekymringer, sier hun.<\/p>\n<p>Men da operasjonen n\u00e6rmet seg og hun visste at hun ikke ville kunne g\u00e5 som normalt etterp\u00e5, tok hun samtalen.<\/p>\n<p>&#8211; Jeg brukte tid p\u00e5 \u00e5 finne ordene, men de tok det heldigvis fint, sier hun.<\/p>\n<p>    <a itemprop=\"url\" href=\"https:\/\/www.kk.no\/helse\/katrine-kom-i-overgangsalderen-over-natta-huden-endret-seg-plutselig-sa-jeg-honngammal-ut\/83984459\" rel=\"nofollow noopener\" target=\"_blank\"><\/p>\n<p>        <img loading=\"lazy\" decoding=\"async\" src=\"https:\/\/www.europesays.com\/no\/wp-content\/uploads\/2026\/01\/83993304.webp.webp\" width=\"980\" height=\"441\" title=\"Katrine kom i overgangsalderen over natta: - Huden endret seg. Plutselig s\u00e5 jeg \u00abh\u00f8nngammal\u00bb ut\" alt=\"\" class=\"lazyload\" style=\"--aspect-ratio-image: 2.22; \"\/><\/p>\n<p>        Katrine kom i overgangsalderen over natta: &#8211; Huden endret seg. Plutselig s\u00e5 jeg \u00abh\u00f8nngammal\u00bb ut<\/p>\n<p>    <\/a><\/p>\n<p>        <img loading=\"lazy\" decoding=\"async\" src=\"https:\/\/www.europesays.com\/no\/wp-content\/uploads\/2026\/01\/84068397.webp.webp\" width=\"667\" height=\"381\" title=\"DRAMATISK: For \u00e5 f\u00e5 bort kreftvev m\u00e5tte legene skj\u00e6re dypt, helt inn til beinet. Det etterlot et synlig s\u00f8kk i leggen, Foto: privat.\" alt=\"\" class=\"\" style=\"--aspect-ratio-image: 1.75; \"\/><\/p>\n<p>\n        DRAMATISK: For \u00e5 f\u00e5 bort kreftvev m\u00e5tte legene skj\u00e6re dypt, helt inn til beinet. Det etterlot et synlig s\u00f8kk i leggen, Foto: privat.\n    <\/p>\n<p>Fjernet deler av leggen\t<\/p>\n<p>Heldigvis kom svaret hun hadde ventet p\u00e5. Det var ingen spredning. Hun slapp cellegift og fikk en plan for videre kontroller.<\/p>\n<p>&#8211; Det var den beste beskjeden jeg kunne f\u00e5tt, sier hun stille.<\/p>\n<p class=\"font-weight-bold m-font-weight-bold\" data-lab-font_weight=\"font-weight-bold\">Behandlingen hadde likevel satt sine spor. For \u00e5 f\u00e5 bort alt av kreftvev m\u00e5tte legene skj\u00e6re dypt, helt inn til beinet. Det etterlot et synlig s\u00f8kk i leggen, og Marianne m\u00e5tte trene opp foten p\u00e5 nytt.<\/p>\n<p>Etter hvert kom styrken tilbake, og i dag kan hun l\u00f8pe igjen, selv om omr\u00e5det fortsatt er \u00f8mt og uten f\u00f8lelse.<\/p>\n<p>    <a itemprop=\"url\" href=\"https:\/\/www.kk.no\/helse\/tre-kvinner-forteller-om-slankemedisinen-suget-forsvant-med-en-gang\/84040177\" rel=\"nofollow noopener\" target=\"_blank\"><\/p>\n<p>        <img loading=\"lazy\" decoding=\"async\" src=\"https:\/\/www.europesays.com\/no\/wp-content\/uploads\/2026\/01\/84040384.webp.webp\" width=\"980\" height=\"441\" title=\"Tre kvinner forteller om slankemedisinen: - Suget forsvant med en gang\" alt=\"\" class=\"lazyload\" style=\"--aspect-ratio-image: 2.22; \"\/><\/p>\n<p>        Tre kvinner forteller om slankemedisinen: &#8211; Suget forsvant med en gang<\/p>\n<p>    <\/a><\/p>\n<p>        <img loading=\"lazy\" decoding=\"async\" src=\"https:\/\/www.europesays.com\/no\/wp-content\/uploads\/2026\/01\/84068386.webp.webp\" width=\"667\" height=\"381\" title=\"AKTIV: Marianne kan endelig v\u00e6re aktiv ute i naturen igjen. Foto. privat.\" alt=\"\" class=\"\" style=\"--aspect-ratio-image: 1.75; \"\/><\/p>\n<p>\n        AKTIV: Marianne kan endelig v\u00e6re aktiv ute i naturen igjen. Foto. privat.\n    <\/p>\n<p>Et nytt forhold til solen\t<\/p>\n<p>Erfaringen har gjort henne mer oppmerksom p\u00e5 huden sin og p\u00e5 solen hun alltid har v\u00e6rt s\u00e5 glad i.<\/p>\n<p>&#8211; Jeg har alltid elsket varme, men jeg har ikke v\u00e6rt s\u00e5 god p\u00e5 solkrem. N\u00e5 er jeg mye flinkere, sier hun.<\/p>\n<p>Hun h\u00e5per historien kan f\u00e5 flere til \u00e5 sjekke f\u00f8flekkene sine, ogs\u00e5 de sm\u00e5 som bare er litt i veien.\u00a0<\/p>\n<p>N\u00e5 minner hun venner og kollegaer om \u00e5 ta hensyn i solen, unng\u00e5 solarium og alltid bruke solkrem.<\/p>\n<p>    <a itemprop=\"url\" href=\"https:\/\/www.kk.no\/helse\/jorun-ble-kronisk-syk-vondt-a-vaere-den-ene-i-vennegjengen-som-ikke-har-jobb\/83931569\" rel=\"nofollow noopener\" target=\"_blank\"><\/p>\n<p>        <img loading=\"lazy\" decoding=\"async\" src=\"https:\/\/www.europesays.com\/no\/wp-content\/uploads\/2026\/01\/83999022.webp.webp\" width=\"980\" height=\"441\" title=\"Jorun ble kronisk syk: - Vondt \u00e5 v\u00e6re den ene i vennegjengen som ikke har jobb\" alt=\"\" class=\"lazyload\" style=\"--aspect-ratio-image: 2.22; \"\/><\/p>\n<p>        Jorun ble kronisk syk: &#8211; Vondt \u00e5 v\u00e6re den ene i vennegjengen som ikke har jobb <\/p>\n<p>    <\/a><\/p>\n<p>        <img loading=\"lazy\" decoding=\"async\" src=\"https:\/\/www.europesays.com\/no\/wp-content\/uploads\/2026\/01\/84068389.webp.webp\" width=\"667\" height=\"381\" title=\"SOLBESKYTTELSE: Marianne bruker n\u00e5 solkrem, og unng\u00e5r solarium og sterk sol. Foto: privat.\" alt=\"\" class=\"\" style=\"--aspect-ratio-image: 1.75; \"\/><\/p>\n<p>\n        SOLBESKYTTELSE: Marianne bruker n\u00e5 solkrem, og unng\u00e5r solarium og sterk sol. Foto: privat.\n    <\/p>\n<p>S\u00e5 mange f\u00e5r f\u00f8flekkreft\t<\/p>\n<p class=\"italic m-italic\" data-lab-italic=\"italic\">&#8211; Hva er symptomene p\u00e5 f\u00f8flekkreft?<\/p>\n<p>&#8211; Symptomer p\u00e5 f\u00f8flekkreft kan v\u00e6re en f\u00f8flekk eller en ny flekk som endrer form og farge, vokser, kl\u00f8r eller bl\u00f8r. Det viktigste er \u00e5 f\u00f8lge med p\u00e5 om flekken er i endring. Det er mer vanlig at et melanom oppst\u00e5r i en ny flekk, enn i en f\u00f8flekk man har fra f\u00f8r.<\/p>\n<p>Det sier\u00a0Ingrid Stenstadvold Ross, som er generalsekret\u00e6r i Kreftforeningen, til KK.<\/p>\n<p class=\"italic m-italic\" data-lab-italic=\"italic\">&#8211; Hvor mange f\u00e5r f\u00f8flekkreft?<\/p>\n<p>&#8211; Det er rundt 2700 nordmenn som f\u00e5r melanom, og kreftformen rammer b\u00e5de kvinner og menn, sier Stenstadvold Ross.<\/p>\n<p>Hun gir gode tips for \u00e5 redusere risikoen for denne typen kreft.<\/p>\n<p class=\"font-weight-bold m-font-weight-bold\" data-lab-font_weight=\"font-weight-bold\">&#8211; Det viktigste du kan gj\u00f8re for \u00e5 redusere risikoen for \u00e5 f\u00f8flekkreft, er \u00e5 unng\u00e5 solarium og ha gode solvaner n\u00e5r du er ute. 90 prosent av all hudkreft har sammenheng med UV-str\u00e5ler som hovedsakelig kommer fra sol og solarium, forklarer hun.<\/p>\n<p>Du kan selvf\u00f8lgelig nyte solen, men ta en pause n\u00e5r solstr\u00e5lene er p\u00e5 sitt sterkeste midt p\u00e5 dagen, dekk deg med kl\u00e6r og caps, og bruk godt med solkrem n\u00e5r du ikke kan beskytte deg p\u00e5 andre m\u00e5ter.<\/p>\n<p>    <a itemprop=\"url\" href=\"https:\/\/www.kk.no\/helse\/desirees-grep-for-a-bli-fit-etter-fylte-40-tror-mange-blir-overrasket-over-hvor-lett-det-er\/83925498\" rel=\"nofollow noopener\" target=\"_blank\"><\/p>\n<p>        <img loading=\"lazy\" decoding=\"async\" src=\"https:\/\/www.europesays.com\/no\/wp-content\/uploads\/2026\/01\/84018532.webp.webp\" width=\"980\" height=\"441\" title=\"Desir\u00e9es grep for \u00e5 bli fit etter fylte 40: - Tror mange blir overrasket over hvor lett det er\" alt=\"\" class=\"lazyload\" style=\"--aspect-ratio-image: 2.22; \"\/><\/p>\n<p>        Desir\u00e9es grep for \u00e5 bli fit etter fylte 40: &#8211; Tror mange blir overrasket over hvor lett det er<\/p>\n<p>    <\/a><\/p>\n<p>    <a itemprop=\"url\" href=\"https:\/\/www.kk.no\/helse\/tenk-deg-du-star-foran-en-lege-og-sier-at-noe-er-galt-sa-far-du-beskjed-om-at-alt-er-bra-1\/83846684\" rel=\"nofollow noopener\" target=\"_blank\"><\/p>\n<p>        <img loading=\"lazy\" decoding=\"async\" src=\"https:\/\/www.europesays.com\/no\/wp-content\/uploads\/2026\/01\/83847435.webp.webp\" width=\"980\" height=\"441\" title=\"- Tenk deg: Du st\u00e5r foran en lege og sier at noe er galt. S\u00e5 f\u00e5r du beskjed om at alt er bra\" alt=\"\" class=\"lazyload\" style=\"--aspect-ratio-image: 2.22; \"\/><\/p>\n<p>        &#8211; Tenk deg: Du st\u00e5r foran en lege og sier at noe er galt. S\u00e5 f\u00e5r du beskjed om at alt er bra<\/p>\n<p>    <\/a><\/p>\n<p>    <a itemprop=\"url\" href=\"https:\/\/www.kk.no\/helse\/sa-lite-trenger-du-faktisk-a-trene\/83123739\" rel=\"nofollow noopener\" target=\"_blank\"><\/p>\n<p>        <img loading=\"lazy\" decoding=\"async\" src=\"https:\/\/www.europesays.com\/no\/wp-content\/uploads\/2026\/01\/83214446.webp.webp\" width=\"980\" height=\"441\" title=\"S\u00e5 lite trenger du \u00e5 trene\" alt=\"\" class=\"lazyload\" style=\"--aspect-ratio-image: 2.22; \"\/><\/p>\n<p>        S\u00e5 lite trenger du \u00e5 trene<\/p>\n<p>    <\/a><\/p>\n","protected":false},"excerpt":{"rendered":"Kreft: En tilfeldig kommentar reddet trolig livet til tobarnsmor Marianne (34). FRISK OG AKTIV: Marianne var en frisk&hellip;\n","protected":false},"author":2,"featured_media":137872,"comment_status":"","ping_status":"","sticky":false,"template":"","format":"standard","meta":{"footnotes":""},"categories":[5],"tags":[20,21,24,25,15,736,19,1401,22,23,17,18,13,30,28,29,14,16,26,27],"class_list":{"0":"post-137871","1":"post","2":"type-post","3":"status-publish","4":"format-standard","5":"has-post-thumbnail","7":"category-overskrifter","8":"tag-breaking-news","9":"tag-breakingnews","10":"tag-featured-news","11":"tag-featurednews","12":"tag-headlines","13":"tag-helse","14":"tag-hovedoppslag","15":"tag-kreft","16":"tag-latest-news","17":"tag-latestnews","18":"tag-main-news","19":"tag-mainnews","20":"tag-news","21":"tag-no","22":"tag-norge","23":"tag-norway","24":"tag-nyheter","25":"tag-overskrifter","26":"tag-top-stories","27":"tag-topstories"},"share_on_mastodon":{"url":"https:\/\/pubeurope.com\/@no\/115897781751878567","error":""},"_links":{"self":[{"href":"https:\/\/www.europesays.com\/no\/wp-json\/wp\/v2\/posts\/137871","targetHints":{"allow":["GET"]}}],"collection":[{"href":"https:\/\/www.europesays.com\/no\/wp-json\/wp\/v2\/posts"}],"about":[{"href":"https:\/\/www.europesays.com\/no\/wp-json\/wp\/v2\/types\/post"}],"author":[{"embeddable":true,"href":"https:\/\/www.europesays.com\/no\/wp-json\/wp\/v2\/users\/2"}],"replies":[{"embeddable":true,"href":"https:\/\/www.europesays.com\/no\/wp-json\/wp\/v2\/comments?post=137871"}],"version-history":[{"count":0,"href":"https:\/\/www.europesays.com\/no\/wp-json\/wp\/v2\/posts\/137871\/revisions"}],"wp:featuredmedia":[{"embeddable":true,"href":"https:\/\/www.europesays.com\/no\/wp-json\/wp\/v2\/media\/137872"}],"wp:attachment":[{"href":"https:\/\/www.europesays.com\/no\/wp-json\/wp\/v2\/media?parent=137871"}],"wp:term":[{"taxonomy":"category","embeddable":true,"href":"https:\/\/www.europesays.com\/no\/wp-json\/wp\/v2\/categories?post=137871"},{"taxonomy":"post_tag","embeddable":true,"href":"https:\/\/www.europesays.com\/no\/wp-json\/wp\/v2\/tags?post=137871"}],"curies":[{"name":"wp","href":"https:\/\/api.w.org\/{rel}","templated":true}]}}