{"id":137875,"date":"2026-01-15T06:55:08","date_gmt":"2026-01-15T06:55:08","guid":{"rendered":"https:\/\/www.europesays.com\/no\/137875\/"},"modified":"2026-01-15T06:55:08","modified_gmt":"2026-01-15T06:55:08","slug":"lotta-udnes-weng-om-ol-deltakelse","status":"publish","type":"post","link":"https:\/\/www.europesays.com\/no\/137875\/","title":{"rendered":"Lotta Udnes Weng om OL-deltakelse"},"content":{"rendered":"\n<p class=\"_lead_o9xde_2 _lead_xtcu6_50 layout-component text-serif-m layout-normal text-serif-l layout-component layout-wide layout-padded _wide_17hqh_1 layout-padded\">Landslagsl\u00f8per Lotta Udnes Weng kan trolig se langt etter OL-deltakelse i det som har v\u00e6rt en vanskelig sesong. Underveis har det v\u00e6rt mange tunge tanker.<\/p>\n<p><img alt=\"Lotta Udnes Weng har tunge uker bak seg.  Foto: Lise \u00c5serud \/ NTB\" class=\"_image_qp4xg_65 layout-component layout-wide\" data-fullscreen- data-track-element-type=\"Article image fullscreen\" data-track-name=\"ImageFullscreen\" fetchpriority=\"high\" decoding=\"sync\" loading=\"eager\" height=\"2381\" itemprop=\"image\"  src=\"https:\/\/www.europesays.com\/no\/wp-content\/uploads\/2026\/01\/fc2d4d9f-0b11-41f9-95c1-85b0ef93e84c.png\"  style=\"object-position:0% 0%\" width=\"3572\"\/>Lotta Udnes Weng har tunge uker bak seg.  Foto: Lise \u00c5serud \/ NTB<\/p>\n<ul aria-hidden=\"true\" class=\"_images_ntbth_112\">\n<li><a class=\"_link_ntbth_117\" href=\"https:\/\/www.vg.no\/forfatter\/ntb\" style=\"z-index:1\" title=\"NTB\" rel=\"nofollow noopener\" target=\"_blank\"><img alt=\"Bilde av NTB\" class=\"_image_ntbth_93\" fetchpriority=\"low\" loading=\"lazy\" decoding=\"async\" itemprop=\"image\"  src=\"https:\/\/www.europesays.com\/no\/wp-content\/uploads\/2026\/01\/1768460108_858_c33980b0-5d07-4027-84a1-813f90a7c8d6.png\"  width=\"480\"\/><\/a><\/li>\n<\/ul>\n<p> Oppdatert torsdag 15. januar kl. 07:11     <\/p>\n<p class=\"_paragraph_o9xde_4 _paragraph_xtcu6_10 layout-component text-serif-m layout-normal text-serif-m layout-padded\">Onsdag ble langrennsprofilen sl\u00e5tt ut i kvartfinalen under NM-sprinten i Steinkjer. P\u00e5 den samme distansen tok hun i 2019 karrierens s\u00e5 langt eneste individuelle NM-gull.<\/p>\n<p class=\"_paragraph_o9xde_4 _paragraph_xtcu6_10 layout-component text-serif-m layout-normal text-serif-m layout-padded\">Til denne ukens mesterskap i Tr\u00f8ndelag kom 29-\u00e5ringen etter en lengre sykdomsperiode. Nes-jenta hadde likevel store ambisjoner og var langt nede etter exiten.<\/p>\n<p class=\"_paragraph_o9xde_4 _paragraph_xtcu6_10 layout-component text-serif-m layout-normal text-serif-m layout-padded\">I pressesonen kalte hun egen innsats katastrofal. <\/p>\n<p class=\"_paragraph_o9xde_4 _paragraph_xtcu6_10 layout-component text-serif-m layout-normal text-serif-m layout-padded\">\u2013 Den er jo det. Jeg vet jeg skal v\u00e6re med \u00e5 kjempe om seieren nasjonalt n\u00e5r (Kristine Stav\u00e5s) Skistad og (Mathilde) Myhrvold ikke er her. Da er det \u00e5pent. P\u00e5 en normal dag skal jeg v\u00e6re i finalen. S\u00e5 ryker jeg i kvartfinalen. Jeg kan faktisk ikke huske sist jeg var s\u00e5 d\u00e5rlig, sa Udnes Weng til NTB.<\/p>\n<p class=\"_paragraph_o9xde_4 _paragraph_xtcu6_10 layout-component text-serif-m layout-normal text-serif-m layout-padded\">Sykdomsperioden hun har bak seg fant hun liten tr\u00f8st i.<\/p>\n<p class=\"_paragraph_o9xde_4 _paragraph_xtcu6_10 layout-component text-serif-m layout-normal text-serif-m layout-padded\">\u2013 Det er en forklaring, men n\u00e5r man f\u00f8rst er her og har jugd til seg selv i to uker om at dette skal g\u00e5 bra, blir man uansett skuffet, sa 29-\u00e5ringen.<\/p>\n<p>   \u2013 Brutalt<\/p>\n<p class=\"_paragraph_o9xde_4 _paragraph_xtcu6_10 layout-component text-serif-m layout-normal text-serif-m layout-padded\">14.-plassen fra fristilssprinten i Davos f\u00f8r jul er Nes-jentas beste plassering i verdenscupen i vinter. Det holder etter alle solemerker ikke til plass i OL-troppen.<\/p>\n<p class=\"_paragraph_o9xde_4 _paragraph_xtcu6_10 layout-component text-serif-m layout-normal text-serif-m layout-padded\">Udnes Weng erkjenner at de mange tilbakeslagene har v\u00e6rt vanskelige \u00e5 takle.<\/p>\n<p class=\"_paragraph_o9xde_4 _paragraph_xtcu6_10 layout-component text-serif-m layout-normal text-serif-m layout-padded\">\u2013 Det er t\u00f8ft. Toppidrett er brutalt, og det er dessverre flest nedturer for de aller fleste. Det jeg har kjent p\u00e5 i vinter, er at n\u00e5r man presterer d\u00e5rlig, har man det d\u00e5rlig som person ogs\u00e5. Man f\u00f8ler seg som et null, egentlig, sier Nes-jenta \u00e6rlig \u2013 og legger til:<\/p>\n<p class=\"_paragraph_o9xde_4 _paragraph_xtcu6_10 layout-component text-serif-m layout-normal text-serif-m layout-padded\">\u2013 Det er nesten flaut \u00e5 m\u00f8te folk.<\/p>\n<p class=\"_paragraph_o9xde_4 _paragraph_xtcu6_10 layout-component text-serif-m layout-normal text-serif-m layout-padded\">\u2013 Hvordan l\u00f8fter man seg selv n\u00e5r hodet er fullt av s\u00e5nne tanker?<\/p>\n<p class=\"_paragraph_o9xde_4 _paragraph_xtcu6_10 layout-component text-serif-m layout-normal text-serif-m layout-padded\">\u2013 Man pr\u00f8ver \u00e5 se tilbake p\u00e5 gode opplevelser og gode skirenn. Det er det jeg m\u00e5 tr\u00f8ste meg med. Det hjelper ogs\u00e5 \u00e5 se lagvenninner prestere godt, for jeg vet jo at jeg har trent med dem hele h\u00f8sten og v\u00e6rt helt der oppe.<\/p>\n<p>   Tvillings\u00f8ster i bedring<\/p>\n<p class=\"_paragraph_o9xde_4 _paragraph_xtcu6_10 layout-component text-serif-m layout-normal text-serif-m layout-padded\">29-\u00e5ringen er tatt ut til helgens verdenscuprenn i tyske Oberhof. Umiddelbart etter onsdagens NM-sprint var hun imidlertid usikker p\u00e5 om Tyskland-turen burde avlyses.<\/p>\n<p class=\"_paragraph_o9xde_4 _paragraph_xtcu6_10 layout-component text-serif-m layout-normal text-serif-m layout-padded\">\u2013 Jeg vet ikke. Jeg m\u00e5tte bevise noe for meg selv i dag og f\u00e5 gode svar, men det gjorde jeg ikke. Derfor er jeg litt i \u00f8rska akkurat n\u00e5, sa langrennsprofilen.<\/p>\n<p class=\"_paragraph_o9xde_4 _paragraph_xtcu6_10 layout-component text-serif-m layout-normal text-serif-m layout-padded\">Ogs\u00e5 tvillings\u00f8ster Tiril Udnes Weng er tatt ut til Oberhof-rennene. Hun er ogs\u00e5 langt unna toppniv\u00e5et som ga sammenlagtseier i verdenscupen for noen \u00e5r siden. P\u00e5 onsdagens sprint ble det exit i semifinalene.<\/p>\n<p class=\"_paragraph_o9xde_4 _paragraph_xtcu6_10 layout-component text-serif-m layout-normal text-serif-m layout-padded\">\u2013 Det er tungt \u00e5 hele tiden skulle snu innstillingen til \u00e5 ha trua. N\u00e5 f\u00f8ler jeg samtidig at jeg har en kropp som fungerer, og det er det som har v\u00e6rt m\u00e5let mitt det siste \u00e5ret. Da er det enda kjipere at jeg ikke gj\u00f8r de rette valgene som gj\u00f8r at jeg kommer til finalen her, sa hun til NTB etterp\u00e5.<\/p>\n<p class=\"_paragraph_o9xde_4 _paragraph_xtcu6_10 layout-component text-serif-m layout-normal text-serif-m layout-padded\">\u2013 N\u00e5 er jeg der jeg skal v\u00e6re p\u00e5 fysiske tester. s\u00e5 gjenst\u00e5r det litt p\u00e5 teknikk og det \u00e5 gjennomf\u00f8re skirenn, men mye ligger til rette n\u00e5 for at det skal g\u00e5 bedre, la Nes-jenta til.<\/p>\n<p class=\"_paragraph_o9xde_4 _paragraph_xtcu6_10 layout-component text-serif-m layout-normal text-serif-m layout-padded\">Det st\u00e5r sprint og 10 kilometer klassisk p\u00e5 programmet i Oberhof.<\/p>\n","protected":false},"excerpt":{"rendered":"Landslagsl\u00f8per Lotta Udnes Weng kan trolig se langt etter OL-deltakelse i det som har v\u00e6rt en vanskelig sesong.&hellip;\n","protected":false},"author":2,"featured_media":137876,"comment_status":"","ping_status":"","sticky":false,"template":"","format":"standard","meta":{"footnotes":""},"categories":[5],"tags":[20,21,24,25,15,19,22,23,17,18,13,30,28,29,14,16,26,27],"class_list":{"0":"post-137875","1":"post","2":"type-post","3":"status-publish","4":"format-standard","5":"has-post-thumbnail","7":"category-overskrifter","8":"tag-breaking-news","9":"tag-breakingnews","10":"tag-featured-news","11":"tag-featurednews","12":"tag-headlines","13":"tag-hovedoppslag","14":"tag-latest-news","15":"tag-latestnews","16":"tag-main-news","17":"tag-mainnews","18":"tag-news","19":"tag-no","20":"tag-norge","21":"tag-norway","22":"tag-nyheter","23":"tag-overskrifter","24":"tag-top-stories","25":"tag-topstories"},"share_on_mastodon":{"url":"https:\/\/pubeurope.com\/@no\/115897809264980980","error":""},"_links":{"self":[{"href":"https:\/\/www.europesays.com\/no\/wp-json\/wp\/v2\/posts\/137875","targetHints":{"allow":["GET"]}}],"collection":[{"href":"https:\/\/www.europesays.com\/no\/wp-json\/wp\/v2\/posts"}],"about":[{"href":"https:\/\/www.europesays.com\/no\/wp-json\/wp\/v2\/types\/post"}],"author":[{"embeddable":true,"href":"https:\/\/www.europesays.com\/no\/wp-json\/wp\/v2\/users\/2"}],"replies":[{"embeddable":true,"href":"https:\/\/www.europesays.com\/no\/wp-json\/wp\/v2\/comments?post=137875"}],"version-history":[{"count":0,"href":"https:\/\/www.europesays.com\/no\/wp-json\/wp\/v2\/posts\/137875\/revisions"}],"wp:featuredmedia":[{"embeddable":true,"href":"https:\/\/www.europesays.com\/no\/wp-json\/wp\/v2\/media\/137876"}],"wp:attachment":[{"href":"https:\/\/www.europesays.com\/no\/wp-json\/wp\/v2\/media?parent=137875"}],"wp:term":[{"taxonomy":"category","embeddable":true,"href":"https:\/\/www.europesays.com\/no\/wp-json\/wp\/v2\/categories?post=137875"},{"taxonomy":"post_tag","embeddable":true,"href":"https:\/\/www.europesays.com\/no\/wp-json\/wp\/v2\/tags?post=137875"}],"curies":[{"name":"wp","href":"https:\/\/api.w.org\/{rel}","templated":true}]}}