{"id":137895,"date":"2026-01-15T07:16:18","date_gmt":"2026-01-15T07:16:18","guid":{"rendered":"https:\/\/www.europesays.com\/no\/137895\/"},"modified":"2026-01-15T07:16:18","modified_gmt":"2026-01-15T07:16:18","slug":"halvparten-sa-mange-dode-pa-sjoen-i-2025-men-en-gruppe-svikter-nrk-vestfold-og-telemark-lokale-nyheter-tv-og-radio","status":"publish","type":"post","link":"https:\/\/www.europesays.com\/no\/137895\/","title":{"rendered":"Halvparten s\u00e5 mange d\u00f8de p\u00e5 sj\u00f8en i 2025 \u2013 men \u00e9n gruppe svikter. \u2013 NRK Vestfold og Telemark \u2013 Lokale nyheter, TV og radio"},"content":{"rendered":"<p>Saken oppsummert: <\/p>\n<ul>\n<li>Antall d\u00f8dsulykker i fritidsb\u00e5t p\u00e5 sj\u00f8en fra 2024 til 2025 ble kraftig redusert.<\/li>\n<li>De fleste d\u00f8dsulykkene skjer under rolige vindforhold, og alle omkomne i 2025 var menn med en gjennomsnittsalder p\u00e5 66 \u00e5r.<\/li>\n<li>Holdningskampanjer og krav til h\u00f8yhastighetsbevis for fritidsb\u00e5ter har hatt en positiv effekt p\u00e5 ulykkesstatistikken.<\/li>\n<li>Under halvparten av de omkomne brukte flytevest, noe som fortsatt er en stor utfordring.<\/li>\n<li>Redningsselskapet og politiet jobber aktivt for \u00e5 \u00f8ke sikkerheten p\u00e5 sj\u00f8en<\/li>\n<\/ul>\n<p>Oppsummeringen er laget av en KI-tjeneste fra OpenAI. Innholdet er kvalitetssikret av NRKs journalister f\u00f8r publisering.<\/p>\n<p>Det er 12. januar og ti kuldegrader n\u00e5r vi m\u00f8ter Kalle Devik fra Redningsselskapet i styrehuset p\u00e5 den hypermoderne redningssk\u00f8yta Wilhelm Wilhelmsen i Horten, hvor han tilbragte over 330 timer som frivillig i fjor.<\/p>\n<p>En iskald redningssk\u00f8yte er en stor kontrast til b\u00e5tsommeren p\u00e5 Oslofjorden i 2025.<\/p>\n<p><strong>\u2013 Sommeren 2025 var veldig fin, og vi s\u00e5 en nedgang i antall oppdrag. Det tyder kanskje p\u00e5 at b\u00e5tfolket tar litt l\u00e6rdom av det som har skjedd tidligere, sier han.<\/strong><\/p>\n<p><img decoding=\"async\"   src=\"data:image\/gif;base64,R0lGODlhAQABAIAAAAAAAP\/\/\/yH5BAEAAAAALAAAAAABAAEAAAIBRAA7\" loading=\"eager\" alt=\"En person if\u00f8rt r\u00f8d marinejakke st\u00e5r p\u00e5 en b\u00e5t i havn, omgitt av sn\u00f8dekte omr\u00e5der. B\u00e5ten har en sort skrogfarge, og det er synlige flagg i bakgrunnen. Det er overskyet v\u00e6r, og omgivelsene gir en kald atmosf\u00e6re. Bak personen sees en moderne bygning som trolig huser fasiliteter knyttet til b\u00e5thavn.\" title=\"Foto: Guro Hatlo \/ NRK\"\/><\/p>\n<p class=\"\">Kalle Devik mottok i 2025 Redningsd\u00e5dsprisen fra Redningsselskapet for sin innsats under d\u00f8dsulykken i Oslofjorden p\u00e5 sankthansaften 2024.<\/p>\n<p>Foto: Guro Hatlo \/ NRK<\/p>\n<p>I 2024 var <a href=\"http:\/\/www.nrk.no\/stor-oslo\/batkollisjon-utenfor-asker-1.16936953\" ec-id=\"pp:article:1.16936953\" ec-name=\"den siste fatale ulykken\" rel=\"nofollow noopener\" target=\"_blank\">den siste fatale ulykken<\/a> i deres omr\u00e5de.<\/p>\n<p>Siden den gang har oppdragene i hovedsak dreid seg om b\u00e5ter som har g\u00e5tt tomme for drivstoff eller kj\u00f8rt seg fast p\u00e5 skj\u00e6r.<\/p>\n<p>Rolig sj\u00f8 og godt voksne menn<\/p>\n<p>Se for deg en solskinnsdag p\u00e5 en rolig fjord.<\/p>\n<p>Det er bar overkropp, brilleskille, duften av sj\u00f8, solkrem og reker.<\/p>\n<p>Det er akkurat her og n\u00e5 det er farligst.<\/p>\n<p>Det er nemlig ikke stormen som tar liv, det er den falske tryggheten p\u00e5 en solskinnsdag.<\/p>\n<p><img decoding=\"async\"   src=\"data:image\/gif;base64,R0lGODlhAQABAIAAAAAAAP\/\/\/yH5BAEAAAAALAAAAAABAAEAAAIBRAA7\" loading=\"eager\" alt=\"Bilde viser en havn med flere b\u00e5ter og fargerike trehus langs bredden. Folk samles p\u00e5 kaien og ved vannet, noen sitter i b\u00e5tene, mens andre spaserer. Himmelen er klar med f\u00e5 skyer, og det er gode v\u00e6rforhold. Omgivelsene gir et inntrykk av en livlig sommerdag i en kystby.\" title=\"Foto: Geir Olsen\"\/><\/p>\n<p class=\"\">Mange b\u00e5ter p\u00e5 vannet en solskinnsdag i Krager\u00f8<\/p>\n<p>Foto: Geir Olsen<\/p>\n<p><strong>\u2013 B\u00e5tforbundet merker seg at de fleste fatale ulykker skjer under rolige vindforhold. Ved uv\u00e6r er det lite ulykker, sier generalsekret\u00e6r Stig Hvide Smith i Kongelig Norsk B\u00e5tforbund, KNBF.<\/strong><\/p>\n<p>De opererer med 16 omkomne p\u00e5 sj\u00f8en i 2025, mens Sj\u00f8fartsdirektoratet sitt tall er 17.<\/p>\n<p>Uansett, gjennomsnittsalderen er 66 \u00e5r, og det er f\u00e5 under 40 \u00e5r som d\u00f8r.<\/p>\n<p><strong>Alle var menn.<\/strong><\/p>\n<p>\u2013 De yngre fremst\u00e5r eksemplariske, mens eldre b\u00e5tf\u00f8rere dessverre svikter i forhold til sikkerhetshensynet p\u00e5 sj\u00f8en, sier Smith.<\/p>\n<p><img decoding=\"async\"   src=\"data:image\/gif;base64,R0lGODlhAQABAIAAAAAAAP\/\/\/yH5BAEAAAAALAAAAAABAAEAAAIBRAA7\" loading=\"eager\" alt=\"En person st\u00e5r p\u00e5 en b\u00e5t med navnet &quot;Prinsesse Ragnhild&quot; i en sn\u00f8dekt havn. Personen har p\u00e5 seg en r\u00f8d jakke merket med RSH. Omgivelsene inkluderer sn\u00f8dekte steiner og en brygge i bakgrunnen. Det er gr\u00e5tt v\u00e6r, og sn\u00f8en dekker b\u00e5ten.\" title=\"Foto: Guro Hatlo \/ NRK\"\/><\/p>\n<p class=\"\">Frivillig Kalle Devik i Redningsselskapet i Horten st\u00e5r p\u00e5 b\u00e5ten &laquo;Prinsesse Ragnhild&raquo; i en sn\u00f8dekt havn.<\/p>\n<p>Foto: Guro Hatlo \/ NRK<\/p>\n<p>Holdningskampanjer gj\u00f8r susen<\/p>\n<p><strong>\u2013 Det er aldri blitt kj\u00f8rt s\u00e5 kraftig p\u00e5 holdningskampanjer som i fjor, s\u00e5 det er et h\u00e5p at det kan p\u00e5virke, sier Smith.<\/strong><\/p>\n<p>Ogs\u00e5 redningsselskapet merker en effekt.<\/p>\n<p>\u2013 Vi blir m\u00f8tt med mange sp\u00f8rsm\u00e5l og kommentarer til holdningskampanjene n\u00e5r vi er ute p\u00e5 vakt, og det tyder p\u00e5 at det treffer, og det treffer p\u00e5 riktig m\u00e5te, sier Kalle Devik.<\/p>\n<p>Men Smith mener likevel at eldre b\u00e5tf\u00f8rere ikke oppf\u00f8rer seg godt nok p\u00e5 sj\u00f8en.<\/p>\n<p>\u2013 Vi m\u00e5 n\u00e5 endre fokus i forhold til m\u00e5lgrupper. Det er eldre menn som forulykker, og fokus m\u00e5 n\u00e5 rettes for \u00e5 f\u00e5 disse til \u00e5 ta ansvar, sier han.<\/p>\n<p><img decoding=\"async\"   src=\"data:image\/gif;base64,R0lGODlhAQABAIAAAAAAAP\/\/\/yH5BAEAAAAALAAAAAABAAEAAAIBRAA7\" loading=\"eager\" alt=\"En person if\u00f8rt en r\u00f8d flytevest st\u00e5r p\u00e5 en havn. Bak personen er seilb\u00e5ter og bl\u00e5 himmel. Personen ser mot kameraet, og det er tydelig solskinn. Det er ingen andre synlige personer i n\u00e6rheten.\" title=\"Foto: Pressefoto KNBF\"\/><\/p>\n<p class=\"\">Stig Hvide Smith er generalsekret\u00e6r i Kongelig Norsk B\u00e5tforbund. <\/p>\n<p>Foto: Pressefoto KNBF<\/p>\n<p>Politiet skulle gjerne v\u00e6rt mer p\u00e5 sj\u00f8en<\/p>\n<p>\u2013 Jeg h\u00e5per at v\u00e5r tilstedev\u00e6relse p\u00e5 sj\u00f8en har hatt en viss forebyggende effekt, forklarer leder for patruljeseksjonen ved Grenland politistasjon, Geir Jarrett-Arnesen.<\/p>\n<p><strong>Han sier at politiet ikke har f\u00e5tt v\u00e6rt s\u00e5 mye ute med politib\u00e5ten som \u00f8nsket, men at de er til stede p\u00e5 sj\u00f8en s\u00e5 ofte de kan.<\/strong><\/p>\n<p>\u2013 F\u00f8rst og fremst s\u00e5 er det utrolig hyggelige tall. Det er jo noe ogs\u00e5 vi jobber for, at d\u00f8dsulykkene skal g\u00e5 ned p\u00e5 sj\u00f8en.<\/p>\n<p><img decoding=\"async\"   src=\"data:image\/gif;base64,R0lGODlhAQABAIAAAAAAAP\/\/\/yH5BAEAAAAALAAAAAABAAEAAAIBRAA7\" loading=\"eager\" alt=\"En politibetjent st\u00e5r ved siden av en politibil med refleksfarger. Bak betjenten vises et kontrollpanel med skjermer. Omr\u00e5det rundt er \u00e5pent med noe vegetasjon i bakgrunnen. Dagen er gr\u00e5 og overskyet.\" title=\"Foto: H\u00e5kon Lie \/ NRK\"\/><\/p>\n<p class=\"\">Leder for patruljeseksjonen ved Grenland politistasjon, Geir Jarrett-Arnesen. <\/p>\n<p>Foto: H\u00e5kon Lie \/ NRK<\/p>\n<p><strong>I 2023 ble det innf\u00f8rt krav til h\u00f8yhastighetsbevis for alle som skal f\u00f8re fritidsb\u00e5t (inkludert vannskuter) som kan oppn\u00e5 en hastighet p\u00e5 50 knop eller mer. Jarrett-Arnesen tror det kan ha hatt en effekt p\u00e5 tallene.<\/strong><\/p>\n<p>\u2013 Det er jo ikke noe hemmelighet at det \u00e5 kj\u00f8re fort p\u00e5 sj\u00f8en kan ha visse utfordringer, s\u00e5 alle s\u00e5nne tiltak er bra for \u00e5 f\u00e5 ned ulykkesstatistikken, sier han.<\/p>\n<p>Under halvparten brukte flytevest<\/p>\n<p>I 2024 var det 27 d\u00f8dsulykker med totalt 40 omkomne, mot alts\u00e5 17 i fjor.<\/p>\n<p><strong>Kun syv av de 17 brukte flyteutstyr.<\/strong><\/p>\n<p><img decoding=\"async\"   src=\"data:image\/gif;base64,R0lGODlhAQABAIAAAAAAAP\/\/\/yH5BAEAAAAALAAAAAABAAEAAAIBRAA7\" loading=\"eager\" alt=\"Oslo 20150626.Fra og med fredag 1. mai er det p\u00e5budt med redningsvest for alle i b\u00e5ter under \u00e5tte meter. Redningsvester p\u00e5 brygge.Foto: Vidar Ruud \/ NTB scanpix Oslo 20150626.Fra og med fredag 1. mai er det p\u00e5budt med redningsvest for alle i b\u00e5ter under \u00e5tte meter. Redningsvester p\u00e5 brygge.Foto: Vidar Ruud \/ NTB scanpix\" title=\"Foto: NTB scanpix\"\/><\/p>\n<p>Foto: NTB scanpix<\/p>\n<p>\u2013 At vi i 2025 ser det laveste antallet omkomne p\u00e5 25 \u00e5r, er et viktig signal. Samtidig m\u00e5 vi v\u00e6re tydelige p\u00e5 at m\u00e5let er null. Vi jobber m\u00e5lrettet mot en nullvisjon for hardt skadde og omkomne i fritidsb\u00e5tulykker, sier sj\u00f8fartsdirekt\u00f8r Alf Tore S\u00f8rheim, i en pressemelding.<\/p>\n<p>Redningsselskapet sier de er n\u00f8ye p\u00e5 \u00e5 oppdra folk som ikke bruker denne ekstra livsforsikringa.<\/p>\n<p><strong>\u2013 Vi sier alltid ifra n\u00e5r vi ser folk uten, sier Kalle Devik.<\/strong><\/p>\n<p>Fra menn i 50-60-\u00e5rs alderen f\u00e5r han ofte h\u00f8re at de er s\u00e5 godt vant med sj\u00f8 og kan b\u00e5t, s\u00e5 ingenting skjer med dem.<\/p>\n<p>\u2013 Den klassiske, dessverre, kommenterer Devik.<\/p>\n<p>Publisert<\/p>\n<p>13.01.2026, kl. 20.34<\/p>\n<p>Oppdatert<\/p>\n<p>14.01.2026, kl. 05.58<\/p>\n","protected":false},"excerpt":{"rendered":"Saken oppsummert: Antall d\u00f8dsulykker i fritidsb\u00e5t p\u00e5 sj\u00f8en fra 2024 til 2025 ble kraftig redusert. De fleste d\u00f8dsulykkene&hellip;\n","protected":false},"author":2,"featured_media":137896,"comment_status":"","ping_status":"","sticky":false,"template":"","format":"standard","meta":{"footnotes":""},"categories":[5],"tags":[20,21,24,25,15,19,22,23,17,18,13,30,28,29,14,16,26,27],"class_list":{"0":"post-137895","1":"post","2":"type-post","3":"status-publish","4":"format-standard","5":"has-post-thumbnail","7":"category-overskrifter","8":"tag-breaking-news","9":"tag-breakingnews","10":"tag-featured-news","11":"tag-featurednews","12":"tag-headlines","13":"tag-hovedoppslag","14":"tag-latest-news","15":"tag-latestnews","16":"tag-main-news","17":"tag-mainnews","18":"tag-news","19":"tag-no","20":"tag-norge","21":"tag-norway","22":"tag-nyheter","23":"tag-overskrifter","24":"tag-top-stories","25":"tag-topstories"},"share_on_mastodon":{"url":"https:\/\/pubeurope.com\/@no\/115897891722639885","error":""},"_links":{"self":[{"href":"https:\/\/www.europesays.com\/no\/wp-json\/wp\/v2\/posts\/137895","targetHints":{"allow":["GET"]}}],"collection":[{"href":"https:\/\/www.europesays.com\/no\/wp-json\/wp\/v2\/posts"}],"about":[{"href":"https:\/\/www.europesays.com\/no\/wp-json\/wp\/v2\/types\/post"}],"author":[{"embeddable":true,"href":"https:\/\/www.europesays.com\/no\/wp-json\/wp\/v2\/users\/2"}],"replies":[{"embeddable":true,"href":"https:\/\/www.europesays.com\/no\/wp-json\/wp\/v2\/comments?post=137895"}],"version-history":[{"count":0,"href":"https:\/\/www.europesays.com\/no\/wp-json\/wp\/v2\/posts\/137895\/revisions"}],"wp:featuredmedia":[{"embeddable":true,"href":"https:\/\/www.europesays.com\/no\/wp-json\/wp\/v2\/media\/137896"}],"wp:attachment":[{"href":"https:\/\/www.europesays.com\/no\/wp-json\/wp\/v2\/media?parent=137895"}],"wp:term":[{"taxonomy":"category","embeddable":true,"href":"https:\/\/www.europesays.com\/no\/wp-json\/wp\/v2\/categories?post=137895"},{"taxonomy":"post_tag","embeddable":true,"href":"https:\/\/www.europesays.com\/no\/wp-json\/wp\/v2\/tags?post=137895"}],"curies":[{"name":"wp","href":"https:\/\/api.w.org\/{rel}","templated":true}]}}