{"id":137913,"date":"2026-01-15T07:38:09","date_gmt":"2026-01-15T07:38:09","guid":{"rendered":"https:\/\/www.europesays.com\/no\/137913\/"},"modified":"2026-01-15T07:38:09","modified_gmt":"2026-01-15T07:38:09","slug":"parkeringsplasser-bred-enighet-altfor-smalt","status":"publish","type":"post","link":"https:\/\/www.europesays.com\/no\/137913\/","title":{"rendered":"Parkeringsplasser: Bred enighet: Altfor smalt!"},"content":{"rendered":"<p>        Saken oppsummert<\/p>\n<ul lang=\"nb-NO\">\n<li>Biler har blitt st\u00f8rre, men parkeringsplassene har ikke fulgt med i utviklingen.<\/li>\n<li>Forsikringsselskapene rapporterer om tusenvis av bilskader knyttet til trange parkeringsforhold.<\/li>\n<li>81 prosent av befolkningen er misforn\u00f8yde med dagens parkeringsbredde.<\/li>\n<li>SINTEF anbefaler \u00e5 \u00f8ke parkeringsbredden for \u00e5 redusere skader.<\/li>\n<\/ul>\n<p class=\"italic ai-disclaimer\" data-lab-italic=\"italic\">Oppsummeringen er laget med kunstig intelligens (KI) fra OpenAI. Innholdet er kvalitetssikret av TV 2s journalister. <a target=\"_blank\" href=\"https:\/\/hjelp.tv2.no\/info\/artikkel\/slik-jobber-vi-med-ki-i-tv-2\" title=\"Les om hvordan vi jobber med KI\" rel=\"nofollow noopener\">Les om hvordan vi jobber med KI<\/a><\/p>\n<p>Har du reflektert over at bilene har vokst ganske kraftig i st\u00f8rrelse de siste \u00e5rene? Det skaper utfordringer p\u00e5 trange steder, som for eksempel parkeringshus.<\/p>\n<p>\u2013 Den norske bilparken har blitt 10-15 centimeter bredere de siste 20 \u00e5rene, men bredden p\u00e5 parkeringsplassene er stort sett den samme, sier Espen Borge, kommunikasjonsr\u00e5dgiver i forsikringsselskapet Tryg.<\/p>\n<p>Mye st\u00f8rre biler\u00a0\u2013 og folk<\/p>\n<p>Opplysningsr\u00e5det for veitrafikken (OFV) har finregnet p\u00e5 hvor mye st\u00f8rre bilene har blitt siden 1992. Den gang var gjennomsnittsbilen 431 centimeter lang og 169 centimeter bred.\u00a0<\/p>\n<p>I 2023 hadde den vokst med 22 centimeter i lengden og 15 centimeter i bredden. Og mange popul\u00e6re SUV-er er dessuten betydelig st\u00f8rre enn snittet.\u00a0<\/p>\n<p>I tillegg har ogs\u00e5 gjennomsnittsnordmannen blitt bredere i perioden, og if\u00f8lge\u00a0<a href=\"https:\/\/pub.norden.org\/nord2025-026\/\" rel=\"nofollow noopener\" target=\"_blank\">denne rapporten<\/a>\u00a0er over halvparten av oss overvektige. Det skaper gjerne ogs\u00e5 noen ekstra utfordringer ved inn- og utstigninger p\u00e5 trange steder. <\/p>\n<p> <a href=\"https:\/\/www.tv2.no\/broom\/sa-stor-er-risikoen-for-a-bli-tatt\/17111502\/\" rel=\"nofollow noopener\" target=\"_blank\">S\u00e5 stor er risikoen for \u00e5 bli tatt<\/a> <\/p>\n<p>        <img class=\"image__img lazyload\" itemprop=\"image\" title=\"Foto: Broom\" alt=\"SM\u00c5BIL F\u00d8R OG N\u00c5: Hyundai Inster er en moderne sm\u00e5bil. Den blir derimot en kjempe sammenlignet med en eldre Fiat 600. Foto: Broom\" width=\"978\" height=\"551\" bad-src=\"https:\/\/www.europesays.com\/no\/wp-content\/uploads\/2026\/01\/18400807.webp.jpeg\" fetchpriority=\"auto\" \/><\/p>\n<p>      SM\u00c5BIL F\u00d8R OG N\u00c5: Hyundai Inster er en moderne sm\u00e5bil. Den blir derimot en kjempe sammenlignet med en eldre Fiat 600.<br \/>\n         Foto: Broom<\/p>\n<p>R\u00e5dyre konsekvenser<\/p>\n<p> Men fortsatt er alts\u00e5 mange parkeringsplasser like brede (eller smale) som de var for flere ti\u00e5r siden. <\/p>\n<p>\u2013 Kombinerer du bredere biler med julestress og stappfulle kj\u00f8pesentre, kan vi garantere at tusenvis f\u00e5r en bulk til jul, sier Borge.<\/p>\n<p>Han har god belegg for p\u00e5standen. De siste ukene f\u00f8r jul i fjor fikk nemlig forsikringsselskapene mer enn 9000 meldinger om bilskader knyttet til parkering. Samlet kostnad: 200 millioner kroner.<\/p>\n<p data-lab-font_weight=\"\"><a href=\"https:\/\/www.tv2.no\/broom\/utviklingen-er-svaert-bekymringsfull\/17725363\/\" rel=\"nofollow noopener\" target=\"_blank\">Dobbelt s\u00e5 mange stikker av:\u00a0 \u2013 Bekymringsfullt<\/a><\/p>\n<p>De fleste misforn\u00f8yde\u00a0 \u2013 men det er h\u00e5p<\/p>\n<p> Kanskje ikke s\u00e5 rart at folk flest mener at parkeringsplassene burde v\u00e6rt mye bredere. I en unders\u00f8kelse som YouGov har utf\u00f8rt for Tryg, kommer det fram at hele 81 prosent er misforn\u00f8yde med dagens bredde. <\/p>\n<p>Heldigvis har det nylig kommet nye anbefalinger fra SINTEF om \u00e5 \u00f8ke bredden p\u00e5 parkeringsplasser fra dagens standard p\u00e5 2,5 meter (som har v\u00e6rt anbefalingen siden 2015) til 2,6 meter\u00a0 \u2013 alts\u00e5 en \u00f8kning p\u00e5 ti centimeter. Anbefalingene gjelder b\u00e5de i parkeringshus og uteparkeringer.<\/p>\n<p>De har ogs\u00e5 kommet med nye anbefalinger om utvidet plass ved s\u00f8yler. Det er nemlig der et stort antall av skadene oppst\u00e5r. Det blir rett og slett ofte for liten plass n\u00e5r man skal man\u00f8vrere bilen inn og ut.<\/p>\n<p><a href=\"https:\/\/www.tv2.no\/broom\/tatt-18-ganger-i-fotoboks-forklaringen-var-spesiell\/18051702\/\" rel=\"nofollow noopener\" target=\"_blank\">Tatt 18 ganger i fotoboks. Forklaringen var spesiell &#8230;<\/a><\/p>\n<p>        <img class=\"image__img lazyload\" itemprop=\"image\" title=\"\" alt=\"H\u00c5P: I fremtiden f\u00e5r du kanskje bedre plass til bilen din. Inntil da vil vi nok fortsett se en del krative l\u00f8sninger for \u00e5 unng\u00e5 probleme ... Illustrasjonsfoto: Broom\" width=\"978\" height=\"551\" bad-src=\"https:\/\/www.europesays.com\/no\/wp-content\/uploads\/2026\/01\/18400882.webp.jpeg\" fetchpriority=\"auto\" \/><\/p>\n<p>      H\u00c5P: I fremtiden f\u00e5r du kanskje bedre plass til bilen din. Inntil da vil vi nok fortsett se en del krative l\u00f8sninger for \u00e5 unng\u00e5 probleme &#8230; Illustrasjonsfoto: Broom<\/p>\n<p>Slik minsker du risikoen<\/p>\n<p>Det kan imidlertid ta tid f\u00f8r dette blir praktisert. Det er dessuten bare anbefalinger, ikke absolutte krav.<\/p>\n<p>Enn s\u00e5 lenge har kommunikasjonsr\u00e5dgiveren i Tryg noen klare oppfordinger i julestresset:<\/p>\n<p> \u2013 Det er ofte litt flere ledige plasser og bedre plass lengst unna inngangspartiet til kj\u00f8pesentrene. I tillegg reduserer du risikoen for at noen andre kommer borti din bil. Og ta gjerne siste innspurt av julehandelen godt ut p\u00e5 kvelden hvis du har tid til det. Det kan spare deg for b\u00e5de en egenandel og d\u00e5rlig julestemning, avslutter han.<\/p>\n<p> <a href=\"https:\/\/www.tv2.no\/broom\/nytt-vapen-mot-rakjorerne\/17342381\/\" rel=\"nofollow noopener\" target=\"_blank\">Nytt v\u00e5pen: Disse kan st\u00e5 hvor som helst<\/a> <\/p>\n<p class=\"bold m-bold\" data-lab-font_weight=\"bold\">Fikk du med deg dette?<\/p>\n<p>    <a class=\"article__link\" data-ga-active-label=\"\" data-ga-active-label-animation=\"\" href=\"https:\/\/www.tv2.no\/broom\/her-er-broom-forst-i-norge\/18126594\/\" rel=\"nofollow noopener\" target=\"_blank\"><\/p>\n<p>    <img class=\"image__img lazyload\" itemprop=\"image\" title=\"\" alt=\"\" width=\"978\" height=\"411\" bad-src=\"https:\/\/www.europesays.com\/no\/wp-content\/uploads\/2026\/01\/18128422.webp.jpeg\" fetchpriority=\"auto\" \/><\/p>\n<p>            Her er Broom f\u00f8rst i Norge<\/p>\n<p>    <\/a><\/p>\n","protected":false},"excerpt":{"rendered":"Saken oppsummert Biler har blitt st\u00f8rre, men parkeringsplassene har ikke fulgt med i utviklingen. Forsikringsselskapene rapporterer om tusenvis&hellip;\n","protected":false},"author":2,"featured_media":137914,"comment_status":"","ping_status":"","sticky":false,"template":"","format":"standard","meta":{"footnotes":""},"categories":[5],"tags":[20,21,24,25,15,19,22,23,17,18,13,30,28,29,14,16,26,27],"class_list":{"0":"post-137913","1":"post","2":"type-post","3":"status-publish","4":"format-standard","5":"has-post-thumbnail","7":"category-overskrifter","8":"tag-breaking-news","9":"tag-breakingnews","10":"tag-featured-news","11":"tag-featurednews","12":"tag-headlines","13":"tag-hovedoppslag","14":"tag-latest-news","15":"tag-latestnews","16":"tag-main-news","17":"tag-mainnews","18":"tag-news","19":"tag-no","20":"tag-norge","21":"tag-norway","22":"tag-nyheter","23":"tag-overskrifter","24":"tag-top-stories","25":"tag-topstories"},"share_on_mastodon":{"url":"https:\/\/pubeurope.com\/@no\/115897978215713130","error":""},"_links":{"self":[{"href":"https:\/\/www.europesays.com\/no\/wp-json\/wp\/v2\/posts\/137913","targetHints":{"allow":["GET"]}}],"collection":[{"href":"https:\/\/www.europesays.com\/no\/wp-json\/wp\/v2\/posts"}],"about":[{"href":"https:\/\/www.europesays.com\/no\/wp-json\/wp\/v2\/types\/post"}],"author":[{"embeddable":true,"href":"https:\/\/www.europesays.com\/no\/wp-json\/wp\/v2\/users\/2"}],"replies":[{"embeddable":true,"href":"https:\/\/www.europesays.com\/no\/wp-json\/wp\/v2\/comments?post=137913"}],"version-history":[{"count":0,"href":"https:\/\/www.europesays.com\/no\/wp-json\/wp\/v2\/posts\/137913\/revisions"}],"wp:featuredmedia":[{"embeddable":true,"href":"https:\/\/www.europesays.com\/no\/wp-json\/wp\/v2\/media\/137914"}],"wp:attachment":[{"href":"https:\/\/www.europesays.com\/no\/wp-json\/wp\/v2\/media?parent=137913"}],"wp:term":[{"taxonomy":"category","embeddable":true,"href":"https:\/\/www.europesays.com\/no\/wp-json\/wp\/v2\/categories?post=137913"},{"taxonomy":"post_tag","embeddable":true,"href":"https:\/\/www.europesays.com\/no\/wp-json\/wp\/v2\/tags?post=137913"}],"curies":[{"name":"wp","href":"https:\/\/api.w.org\/{rel}","templated":true}]}}