{"id":137917,"date":"2026-01-15T07:43:31","date_gmt":"2026-01-15T07:43:31","guid":{"rendered":"https:\/\/www.europesays.com\/no\/137917\/"},"modified":"2026-01-15T07:43:31","modified_gmt":"2026-01-15T07:43:31","slug":"senatet-stemte-mot-innskrenking-av-trumps-evne-til-a-angripe-venezuela","status":"publish","type":"post","link":"https:\/\/www.europesays.com\/no\/137917\/","title":{"rendered":"Senatet stemte mot innskrenking av Trumps evne til \u00e5 angripe Venezuela"},"content":{"rendered":"<p>    Det amerikanske Senatet stanset onsdag et lovforslag som skulle begrense Donald Trump mulighet til \u00e5 utf\u00f8re flere angrep mot Venezuela.<\/p>\n<p>\n        Visepresident J. D: Vance ble tungen p\u00e5 vektsk\u00e5len da Senatet ikke gikk inn for \u00e5 innskrenke president Donald Trumps mulighet til \u00e5 beordre nye angrep p\u00e5 Venezuela.<br \/>\n        Rahmat Gul \/ AP \/ NTB\n    <\/p>\n<p>I forrige uke ble forslaget godkjent av demokratene og fem republikanske utbrytere. Presidenten la deretter press p\u00e5 de fem utbryterne, og ved onsdagens avstemning hadde to av dem gjort det.<\/p>\n<p>Dermed var det 50 stemmer for og 50 stemmer mot. Ved stemmelikhet er det visepresidenten som avgj\u00f8r avstemninger i Senatet, og J.D. Vance s\u00f8rget for at det ikke ble noe av planene om \u00e5 vingestekke presidenten.<\/p>\n<p>Selv om det hadde v\u00e6rt flertall i Senatet, er det lite sannsynlig at vedtaket ville bli st\u00e5ende. F\u00f8r det kunne tre i kraft m\u00e5tte nemlig Trump selv ha signert det. <\/p>\n<p>Avstemningen ble av mange sett p\u00e5 som en m\u00e5te Senatet kunne uttrykke misn\u00f8ye med Trumps angrep mot Venezuela \u2013 som ble gjennomf\u00f8rt uten at Kongressen var spurt om r\u00e5d eller informert p\u00e5 forh\u00e5nd. <\/p>\n","protected":false},"excerpt":{"rendered":"Det amerikanske Senatet stanset onsdag et lovforslag som skulle begrense Donald Trump mulighet til \u00e5 utf\u00f8re flere angrep&hellip;\n","protected":false},"author":2,"featured_media":137918,"comment_status":"","ping_status":"","sticky":false,"template":"","format":"standard","meta":{"footnotes":""},"categories":[12],"tags":[20,21,24,25,15,22,23,13,30,28,29,14,16,26,27,42,43,44,45],"class_list":{"0":"post-137917","1":"post","2":"type-post","3":"status-publish","4":"format-standard","5":"has-post-thumbnail","7":"category-verden","8":"tag-breaking-news","9":"tag-breakingnews","10":"tag-featured-news","11":"tag-featurednews","12":"tag-headlines","13":"tag-latest-news","14":"tag-latestnews","15":"tag-news","16":"tag-no","17":"tag-norge","18":"tag-norway","19":"tag-nyheter","20":"tag-overskrifter","21":"tag-top-stories","22":"tag-topstories","23":"tag-verden","24":"tag-world","25":"tag-world-news","26":"tag-worldnews"},"share_on_mastodon":{"url":"https:\/\/pubeurope.com\/@no\/115897998061538818","error":""},"_links":{"self":[{"href":"https:\/\/www.europesays.com\/no\/wp-json\/wp\/v2\/posts\/137917","targetHints":{"allow":["GET"]}}],"collection":[{"href":"https:\/\/www.europesays.com\/no\/wp-json\/wp\/v2\/posts"}],"about":[{"href":"https:\/\/www.europesays.com\/no\/wp-json\/wp\/v2\/types\/post"}],"author":[{"embeddable":true,"href":"https:\/\/www.europesays.com\/no\/wp-json\/wp\/v2\/users\/2"}],"replies":[{"embeddable":true,"href":"https:\/\/www.europesays.com\/no\/wp-json\/wp\/v2\/comments?post=137917"}],"version-history":[{"count":0,"href":"https:\/\/www.europesays.com\/no\/wp-json\/wp\/v2\/posts\/137917\/revisions"}],"wp:featuredmedia":[{"embeddable":true,"href":"https:\/\/www.europesays.com\/no\/wp-json\/wp\/v2\/media\/137918"}],"wp:attachment":[{"href":"https:\/\/www.europesays.com\/no\/wp-json\/wp\/v2\/media?parent=137917"}],"wp:term":[{"taxonomy":"category","embeddable":true,"href":"https:\/\/www.europesays.com\/no\/wp-json\/wp\/v2\/categories?post=137917"},{"taxonomy":"post_tag","embeddable":true,"href":"https:\/\/www.europesays.com\/no\/wp-json\/wp\/v2\/tags?post=137917"}],"curies":[{"name":"wp","href":"https:\/\/api.w.org\/{rel}","templated":true}]}}