{"id":137921,"date":"2026-01-15T07:46:01","date_gmt":"2026-01-15T07:46:01","guid":{"rendered":"https:\/\/www.europesays.com\/no\/137921\/"},"modified":"2026-01-15T07:46:01","modified_gmt":"2026-01-15T07:46:01","slug":"derfor-ulte-ikke-telefonen-din","status":"publish","type":"post","link":"https:\/\/www.europesays.com\/no\/137921\/","title":{"rendered":"Derfor ulte ikke telefonen din"},"content":{"rendered":"<p class=\"txt-ind\">Varslingspr\u00f8ven gjennomf\u00f8res hvert halv\u00e5r, og det er sjette gang varslingspr\u00f8ven gjennomf\u00f8res p\u00e5 denne m\u00e5ten med n\u00f8dvarsel p\u00e5 telefon.<\/p>\n<p class=\"txt-ind\">Det er Direktoratet for samfunnssikkerhet og beredskap (DSB) som eier og drifter systemet.<\/p>\n<p class=\"txt-ind\">Telefonen skal b\u00e5de vibrere og spille av en h\u00f8y, sirenelignende lyd. I tillegg vil en tekst dukke opp p\u00e5 telefonen. Det er likevel ikke alle som opplever at dette skjer under varslingspr\u00f8ven.<\/p>\n<p class=\"txt-ind\">\u2013 Noen telefoner er for gamle, ikke oppdatert, eller mangler dekning mens varselet er aktivt \u2013 og da kan de ikke motta n\u00f8dvarsel. Derfor er det viktig \u00e5 understreke at n\u00f8dvarsel ikke st\u00e5r alene om \u00e5 varsle befolkningen, skriver direkt\u00f8r Elisabeth Aars\u00e6ther i en e-post til NTB.<\/p>\n<p>DSB mener onsdagens test var vellykket.<\/p>\n<p>\u2013 Testen ble gjennomf\u00f8rt som planlagt, og systemet har fungert som forventet, skriver DSB i en pressemelding.<\/p>\n<p>Estimerer n\u00f8dvarsel hos 97 prosent<\/p>\n<p class=\"txt-ind\">Direkt\u00f8ren forteller at n\u00f8dvarselet p\u00e5 mobil er et supplement til andre m\u00e5ter \u00e5 varsle p\u00e5, som tyfoner, radio, TV og nettmedier.<\/p>\n<p class=\"txt-ind\">\u2013 I tillegg er det viktig at de som faktisk mottar et varsel, deler informasjonen videre til folk rundt seg. Det er slik vi samlet sett n\u00e5r flest mulig, sier Aars\u00e6ther.<\/p>\n<p class=\"txt-ind\">DSB ansl\u00e5r at rundt 97 prosent av mobiltelefonene som er i aktiv bruk i Norge, kan motta n\u00f8dvarsel.<\/p>\n<p class=\"txt-ind\">\u2013 N\u00f8dvarsel sendes ut som et radiosignal via mobilnettet, og for \u00e5 kunne motta varselet m\u00e5 telefonen v\u00e6re p\u00e5skrudd, ha 4G eller 5G-dekning og v\u00e6re oppdatert med riktig programvare, sier hun.<\/p>\n<p>\u00a0<\/p>\n<p>Blitt benyttet flere ganger<\/p>\n<p class=\"txt-ind\">Det er politiet som i fredstid kan sende ut n\u00f8dvarsler. I tillegg er det Sivilforsvaret som i krig kan gj\u00f8re det samme.<\/p>\n<p class=\"txt-ind\">Politiet har benyttet seg av tjenesten flere ganger ved reelle hendelser, hvor det har v\u00e6rt akutt fare for liv og helse, siden systemet ble klart til bruk i 2023.<\/p>\n<p class=\"txt-ind\">Det ble blant annet sendt ut n\u00f8dvarsel til innbyggere i Oppdal kommune da ekstremv\u00e6ret Amy inntraff i oktober. Det ble ogs\u00e5 sendt varsel til beboere i omr\u00e5det rundt Pilestredet i Oslo da en granat eksploderte i september.<\/p>\n<p><a class=\"group clear-both w-full !no-underline my-8 sm:my-12 bg-stone-50 dark:bg-brandStone-700 dark:text-brandNeutral-100\" href=\"https:\/\/www.digi.no\/artikler\/finanstilsynet-frykter-ki-boble\/565517\" rel=\"nofollow noopener\" target=\"_blank\"><\/p>\n<p>Les ogs\u00e5:<\/p>\n<p class=\"group-hover:underline text-brandNeutral-900 dark:text-brandNeutral-100 mt-2 text-base sm:text-xl leading-5 sm:leading-6 font-bold\">Finanstilsynet frykter KI-boble<\/p>\n<p><\/a><\/p>\n","protected":false},"excerpt":{"rendered":"Varslingspr\u00f8ven gjennomf\u00f8res hvert halv\u00e5r, og det er sjette gang varslingspr\u00f8ven gjennomf\u00f8res p\u00e5 denne m\u00e5ten med n\u00f8dvarsel p\u00e5 telefon.&hellip;\n","protected":false},"author":2,"featured_media":137922,"comment_status":"","ping_status":"","sticky":false,"template":"","format":"standard","meta":{"footnotes":""},"categories":[5],"tags":[20,21,24,25,15,19,22,23,17,18,13,30,28,29,14,16,1219,1376,26,27],"class_list":{"0":"post-137921","1":"post","2":"type-post","3":"status-publish","4":"format-standard","5":"has-post-thumbnail","7":"category-overskrifter","8":"tag-breaking-news","9":"tag-breakingnews","10":"tag-featured-news","11":"tag-featurednews","12":"tag-headlines","13":"tag-hovedoppslag","14":"tag-latest-news","15":"tag-latestnews","16":"tag-main-news","17":"tag-mainnews","18":"tag-news","19":"tag-no","20":"tag-norge","21":"tag-norway","22":"tag-nyheter","23":"tag-overskrifter","24":"tag-sikkerhet","25":"tag-telekom","26":"tag-top-stories","27":"tag-topstories"},"share_on_mastodon":{"url":"","error":""},"_links":{"self":[{"href":"https:\/\/www.europesays.com\/no\/wp-json\/wp\/v2\/posts\/137921","targetHints":{"allow":["GET"]}}],"collection":[{"href":"https:\/\/www.europesays.com\/no\/wp-json\/wp\/v2\/posts"}],"about":[{"href":"https:\/\/www.europesays.com\/no\/wp-json\/wp\/v2\/types\/post"}],"author":[{"embeddable":true,"href":"https:\/\/www.europesays.com\/no\/wp-json\/wp\/v2\/users\/2"}],"replies":[{"embeddable":true,"href":"https:\/\/www.europesays.com\/no\/wp-json\/wp\/v2\/comments?post=137921"}],"version-history":[{"count":0,"href":"https:\/\/www.europesays.com\/no\/wp-json\/wp\/v2\/posts\/137921\/revisions"}],"wp:featuredmedia":[{"embeddable":true,"href":"https:\/\/www.europesays.com\/no\/wp-json\/wp\/v2\/media\/137922"}],"wp:attachment":[{"href":"https:\/\/www.europesays.com\/no\/wp-json\/wp\/v2\/media?parent=137921"}],"wp:term":[{"taxonomy":"category","embeddable":true,"href":"https:\/\/www.europesays.com\/no\/wp-json\/wp\/v2\/categories?post=137921"},{"taxonomy":"post_tag","embeddable":true,"href":"https:\/\/www.europesays.com\/no\/wp-json\/wp\/v2\/tags?post=137921"}],"curies":[{"name":"wp","href":"https:\/\/api.w.org\/{rel}","templated":true}]}}