{"id":137923,"date":"2026-01-15T07:51:21","date_gmt":"2026-01-15T07:51:21","guid":{"rendered":"https:\/\/www.europesays.com\/no\/137923\/"},"modified":"2026-01-15T07:51:21","modified_gmt":"2026-01-15T07:51:21","slug":"en-liten-bil-med-stor-sjarm","status":"publish","type":"post","link":"https:\/\/www.europesays.com\/no\/137923\/","title":{"rendered":"En liten bil med stor sjarm"},"content":{"rendered":"<p>\n        EV2 bredder Kias utslippsfrie modellutvalg i Norge, sl\u00e5r Christian Lagaard fast.<\/p>\n<p class=\"kicker tertiary color_mobile_tertiary\" style=\"\">EV2 \u2013 en krympet storbil med mye plass<\/p>\n<p>    Kia EV2 ser ut som en EV9 som er vasket p\u00e5 altfor h\u00f8y temperatur og derfor har krympet s\u00e5 mye at den lett lar seg parkere i trange garasjeanlegg.<\/p>\n<p>\u2013<br \/>\nEn kul bil med mange spennende l\u00f8sninger, fleksibelt baksete og bra rekkevidde,<br \/>\ner den umiddelbare kommentaren til Kias norske kommunikasjonssjef Christian Lagaard<br \/>\nunder avdukingen av Kia EV2 p\u00e5 Brussel Auto Show.<\/p>\n<p>Lagaard<br \/>\nmener B-klassebilen EV2 p\u00e5 grunn av Kias etter hvert sterke merkevare b\u00f8r kunne<br \/>\nappellere til et bredt publikum, b\u00e5de unge, single og godt voksne.<\/p>\n<p>Konkurransesterk<br \/>\nklasse<\/p>\n<p>Momsendringen,<br \/>\nb\u00e5de den nylig gjennomf\u00f8rte og de to neste trappetrinnene som kommer, kan gj\u00f8re<br \/>\nde mindre bilene mer attraktive.<\/p>\n<p>\u2013<br \/>\nJa, fordi de st\u00f8rre bilene blir dyrere og ja, fordi de sm\u00e5 bilene stadig blir<br \/>\nbedre. Alt dette er med og styrker Kia, mener Lagaard.<\/p>\n<p>Den<br \/>\n4,06 meter lange karaktersterke sjarm\u00f8ren formgitt som en krympet utgave av<br \/>\ndigre EV9 vil v\u00e6re viktig for Kias videre vekst ved at den bredder det utslippsfrie<br \/>\nmodellprogrammet.\u00a0<\/p>\n<p>Selv om prisene enn\u00e5 ikke er klare, er det \u00e5 h\u00e5pe at<br \/>\nstartprisen med minste batteri kryper godt under momsgrensen p\u00e5 300\u00a0000 kroner.<br \/>\nDet m\u00e5 den for sm\u00e5bilklassen best\u00e5r fra 2026 av s\u00e5 mange valgmuligheter at uten<br \/>\nb\u00e5de \u00e5 ha god pris og attraktive l\u00f8sninger blir det vanskelig \u00e5 bygge volum. Her<br \/>\ner MG sterke, Renault 4 ligger i dette prisleiet, Nissan Micra, Fiat Grande Panda<br \/>\nog Citro\u00ebn C3 Aircross koster pluss\/minus rundt 250\u00a0000 kroner. Og ikke minst<br \/>\nlanserer VW-konsernet hele fire modeller dette \u00e5ret. VW ID. Polo, VW ID. Cross, Cupra<br \/>\nRaval og Skoda Epiq vil alle v\u00e6re EV2-konkurrenter.<\/p>\n<p>                <img decoding=\"async\" src=\"https:\/\/www.europesays.com\/no\/wp-content\/uploads\/2026\/01\/4158142.webp.jpeg\" width=\"480\" height=\"274\" title=\"De f\u00f8rste eksemplarene av EV2 kommer i l\u00f8pet av v\u00e5ren.\" alt=\"\" loading=\"lazy\" style=\"\"\/><\/p>\n<p>\n            De f\u00f8rste eksemplarene av EV2 kommer i l\u00f8pet av v\u00e5ren.<\/p>\n<p>Fleksibilitet<\/p>\n<p>Attraktive<br \/>\nl\u00f8sninger og mye plass mangler ikke i EV2. Men best fleksibilitet inne i bilen forutsetter<br \/>\navkryssing for fire seters konfigurasjon med to individuelle stoler bak framfor<br \/>\nbenkesete med d\u00e5rlig plass til tre. Med de to setene i bakre posisjon, de kan<br \/>\njusteres 15 cm, g\u00e5r det virkelig an \u00e5 strekke p\u00e5 beina. Samtidig gir god<br \/>\nsitteh\u00f8yde over gulvet og spesielt god takh\u00f8yde fordi den lille SUV-en rager<br \/>\nhele 1,58 meter over asfalten at det er trivelig \u00e5 v\u00e6re passasjer.<\/p>\n<p>Baksetefleksibiliteten<br \/>\ngj\u00f8r det ogs\u00e5 mulig \u00e5 utvide bagasjerommet fra 362 til 403 liter. Volumet er<br \/>\nbra om ikke best i klassen. En liten frunk p\u00e5 15 liter er stor nok til ladekabelen<br \/>\nog en pose spylerv\u00e6ske. Tilhenger med inntil 750 kg vekt trekker EV2 ogs\u00e5.<\/p>\n<p>                <img decoding=\"async\" src=\"https:\/\/www.europesays.com\/no\/wp-content\/uploads\/2026\/01\/4158145.webp.jpeg\" width=\"480\" height=\"274\" title=\"De individuelle setene kan justeres 15 centimeter.\" alt=\"\" loading=\"lazy\" style=\"\"\/><\/p>\n<p>\n            De individuelle setene kan justeres 15 centimeter.<\/p>\n<p>Produseres<br \/>\ni Europa<\/p>\n<p>Kia<br \/>\ngjorde i forbindelse med lanseringen et ikke ubetydelig nummer av at EV2 b\u00e5de er<br \/>\nutviklet spesielt med tanke p\u00e5 europeiske behov, men at den ogs\u00e5 skal bygges i<br \/>\nEuropa, i Slovakia, med produksjonsstart i februar.<\/p>\n<p>Dessverre<br \/>\nkommer varianten med det minste batteriet og enkleste utstyrspakke f\u00f8rst. 42,2<br \/>\nkWt holder til 317 WLTP-kilometer. Long Range varianten med 61,0 kWt<br \/>\nbatteripakke og 448 km oppgitte rekkeviddekilometer g\u00e5r f\u00f8rst i produksjon utp\u00e5<br \/>\nsommeren. Det samme gjelder varianten med attraktiv GT-Line utstyrspakke hvilket<br \/>\nbetyr at kombinasjonen av lang rekkevidde og GT Line-innpakket f\u00f8rst vil v\u00e6re tilgjengelig<br \/>\nutp\u00e5 h\u00f8sten.<\/p>\n<p>                <img decoding=\"async\" src=\"https:\/\/www.europesays.com\/no\/wp-content\/uploads\/2026\/01\/4158143.webp.jpeg\" width=\"480\" height=\"274\" title=\"Tredelt skjermbilde.\" alt=\"\" loading=\"lazy\" style=\"\"\/><\/p>\n<p>\n            Tredelt skjermbilde.<\/p>\n<p>Bare<br \/>\nforhjulsdrift<\/p>\n<p>I<br \/>\nl\u00f8pet av kort tid blir flere tohjulsdrevne Kia-modeller ogs\u00e5 tilgjengelig med firehjulstrekk.<br \/>\nDet skjer ikke med urbane EV2 som kun er planlagt med forhjulsdrevet og 400-volts<br \/>\narkitektur som gir hurtiglading fra 10 \u2013 80 prosent batterikapasitet p\u00e5 30<br \/>\nminutter. AC-lading hjemme med inntil 22 kW gjelder begge batterist\u00f8rrelsene.<br \/>\nEV2 er dessuten klargjort for V2L via adapter og den kan levere str\u00f8m til huset<br \/>\n(V2G) om det elnettet kan ta imot.<\/p>\n<p class=\"font-weight-bold m-font-weight-bold\" data-lab-font_weight=\"font-weight-bold\">\u2013<br \/>\nTrenger virkelig tre av fire bilkj\u00f8pere firehjulsdrift, sp\u00f8r Lagaard ettertenksomt<br \/>\nog legger til at tohjulsdrevne EV3 b\u00e5de var Kias og import\u00f8r Bertel O. Steens<br \/>\nmest solgte bilmodell i fjor.<\/p>\n<p>Ofte<br \/>\nkniper det p\u00e5 f\u00f8rerassistentteknologi i sm\u00e5 biler. De gjelder ikke EV2. S\u00e5 vi<br \/>\nlister opp:<\/p>\n<p>* Highway<br \/>\nDriving Assist 2<br \/>* Front Collision Avoidance<br \/>\nAssist 2.0<br \/>* Smart Cruise<br \/>\nControl 2<br \/>* Blind-spot<br \/>\nView Monitor<br \/>* Surround View<br \/>\nMonitor<br \/>* Remote Smart<br \/>\nParking Assist Entry<br \/>* Full Kia-app-integrasjon<br \/>* Digital Key (NFC, Bluetooth og UWB)<br \/>* OTA-oppdateringer<br \/>* \u00c5tte h\u00f8yttalers Harman\/Kardon-anlegg er tilgjengelig<\/p>\n<p>Ogs\u00e5 Kia har f\u00e5tt med seg at funksjonsknapper og hurtigvalg for skjermmenyene<br \/>\ner p\u00e5 vei tilbake p\u00e5 dashbordet. EV2 har i tillegg omfattende<br \/>\nfunksjonsstyring via rattet for menyene p\u00e5 det tredelte skjermbildet. Varme i<br \/>\nrattet og setene styres via knapper i d\u00f8rpanelene.<\/p>\n<p>En liten og hyggelig detalj til slutt: inne i d\u00f8rh\u00e5ndtakene st\u00e5r skrevet<br \/>\n\u00abHAVE A NICE DAY\u00bb. Med sju \u00e5rs garanti som Kia har hatt i mange \u00e5r ligger det<br \/>\ntil rette for at dagene i EV2 kan bli gode.<\/p>\n<p>    Kia EV2 Standard\/Long Range<\/p>\n<tr>\n<td>Pris fra<\/td>\n<td>Ikke klar<\/td>\n<\/tr>\n<tr>\n<td>Motortype<\/td>\n<td>El\/147\/137 hk<\/td>\n<\/tr>\n<tr>\n<td>Drivlinje<\/td>\n<td>1A, forhjulsdrift<\/td>\n<\/tr>\n<tr>\n<td>0-100 km\/t<\/td>\n<td>8,6 sekunder<\/td>\n<\/tr>\n<tr>\n<td>Toppfart<\/td>\n<td>160 km\/t<\/td>\n<\/tr>\n<tr>\n<td>Batteri<\/td>\n<td>42,2\/61,0 kWt<\/td>\n<\/tr>\n<tr>\n<td>Lading DC\/AC<\/td>\n<td>ukjent\/22 kW<\/td>\n<\/tr>\n<tr>\n<td>Ladefart 10-80%<\/td>\n<td>29-30 min<\/td>\n<\/tr>\n<tr>\n<td>Str\u00f8mforbruk<\/td>\n<td>Ikke kjent<\/td>\n<\/tr>\n<tr>\n<td>Rekkevidde (WLTP)<\/td>\n<td>317\/448 km<\/td>\n<\/tr>\n<tr>\n<td>V2L\/V2G\/230V<\/td>\n<td>Ja<\/td>\n<\/tr>\n<tr>\n<td>Dimensjoner (L\/B\/H)<\/td>\n<td>406\/180\/158 cm<\/td>\n<\/tr>\n<tr>\n<td>Akselavstand<\/td>\n<td>256 cm<\/td>\n<\/tr>\n<tr>\n<td>Bilvekt<\/td>\n<td>Ikke kjent<\/td>\n<\/tr>\n<tr>\n<td>Nyttelast<\/td>\n<td>Ikke kjent<\/td>\n<\/tr>\n<tr>\n<td>Bakkeklaring<\/td>\n<td>Ikke kjent<\/td>\n<\/tr>\n<tr>\n<td>Tilhengervekt<\/td>\n<td>750 kg<\/td>\n<\/tr>\n<tr>\n<td>Bagasjerom foran<\/td>\n<td>15 liter<\/td>\n<\/tr>\n<tr>\n<td>Bagasjerom bak (4\/5 seter)<\/td>\n<td>403\/362 liter<\/td>\n<\/tr>\n<tr>\n<td>Garanti\/km<\/td>\n<td>7 \u00e5r\/150 000 km<\/td>\n<\/tr>\n<tr>\n<td>Milj\u00f8klasse<\/td>\n<td>A<\/td>\n<\/tr>\n<tr>\n<td>Euro NCAP<\/td>\n<td>Ikke testet<\/td>\n<\/tr>\n<tr>\n<td>Kilde: Produsent<\/td>\n<td\/><\/tr>\n<p>\u00a0<\/p>\n","protected":false},"excerpt":{"rendered":"EV2 bredder Kias utslippsfrie modellutvalg i Norge, sl\u00e5r Christian Lagaard fast. EV2 \u2013 en krympet storbil med mye&hellip;\n","protected":false},"author":2,"featured_media":137924,"comment_status":"","ping_status":"","sticky":false,"template":"","format":"standard","meta":{"footnotes":""},"categories":[56],"tags":[60,61,62,30,28,29],"class_list":{"0":"post-137923","1":"post","2":"type-post","3":"status-publish","4":"format-standard","5":"has-post-thumbnail","7":"category-naeringsliv","8":"tag-business","9":"tag-economy","10":"tag-naeringsliv","11":"tag-no","12":"tag-norge","13":"tag-norway"},"share_on_mastodon":{"url":"https:\/\/pubeurope.com\/@no\/115898029591605378","error":""},"_links":{"self":[{"href":"https:\/\/www.europesays.com\/no\/wp-json\/wp\/v2\/posts\/137923","targetHints":{"allow":["GET"]}}],"collection":[{"href":"https:\/\/www.europesays.com\/no\/wp-json\/wp\/v2\/posts"}],"about":[{"href":"https:\/\/www.europesays.com\/no\/wp-json\/wp\/v2\/types\/post"}],"author":[{"embeddable":true,"href":"https:\/\/www.europesays.com\/no\/wp-json\/wp\/v2\/users\/2"}],"replies":[{"embeddable":true,"href":"https:\/\/www.europesays.com\/no\/wp-json\/wp\/v2\/comments?post=137923"}],"version-history":[{"count":0,"href":"https:\/\/www.europesays.com\/no\/wp-json\/wp\/v2\/posts\/137923\/revisions"}],"wp:featuredmedia":[{"embeddable":true,"href":"https:\/\/www.europesays.com\/no\/wp-json\/wp\/v2\/media\/137924"}],"wp:attachment":[{"href":"https:\/\/www.europesays.com\/no\/wp-json\/wp\/v2\/media?parent=137923"}],"wp:term":[{"taxonomy":"category","embeddable":true,"href":"https:\/\/www.europesays.com\/no\/wp-json\/wp\/v2\/categories?post=137923"},{"taxonomy":"post_tag","embeddable":true,"href":"https:\/\/www.europesays.com\/no\/wp-json\/wp\/v2\/tags?post=137923"}],"curies":[{"name":"wp","href":"https:\/\/api.w.org\/{rel}","templated":true}]}}