{"id":137931,"date":"2026-01-15T07:59:06","date_gmt":"2026-01-15T07:59:06","guid":{"rendered":"https:\/\/www.europesays.com\/no\/137931\/"},"modified":"2026-01-15T07:59:06","modified_gmt":"2026-01-15T07:59:06","slug":"statsministerens-hoye-spill-takaichi-utlyser-nyvalg-midt-i-markedsrally","status":"publish","type":"post","link":"https:\/\/www.europesays.com\/no\/137931\/","title":{"rendered":"Statsministerens h\u00f8ye spill \u2013 Takaichi utlyser nyvalg midt i markedsrally"},"content":{"rendered":"<p class=\"lead dn-text-entity lead\" role=\"paragraph\">Japans statsminister Sanae Takaichi satser alt p\u00e5 et lynvalg i februar for \u00e5 sikre maktbasen. Valutamarkedet svarer med \u00e5 sende yenen ned og statsrentene opp. Investorer posisjonerer seg for \u00abSanaenomics 2.0\u00bb.<\/p>\n<p>Japans statsminister Sanae Takaichi forbereder seg p\u00e5 lynvalg. Fire m\u00e5neder etter hun inntok statsministerkontoret har hun h\u00f8y oppslutning p\u00e5 meningsm\u00e5lingene og Tokyo-b\u00f8rsen har satt en ny rekord.<\/p>\n<p>Foto: Yuichi Yamazaki\/AFP\/NTB<\/p>\n","protected":false},"excerpt":{"rendered":"Japans statsminister Sanae Takaichi satser alt p\u00e5 et lynvalg i februar for \u00e5 sikre maktbasen. Valutamarkedet svarer med&hellip;\n","protected":false},"author":2,"featured_media":137932,"comment_status":"","ping_status":"","sticky":false,"template":"","format":"standard","meta":{"footnotes":""},"categories":[56],"tags":[60,61,62,30,28,29],"class_list":{"0":"post-137931","1":"post","2":"type-post","3":"status-publish","4":"format-standard","5":"has-post-thumbnail","7":"category-naeringsliv","8":"tag-business","9":"tag-economy","10":"tag-naeringsliv","11":"tag-no","12":"tag-norge","13":"tag-norway"},"share_on_mastodon":{"url":"https:\/\/pubeurope.com\/@no\/115898060905330542","error":""},"_links":{"self":[{"href":"https:\/\/www.europesays.com\/no\/wp-json\/wp\/v2\/posts\/137931","targetHints":{"allow":["GET"]}}],"collection":[{"href":"https:\/\/www.europesays.com\/no\/wp-json\/wp\/v2\/posts"}],"about":[{"href":"https:\/\/www.europesays.com\/no\/wp-json\/wp\/v2\/types\/post"}],"author":[{"embeddable":true,"href":"https:\/\/www.europesays.com\/no\/wp-json\/wp\/v2\/users\/2"}],"replies":[{"embeddable":true,"href":"https:\/\/www.europesays.com\/no\/wp-json\/wp\/v2\/comments?post=137931"}],"version-history":[{"count":0,"href":"https:\/\/www.europesays.com\/no\/wp-json\/wp\/v2\/posts\/137931\/revisions"}],"wp:featuredmedia":[{"embeddable":true,"href":"https:\/\/www.europesays.com\/no\/wp-json\/wp\/v2\/media\/137932"}],"wp:attachment":[{"href":"https:\/\/www.europesays.com\/no\/wp-json\/wp\/v2\/media?parent=137931"}],"wp:term":[{"taxonomy":"category","embeddable":true,"href":"https:\/\/www.europesays.com\/no\/wp-json\/wp\/v2\/categories?post=137931"},{"taxonomy":"post_tag","embeddable":true,"href":"https:\/\/www.europesays.com\/no\/wp-json\/wp\/v2\/tags?post=137931"}],"curies":[{"name":"wp","href":"https:\/\/api.w.org\/{rel}","templated":true}]}}